{"id":88204,"date":"2016-12-21T14:19:04","date_gmt":"2016-12-21T13:19:04","guid":{"rendered":"http:\/\/gazdasagportal.hu\/?p=88204"},"modified":"2016-12-21T14:19:04","modified_gmt":"2016-12-21T13:19:04","slug":"egy-sziriai-iszlamista-koalicio-vallalta-magara-az-orosz-nagykovet-meggyilkolasat","status":"publish","type":"post","link":"https:\/\/gazdasagportal.hu\/index.php\/egy-sziriai-iszlamista-koalicio-vallalta-magara-az-orosz-nagykovet-meggyilkolasat\/","title":{"rendered":"Egy sz\u00edriai iszlamista koal\u00edci\u00f3 v\u00e1llalta mag\u00e1ra az orosz nagyk\u00f6vet meggyilkol\u00e1s\u00e1t"},"content":{"rendered":"<p><strong>A Dzsais al-Fatah sz\u00edriai iszlamista koal\u00edci\u00f3 jelentkezett az Andrej Karlov ankarai orosz nagyk\u00f6vet elleni mer\u00e9nylet elk\u00f6vet\u0151jek\u00e9nt &#8211; jelentette a TASZSZ orosz \u00e1llami h\u00edr\u00fcgyn\u00f6ks\u00e9g szerd\u00e1n az asz-Szumarija p\u00e1narab telev\u00edzi\u00f3ra hivatkozva.<\/strong><!--more--><\/p>\n<div class=\"ads-in-post1\"><div id=\"gazdasagportal.hu_fullbanner_wideboard\"><\/div>\r\n<\/div>\n<p>    Hasonl\u00f3 \u00e9rtes\u00fcl\u00e9s jelent meg a t\u00f6r\u00f6k m\u00e9di\u00e1ban is, az ISNA ir\u00e1ni h\u00edr\u00fcgyn\u00f6ks\u00e9get jel\u00f6lve meg forr\u00e1sul.<br \/>\n     Az orosz misszi\u00f3vezet\u0151t h\u00e9tf\u0151n l\u0151tte agyon egy t\u00f6r\u00f6k rend\u0151r, Mevl\u00fct Mert Altintas. A mer\u00e9nyl\u0151t a t\u00f6r\u00f6k biztons\u00e1gi emberek lel\u0151tt\u00e9k. Az orosz k\u00fcl\u00fcgyminiszt\u00e9rium terrort\u00e1mad\u00e1snak min\u0151s\u00edtette a gyilkoss\u00e1got az orosz Nyomoz\u00f3 Bizotts\u00e1g (SZK) pedig b\u00fcntet\u0151elj\u00e1r\u00e1st ind\u00edtott az \u00fcgyben. Ankar\u00e1ban kedden orosz szak\u00e9rt\u0151k kapcsol\u00f3dtak be a vizsg\u00e1latba.<br \/>\n    A Dzsais al-Fatah \u00e1ll\u00edt\u00f3lagos felel\u0151ss\u00e9g\u00e9r\u0151l sz\u00f3l\u00f3 m\u00e9diainform\u00e1ci\u00f3k megjelen\u00e9se el\u0151tt Dmitrij Peszkov orosz eln\u00f6ki sz\u00f3viv\u0151 kijelentette: korai m\u00e9g kimondani, hogy ki \u00e1ll a gyilkoss\u00e1g m\u00f6g\u00f6tt. Mint mondta, a Kreml a k\u00f6z\u00f6s nyomoz\u00f3csoportt\u00f3l v\u00e1rja a tettesek megnevez\u00e9s\u00e9t.<br \/>\n    Az egy\u00e9bk\u00e9nt t\u00f6r\u00f6k\u00fcl is besz\u00e9l\u0151 Peszkov a jelek szerint ekk\u00e9nt hat\u00e1rol\u00f3dott el Ankara azon v\u00e9lhet\u0151 t\u00f6rekv\u00e9s\u00e9t\u0151l, hogy a gyan\u00fat Fethullah G\u00fclen muzulm\u00e1n hitsz\u00f3nokra terelje. A t\u00f6r\u00f6k vezet\u00e9s szerint G\u00fclen \u00e1llt a Recep Tayyip Erdogan t\u00f6r\u00f6k eln\u00f6k ellen j\u00faliusban megk\u00eds\u00e9relt katonai puccs m\u00f6g\u00f6tt is.<br \/>\n    Az Egyes\u00fclt \u00c1llamokban \u00e9l\u0151 hitsz\u00f3nok mindk\u00e9t v\u00e1dat elutas\u00edtotta.<br \/>\n    A Kreml sz\u00f3viv\u0151je elmondta, hogy Vlagyimir Putyin eln\u00f6k cs\u00fct\u00f6rt\u00f6k\u00f6n r\u00e9szt vesz majd Andrej Karlov nagyk\u00f6vet temet\u00e9s\u00e9n, emiatt p\u00e9ntekre halasztja az egy nappal el\u0151bbre tervezett hagyom\u00e1nyos \u00e9vz\u00e1r\u00f3 nemzetk\u00f6zi sajt\u00f3\u00e9rtekezlet\u00e9t. Putyin az Oroszorsz\u00e1g H\u0151se posztumusz c\u00edmet adom\u00e1nyozta a diplomat\u00e1nak.<br \/>\n    Andrej Karlov kopors\u00f3j\u00e1t egy\u00e9bk\u00e9nt kedd este, katonai tiszteletad\u00e1s keret\u00e9ben Szergej Lavrov orosz \u00e9s Mevl\u00fct Cavusoglu t\u00f6r\u00f6k k\u00fcl\u00fcgyminiszter fogadta Moszkv\u00e1ban.(MTI)<\/p>\n","protected":false},"excerpt":{"rendered":"<p>A Dzsais al-Fatah sz\u00edriai iszlamista koal\u00edci\u00f3 jelentkezett az Andrej Karlov ankarai orosz nagyk\u00f6vet elleni mer\u00e9nylet elk\u00f6vet\u0151jek\u00e9nt &#8211; jelentette a TASZSZ orosz \u00e1llami h\u00edr\u00fcgyn\u00f6ks\u00e9g szerd\u00e1n az asz-Szumarija p\u00e1narab telev\u00edzi\u00f3ra hivatkozva.<\/p>\n","protected":false},"author":1,"featured_media":0,"comment_status":"open","ping_status":"closed","sticky":false,"template":"","format":"standard","meta":[],"categories":[16],"tags":[],"_links":{"self":[{"href":"https:\/\/gazdasagportal.hu\/index.php\/wp-json\/wp\/v2\/posts\/88204"}],"collection":[{"href":"https:\/\/gazdasagportal.hu\/index.php\/wp-json\/wp\/v2\/posts"}],"about":[{"href":"https:\/\/gazdasagportal.hu\/index.php\/wp-json\/wp\/v2\/types\/post"}],"author":[{"embeddable":true,"href":"https:\/\/gazdasagportal.hu\/index.php\/wp-json\/wp\/v2\/users\/1"}],"replies":[{"embeddable":true,"href":"https:\/\/gazdasagportal.hu\/index.php\/wp-json\/wp\/v2\/comments?post=88204"}],"version-history":[{"count":1,"href":"https:\/\/gazdasagportal.hu\/index.php\/wp-json\/wp\/v2\/posts\/88204\/revisions"}],"predecessor-version":[{"id":88205,"href":"https:\/\/gazdasagportal.hu\/index.php\/wp-json\/wp\/v2\/posts\/88204\/revisions\/88205"}],"wp:attachment":[{"href":"https:\/\/gazdasagportal.hu\/index.php\/wp-json\/wp\/v2\/media?parent=88204"}],"wp:term":[{"taxonomy":"category","embeddable":true,"href":"https:\/\/gazdasagportal.hu\/index.php\/wp-json\/wp\/v2\/categories?post=88204"},{"taxonomy":"post_tag","embeddable":true,"href":"https:\/\/gazdasagportal.hu\/index.php\/wp-json\/wp\/v2\/tags?post=88204"}],"curies":[{"name":"wp","href":"https:\/\/api.w.org\/{rel}","templated":true}]}}