{"id":88196,"date":"2016-12-21T10:57:30","date_gmt":"2016-12-21T09:57:30","guid":{"rendered":"http:\/\/gazdasagportal.hu\/?p=88196"},"modified":"2016-12-21T10:57:30","modified_gmt":"2016-12-21T09:57:30","slug":"berlini-merenylet-a-magyar-nagykovetseg-hivatalos-tajekoztatast-ker-az-aldozatok-allampolgarsagarol","status":"publish","type":"post","link":"https:\/\/gazdasagportal.hu\/index.php\/berlini-merenylet-a-magyar-nagykovetseg-hivatalos-tajekoztatast-ker-az-aldozatok-allampolgarsagarol\/","title":{"rendered":"Berlini mer\u00e9nylet &#8211; A magyar nagyk\u00f6vets\u00e9g hivatalos t\u00e1j\u00e9koztat\u00e1st k\u00e9r az \u00e1ldozatok \u00e1llampolg\u00e1rs\u00e1g\u00e1r\u00f3l"},"content":{"rendered":"<p><strong>A berlini magyar nagyk\u00f6vets\u00e9g szerda d\u00e9lel\u0151tt hivatalos jegyz\u00e9kben k\u00e9r t\u00e1j\u00e9koztat\u00e1st a n\u00e9met f\u0151v\u00e1rosban h\u00e9tf\u0151n elk\u00f6vetett mer\u00e9nylet \u00e1ldozatainak \u00e9s s\u00e9r\u00fcltjeinek \u00e1llampolg\u00e1rs\u00e1g\u00e1r\u00f3l &#8211; k\u00f6z\u00f6lte a K\u00fclgazdas\u00e1gi \u00e9s K\u00fcl\u00fcgyminiszt\u00e9rium sajt\u00f3f\u0151n\u00f6ke az MTI-vel.<\/strong><!--more--><\/p>\n<div class=\"ads-in-post1\"><div id=\"gazdasagportal.hu_fullbanner_wideboard\"><\/div>\r\n<\/div>\n<p>    Menczer Tam\u00e1s k\u00f6zlem\u00e9ny\u00e9ben azt \u00edrta: a berlini magyar nagyk\u00f6vets\u00e9g folyamatosan kapcsolatban van a n\u00e9met rend\u0151rs\u00e9ggel, amely mostan\u00e1ig csak annyit k\u00f6z\u00f6lt, hogy az \u00e1ldozatok k\u00f6z\u00fcl hatan n\u00e9met \u00e1llampolg\u00e1rok. &#8222;V\u00e1ratlan \u00e9s nehezen \u00e9rthet\u0151 m\u00f3don&#8221; a tov\u00e1bbi \u00e1ldozatok \u00e9s s\u00e9r\u00fcltek \u00e1llampolg\u00e1rs\u00e1g\u00e1val kapcsolatban a rend\u0151rs\u00e9g eddig nem adott inform\u00e1ci\u00f3t &#8211; fogalmazott.<br \/>\n    T\u00e1j\u00e9koztat\u00e1sa szerint a nagyk\u00f6vets\u00e9g \u00fcgyeleti sz\u00e1m\u00e1ra \u00e9rkez\u0151 bejelent\u00e9sek k\u00f6z\u00fcl egy esetben kider\u00fclt, hogy a keresett ember k\u00f6nnyebben megs\u00e9r\u00fclt, de elhagyhatta a k\u00f3rh\u00e1zat. A t\u00f6bbiekr\u0151l, akiket kerestek, megtudt\u00e1k, hogy nem voltak a kar\u00e1csonyi v\u00e1s\u00e1rban.<br \/>\n    H\u00e9tf\u0151 este Berlin nyugati r\u00e9sz\u00e9nek k\u00f6zpontj\u00e1ban, az egyik legh\u00edresebb kar\u00e1csonyi v\u00e1s\u00e1ron egy teheraut\u00f3 beleg\u00e1zolt a t\u00f6megbe, tizenketten meghaltak, csaknem f\u00e9lsz\u00e1zan megs\u00e9r\u00fcltek, t\u00f6bben s\u00falyosan.<br \/>\n    Menczer Tam\u00e1s keddi k\u00f6zl\u00e9se szerint a berlini magyar nagyk\u00f6vets\u00e9g \u00fcgyeleti telefonsz\u00e1m\u00e1n h\u00e1rman jelezt\u00e9k, hogy nem tal\u00e1lj\u00e1k rokonukat.(MTI)<\/p>\n","protected":false},"excerpt":{"rendered":"<p>A berlini magyar nagyk\u00f6vets\u00e9g szerda d\u00e9lel\u0151tt hivatalos jegyz\u00e9kben k\u00e9r t\u00e1j\u00e9koztat\u00e1st a n\u00e9met f\u0151v\u00e1rosban h\u00e9tf\u0151n elk\u00f6vetett mer\u00e9nylet \u00e1ldozatainak \u00e9s s\u00e9r\u00fcltjeinek \u00e1llampolg\u00e1rs\u00e1g\u00e1r\u00f3l &#8211; k\u00f6z\u00f6lte a K\u00fclgazdas\u00e1gi \u00e9s K\u00fcl\u00fcgyminiszt\u00e9rium sajt\u00f3f\u0151n\u00f6ke az MTI-vel.<\/p>\n","protected":false},"author":1,"featured_media":0,"comment_status":"open","ping_status":"closed","sticky":false,"template":"","format":"standard","meta":[],"categories":[4,12],"tags":[],"_links":{"self":[{"href":"https:\/\/gazdasagportal.hu\/index.php\/wp-json\/wp\/v2\/posts\/88196"}],"collection":[{"href":"https:\/\/gazdasagportal.hu\/index.php\/wp-json\/wp\/v2\/posts"}],"about":[{"href":"https:\/\/gazdasagportal.hu\/index.php\/wp-json\/wp\/v2\/types\/post"}],"author":[{"embeddable":true,"href":"https:\/\/gazdasagportal.hu\/index.php\/wp-json\/wp\/v2\/users\/1"}],"replies":[{"embeddable":true,"href":"https:\/\/gazdasagportal.hu\/index.php\/wp-json\/wp\/v2\/comments?post=88196"}],"version-history":[{"count":1,"href":"https:\/\/gazdasagportal.hu\/index.php\/wp-json\/wp\/v2\/posts\/88196\/revisions"}],"predecessor-version":[{"id":88197,"href":"https:\/\/gazdasagportal.hu\/index.php\/wp-json\/wp\/v2\/posts\/88196\/revisions\/88197"}],"wp:attachment":[{"href":"https:\/\/gazdasagportal.hu\/index.php\/wp-json\/wp\/v2\/media?parent=88196"}],"wp:term":[{"taxonomy":"category","embeddable":true,"href":"https:\/\/gazdasagportal.hu\/index.php\/wp-json\/wp\/v2\/categories?post=88196"},{"taxonomy":"post_tag","embeddable":true,"href":"https:\/\/gazdasagportal.hu\/index.php\/wp-json\/wp\/v2\/tags?post=88196"}],"curies":[{"name":"wp","href":"https:\/\/api.w.org\/{rel}","templated":true}]}}