{"id":88107,"date":"2016-12-19T16:38:22","date_gmt":"2016-12-19T15:38:22","guid":{"rendered":"http:\/\/gazdasagportal.hu\/?p=88107"},"modified":"2016-12-19T16:38:22","modified_gmt":"2016-12-19T15:38:22","slug":"bunosnek-mondta-ki-hanyagsag-vadjaban-az-imf-vezert-egy-francia-birosag-de-mentesitette-a-buntetes-alol","status":"publish","type":"post","link":"https:\/\/gazdasagportal.hu\/index.php\/bunosnek-mondta-ki-hanyagsag-vadjaban-az-imf-vezert-egy-francia-birosag-de-mentesitette-a-buntetes-alol\/","title":{"rendered":"B\u0171n\u00f6snek mondta ki hanyags\u00e1g v\u00e1dj\u00e1ban az IMF-vez\u00e9rt egy francia b\u00edr\u00f3s\u00e1g, de mentes\u00edtette a b\u00fcntet\u00e9s al\u00f3l"},"content":{"rendered":"<p><strong>B\u0171n\u00f6snek mondta ki a &#8222;hanyags\u00e1g&#8221; v\u00e1dj\u00e1ban Christine Lagarde-t, a Nemzetk\u00f6zi Valutaalap (IMF) f\u0151igazgat\u00f3j\u00e1t, volt francia gazdas\u00e1gi \u00e9s p\u00e9nz\u00fcgyminisztert h\u00e9tf\u0151n az illet\u00e9kes francia b\u00edr\u00f3s\u00e1g a Bernard Tapie \u00fczletembernek 2008-ban ny\u00fajtott nagy \u00f6sszeg\u0171 k\u00e1rtalan\u00edt\u00e1s \u00fcgy\u00e9ben, de mentes\u00edtette a b\u00fcntet\u00e9s al\u00f3l.<\/strong><!--more--><\/p>\n<div class=\"ads-in-post1\"><div id=\"gazdasagportal.hu_fullbanner_wideboard\"><\/div>\r\n<\/div>\n<p>    A miniszteri rang\u00fa politikusok \u00fcgyeivel foglalkoz\u00f3 francia k\u00f6zt\u00e1rsas\u00e1gi b\u00edr\u00f3s\u00e1g (CJR) 2014 augusztusban ind\u00edtott el\u0151zetes elj\u00e1r\u00e1st az IMF-f\u0151igazgat\u00f3ja ellen az Adidas sportszergy\u00e1rt\u00f3 c\u00e9g elad\u00e1sa k\u00f6r\u00fcli, az \u00e1llamot megk\u00e1ros\u00edt\u00f3 sz\u00f6vev\u00e9nyes k\u00e1rt\u00e9r\u00edt\u00e9si \u00fcgyben, amelyben az \u00e1llam 403 milli\u00f3 eur\u00f3 (126 milli\u00e1rd forint) k\u00e1rt\u00e9r\u00edt\u00e9st fizetett Tapie-nak, a c\u00e9g kor\u00e1bbi tulajdonos\u00e1nak.<br \/>\n    A p\u00e1rizsi fellebbviteli b\u00edr\u00f3s\u00e1g tavaly \u00fagy d\u00f6nt\u00f6tt, hogy az \u00fczletembernek vissza kell fizetnie az \u00e1llamnak a teljes \u00f6sszeget. A k\u00e1rt\u00e9r\u00edt\u00e9sr\u0151l Lagarde p\u00e9nz\u00fcgyminiszters\u00e9ge (2007-2011) idej\u00e9n sz\u00fcletett d\u00f6nt\u00e9s.<br \/>\n    Az \u00fcgy\u00e9szs\u00e9g 2011-ben csal\u00e1s \u00e9s h\u0171tlen kezel\u00e9s gyan\u00faj\u00e1val ind\u00edtott elj\u00e1r\u00e1st az \u00fcgyben, s eddig \u0151t ember ellen emelt v\u00e1dat.<br \/>\n    A vitatott k\u00e1rt\u00e9r\u00edt\u00e9si \u00fcgy t\u00f6bb mint h\u00fasz \u00e9vvel ezel\u0151ttre ny\u00falik vissza, amikor a marseille-i \u00fczletember eladta az Adidast egy francia \u00e1llami v\u00e1llalatnak, amely az akkor m\u00e9g \u00e1llami tulajdonban l\u00e9v\u0151 Le Cr\u00e9dit Lyonnais bank \u00e9rdekelts\u00e9g\u00e9be tartozott. A bank k\u00e9s\u0151bb j\u00f3val dr\u00e1g\u00e1bban adta tov\u00e1bb a sportszergy\u00e1rt\u00f3 c\u00e9get. Tapie emiatt \u00e9veken \u00e1t perelte az \u00e1llamot, t\u00f6bb pert meg is nyert, az \u00e1llamnak 135 milli\u00f3 eur\u00f3s k\u00e1rt\u00e9r\u00edt\u00e9st kellett volna kifizetnie, de a<br \/>\nfellebbez\u00e9sek k\u00e9sleltetett\u00e9k az \u00fcgy lez\u00e1r\u00e1s\u00e1t.<br \/>\n    V\u00e9g\u00fcl 2007-ben Christine Lagarde utas\u00edt\u00e1sa alapj\u00e1n v\u00e1lasztott b\u00edr\u00f3s\u00e1ghoz fordultak a felek annak \u00e9rdek\u00e9ben, hogy megegyez\u00e9ssel z\u00e1rj\u00e1k le az akkor 15 \u00e9ve tart\u00f3 peresked\u00e9st. A b\u00edr\u00f3s\u00e1g ekkor 403 milli\u00f3 eur\u00f3s k\u00e1rt\u00e9r\u00edt\u00e9st \u00edt\u00e9lt meg Tapie-nak, az akkori baloldali ellenz\u00e9k feljelent\u00e9se nyom\u00e1n azonban a csal\u00e1s gyan\u00faja miatt ind\u00edtott elj\u00e1r\u00e1ssal semmiss\u00e9 v\u00e1lt az \u00edt\u00e9let. A fellebbviteli b\u00edr\u00f3s\u00e1g r\u00e1ad\u00e1sul egy \u00e9vvel ezel\u0151tt \u00fagy \u00edt\u00e9lte meg, hogy Tapie eredeti k\u00e1rt\u00e9r\u00edt\u00e9si<br \/>\nk\u00e9relm\u00e9t nem fogadhatta volna be a b\u00edr\u00f3s\u00e1g, miut\u00e1n az Adidas elad\u00e1si \u00e1ra &#8211; 2,085 milli\u00e1rd francia frank &#8211; 1992-ben megfelelt a c\u00e9g val\u00f3s \u00e9rt\u00e9k\u00e9nek, \u00edgy a Le Cr\u00e9dit Lyonnais bank le\u00e1nyv\u00e1llalata nem k\u00f6vetett el hib\u00e1t a felv\u00e1s\u00e1rl\u00e1skor.<br \/>\n    A CJR szerint a volt p\u00e9nz\u00fcgyminiszter azzal nem k\u00f6vetett el hanyags\u00e1got, hogy megegyez\u00e9st keresett, de azzal igen, hogy nem fellebbezett a meg\u00edt\u00e9lt \u00f6sszeg ellen. A fellebbez\u00e9s elmulaszt\u00e1sa ugyanis a b\u00edr\u00f3 szerint nem tekinthet\u0151 &#8222;politikai d\u00f6nt\u00e9snek&#8221;, ahogy a v\u00e9delem \u00e9rvelt. A b\u00edr\u00f3s\u00e1g ugyanakkor Christine Lagarde szem\u00e9lyis\u00e9g\u00e9re \u00e9s h\u00edrnev\u00e9re val\u00f3 tekintettel mentes\u00edtette \u0151t a hanyags\u00e1g\u00e9rt kiszabhat\u00f3 egy \u00e9v  b\u00f6rt\u00f6nb\u00fcntet\u00e9s al\u00f3l, \u00edgy az IMF-vez\u00e9r erk\u00f6lcsi bizony\u00edtv\u00e1ny\u00e1ba nem ker\u00fcl bele az \u00edt\u00e9let.<br \/>\n    A m\u00falt h\u00e9ten lefolytatott per utols\u00f3 napj\u00e1n Christine Lagarde azt mondta: nem is gyan\u00edtotta, hogy csal\u00e1s is \u00e1llhat az \u00fcgy h\u00e1tter\u00e9ben. Az IMF-vez\u00e9r k\u00f6nnyekkel k\u00fczd\u00f6tt, amikor arr\u00f3l besz\u00e9lt, hogy az \u00f6t napig tart\u00f3 meghallgat\u00e1sa az &#8222;elm\u00falt \u00f6t \u00e9v megpr\u00f3b\u00e1ltat\u00e1sainak vetett v\u00e9get&#8221;. A 60 \u00e9ves volt politikus, aki Nicolas Sarkozy \u00e1llamf\u0151s\u00e9ge idej\u00e9n vezette a p\u00e9nz\u00fcgyi t\u00e1rc\u00e1t, azt vallotta, hogy a d\u00f6nt\u00e9s\u00e9ben kiz\u00e1r\u00f3lag az \u00e1llam\u00e9rdek v\u00e9delme vez\u00e9relte.<br \/>\n    Az \u00fcgy\u00e9szs\u00e9g egy\u00e9bk\u00e9nt az IMF-vez\u00e9r felment\u00e9s\u00e9t k\u00e9rte az \u00fcgyben. Christine Lagarde nem volt jelen az \u00edt\u00e9lethirdet\u00e9sen, \u00fcgyv\u00e9dje, Patrick Maisonneuve viszont jelezte, hogy elk\u00e9pzelhet\u0151, a semmit\u0151sz\u00e9khez fordulnak a teljes felment\u00e9s \u00e9rdek\u00e9ben.<br \/>\n    A Nemzetk\u00f6zi Valutalap igazgat\u00f3tan\u00e1csa hamarosan \u00f6ssze\u00fcl, hogy megvitassa a h\u00e9tf\u0151i \u00edt\u00e9letet &#8211; jelezte a washingtoni sz\u00e9khely\u0171 szervezet sz\u00f3viv\u0151je.(MTI)<\/p>\n","protected":false},"excerpt":{"rendered":"<p>B\u0171n\u00f6snek mondta ki a &#8222;hanyags\u00e1g&#8221; v\u00e1dj\u00e1ban Christine Lagarde-t, a Nemzetk\u00f6zi Valutaalap (IMF) f\u0151igazgat\u00f3j\u00e1t, volt francia gazdas\u00e1gi \u00e9s p\u00e9nz\u00fcgyminisztert h\u00e9tf\u0151n az illet\u00e9kes francia b\u00edr\u00f3s\u00e1g a Bernard Tapie \u00fczletembernek 2008-ban ny\u00fajtott nagy \u00f6sszeg\u0171 k\u00e1rtalan\u00edt\u00e1s \u00fcgy\u00e9ben, de mentes\u00edtette a b\u00fcntet\u00e9s al\u00f3l.<\/p>\n","protected":false},"author":1,"featured_media":0,"comment_status":"open","ping_status":"closed","sticky":false,"template":"","format":"standard","meta":[],"categories":[12],"tags":[],"_links":{"self":[{"href":"https:\/\/gazdasagportal.hu\/index.php\/wp-json\/wp\/v2\/posts\/88107"}],"collection":[{"href":"https:\/\/gazdasagportal.hu\/index.php\/wp-json\/wp\/v2\/posts"}],"about":[{"href":"https:\/\/gazdasagportal.hu\/index.php\/wp-json\/wp\/v2\/types\/post"}],"author":[{"embeddable":true,"href":"https:\/\/gazdasagportal.hu\/index.php\/wp-json\/wp\/v2\/users\/1"}],"replies":[{"embeddable":true,"href":"https:\/\/gazdasagportal.hu\/index.php\/wp-json\/wp\/v2\/comments?post=88107"}],"version-history":[{"count":1,"href":"https:\/\/gazdasagportal.hu\/index.php\/wp-json\/wp\/v2\/posts\/88107\/revisions"}],"predecessor-version":[{"id":88108,"href":"https:\/\/gazdasagportal.hu\/index.php\/wp-json\/wp\/v2\/posts\/88107\/revisions\/88108"}],"wp:attachment":[{"href":"https:\/\/gazdasagportal.hu\/index.php\/wp-json\/wp\/v2\/media?parent=88107"}],"wp:term":[{"taxonomy":"category","embeddable":true,"href":"https:\/\/gazdasagportal.hu\/index.php\/wp-json\/wp\/v2\/categories?post=88107"},{"taxonomy":"post_tag","embeddable":true,"href":"https:\/\/gazdasagportal.hu\/index.php\/wp-json\/wp\/v2\/tags?post=88107"}],"curies":[{"name":"wp","href":"https:\/\/api.w.org\/{rel}","templated":true}]}}