{"id":88098,"date":"2016-12-19T14:05:33","date_gmt":"2016-12-19T13:05:33","guid":{"rendered":"http:\/\/gazdasagportal.hu\/?p=88098"},"modified":"2016-12-19T14:05:33","modified_gmt":"2016-12-19T13:05:33","slug":"csucsforgalom-volt-a-praktikerben-aranyvasarnapon","status":"publish","type":"post","link":"https:\/\/gazdasagportal.hu\/index.php\/csucsforgalom-volt-a-praktikerben-aranyvasarnapon\/","title":{"rendered":"Cs\u00facsforgalom volt a Praktikerben aranyvas\u00e1rnapon"},"content":{"rendered":"<p><strong>T\u00f6bb sz\u00e1zmilli\u00f3s rekordforgalmat hoztak az adventi h\u00e9tv\u00e9g\u00e9k a Praktikernek. Decemberben a  leger\u0151sebb v\u00e1s\u00e1rl\u00e1si nap aranyvas\u00e1rnapra esett, amikor is az el\u0151z\u0151 \u00e9v azonos napj\u00e1hoz k\u00e9pest 20 sz\u00e1zal\u00e9kkal t\u00f6bbet k\u00f6lt\u00f6ttek az emberek. A v\u00e1s\u00e1rl\u00f3k k\u00fcl\u00f6n\u00f6sen az \u00fcnnepi dekor\u00e1ci\u00f3s term\u00e9keket, valamint a belt\u00e9ri \u00e9s k\u00fclt\u00e9ri vil\u00e1g\u00edt\u00e1st kerest\u00e9k, de sok v\u00e1s\u00e1rl\u00f3 a kar\u00e1csonyi aj\u00e1nd\u00e9kokat is a bark\u00e1cs\u00e1ruh\u00e1zban v\u00e1s\u00e1rolta meg.<\/strong><!--more--><\/p>\n<div class=\"ads-in-post1\"><div id=\"gazdasagportal.hu_fullbanner_wideboard\"><\/div>\r\n<\/div>\n<p>Az el\u0151z\u0151 \u00e9vekhez k\u00e9pest sokkal t\u00f6bb kar\u00e1csonyfad\u00edsz \u00e9s dekor\u00e1ci\u00f3s kieg\u00e9sz\u00edt\u0151 ker\u00fclt az \u00fczletekbe, s\u0151t, m\u00e1r gyermekj\u00e1t\u00e9kok \u00e9s gyermekk\u00f6nyvek is v\u00e1s\u00e1rolhat\u00f3ak a bark\u00e1cs\u00e1ruh\u00e1zban. A Praktiker k\u00edn\u00e1lat\u00e1ban \u00f6sszesen t\u00f6bb mint 1800 kar\u00e1csonyi dekor\u00e1ci\u00f3s \u00e9s 350 \u00fcnnepi vil\u00e1g\u00edt\u00e1s szerepel. Ut\u00f3bbi kateg\u00f3ri\u00e1n bel\u00fcl is egyre n\u00e9pszer\u0171bbek a k\u00fcl\u00f6nleges LED-es vil\u00e1g\u00edt\u00e1sok, amelyek sokkal biztons\u00e1gosabb \u00e9s takar\u00e9kosabb megold\u00e1st jelentenek, mint a hagyom\u00e1nyos izz\u00f3k vagy a gyerty\u00e1k.<\/p>\n<p>\u201eAz el\u0151z\u0151 \u00e9vek tapasztalatai alapj\u00e1n a h\u00e9tk\u00f6znapi forgalom ezekben a hetekben m\u00e9rs\u00e9keltebb, \u00e9s a h\u00e9tv\u00e9g\u00e9re koncentr\u00e1l\u00f3dik a nagyobb bev\u00e1s\u00e1rl\u00e1s. \u00c9vr\u0151l \u00e9vre tapasztaljuk, hogy az emberek nem az utols\u00f3 pillanatra hagyj\u00e1k a nagyobb v\u00e1s\u00e1rl\u00e1sokat. Az adventi id\u0151szak \u2013 az ut\u00f3bbi h\u00e1rom \u00e9v t\u00e1vlat\u00e1ban \u2013 10-15%-kal er\u0151sebb az \u00e9v t\u00f6bbi h\u00e9tv\u00e9g\u00e9j\u00e9hez k\u00e9pest. December 24-\u00e9n m\u00e1r csak a p\u00e1nikv\u00e1s\u00e1rl\u00e1sokat \u00e9rezz\u00fck, amikor v\u00e1ratlanul kider\u00fcl, hogy nincs kar\u00e1csonyfatalp, vagy az \u00e9g\u0151sorban t\u00f6nkrement egy-k\u00e9t izz\u00f3\u201d \u2013 \u00e1rulta el Cseh L\u00e1szl\u00f3, a Praktiker \u00e9rt\u00e9kes\u00edt\u00e9si vezet\u0151je.<\/p><div id=\"gazda-2362174665\" class=\"gazda-tartalomban gazda-entity-placement\"><script async src=\"https:\/\/pagead2.googlesyndication.com\/pagead\/js\/adsbygoogle.js\"><\/script>\r\n<ins class=\"adsbygoogle\"\r\n     style=\"display:block\"\r\n     data-ad-format=\"fluid\"\r\n     data-ad-layout-key=\"-6t+ed+2i-1n-4w\"\r\n     data-ad-client=\"ca-pub-1959107119989764\"\r\n     data-ad-slot=\"4008251320\"><\/ins>\r\n<script>\r\n     (adsbygoogle = window.adsbygoogle || []).push({});\r\n<\/script><\/div>\n<p>A Praktikern\u00e9l nem csak a dekor\u00e1ci\u00f3 legfontosabb elemeit tal\u00e1lhat\u00f3ak meg, hanem egy helyen, k\u00e9nyelmesen beszerezhet\u0151 a csal\u00e1d kar\u00e1csonyi aj\u00e1nd\u00e9ka is. Az elm\u00falt \u00e9vek tapasztalatai alapj\u00e1n ilyenkor a bark\u00e1csszersz\u00e1mok, \u00e9s a f\u00far\u00f3g\u00e9pek a legn\u00e9pszer\u0171bbek a f\u00e9rfiak k\u00f6r\u00e9ben, m\u00edg a n\u0151k  hangulatos vil\u00e1g\u00edt\u00e1st vagy praktikus h\u00e1ztart\u00e1si term\u00e9keket keresnek legink\u00e1bb. Sokan sz\u00edvesen lepik meg magukat b\u00fatorokkal is: a nappali \u00e9s szobab\u00fator mellett a f\u00fcrd\u0151szoba felszerel\u00e9sek, a k\u00e1lyh\u00e1k a legkelend\u0151bbek.<\/p>\n<p>A m\u0171feny\u0151k igazi sl\u00e1gerterm\u00e9kei lettek a kar\u00e1csonynak Magyarorsz\u00e1gon is az ut\u00f3bbi \u00e9vekben: egy j\u00f3 min\u0151s\u00e9g\u0171 m\u0171feny\u0151r\u0151l m\u00e1r csak tapint\u00e1s ut\u00e1n lehet meg\u00e1llap\u00edtani, hogy nem \u00e9l\u0151. R\u00e1ad\u00e1sul kis helyen is elf\u00e9r \u00e9s k\u00f6rnyezetbar\u00e1t megold\u00e1s. A keresletn\u00f6veked\u00e9s miatt a Praktiker \u00f3ri\u00e1si v\u00e1laszt\u00e9kkal v\u00e1rja a v\u00e1s\u00e1rl\u00f3kat m\u0171feny\u0151kb\u0151l: magass\u00e1g szerint a 60 centim\u00e9teres, asztali dekor\u00e1ci\u00f3nak t\u00f6k\u00e9letes f\u00e1t\u00f3l kezdve a plafonig \u00e9r\u0151, 240 centis monstrumig t\u00f6bb m\u00e9ret is megtal\u00e1lhat\u00f3. Sz\u00ednekben m\u00e9g mindig h\u00f3d\u00edt a klasszikus z\u00f6ld, de trendi a h\u00f3feh\u00e9r is, a romantikusabbak pedig a havas hat\u00e1s\u00fa f\u00e1kat keresik. <\/p>\n<p>A Praktiker Magyarorsz\u00e1g meghat\u00e1roz\u00f3 bark\u00e1cs\u00e1ruh\u00e1z-l\u00e1nca, k\u00f6zel 1300 embernek ad munk\u00e1t. 1998-ban nyitotta meg els\u0151 \u00e1ruh\u00e1z\u00e1t, jelenleg 20 \u00fczletegys\u00e9get m\u0171k\u00f6dtet idehaza, webshopj\u00e1ban mintegy 40 ezer f\u00e9le \u00e1rucikk el\u00e9rhet\u0151.<\/p>\n","protected":false},"excerpt":{"rendered":"<p>T\u00f6bb sz\u00e1zmilli\u00f3s rekordforgalmat hoztak az adventi h\u00e9tv\u00e9g\u00e9k a Praktikernek. Decemberben a leger\u0151sebb v\u00e1s\u00e1rl\u00e1si nap aranyvas\u00e1rnapra esett, amikor is az el\u0151z\u0151 \u00e9v azonos napj\u00e1hoz k\u00e9pest 20 sz\u00e1zal\u00e9kkal t\u00f6bbet k\u00f6lt\u00f6ttek az emberek. A v\u00e1s\u00e1rl\u00f3k k\u00fcl\u00f6n\u00f6sen az \u00fcnnepi dekor\u00e1ci\u00f3s term\u00e9keket, valamint a belt\u00e9ri \u00e9s k\u00fclt\u00e9ri vil\u00e1g\u00edt\u00e1st kerest\u00e9k, de sok v\u00e1s\u00e1rl\u00f3 a kar\u00e1csonyi aj\u00e1nd\u00e9kokat is a bark\u00e1cs\u00e1ruh\u00e1zban v\u00e1s\u00e1rolta meg.<\/p>\n","protected":false},"author":1,"featured_media":0,"comment_status":"open","ping_status":"closed","sticky":false,"template":"","format":"standard","meta":[],"categories":[19],"tags":[],"_links":{"self":[{"href":"https:\/\/gazdasagportal.hu\/index.php\/wp-json\/wp\/v2\/posts\/88098"}],"collection":[{"href":"https:\/\/gazdasagportal.hu\/index.php\/wp-json\/wp\/v2\/posts"}],"about":[{"href":"https:\/\/gazdasagportal.hu\/index.php\/wp-json\/wp\/v2\/types\/post"}],"author":[{"embeddable":true,"href":"https:\/\/gazdasagportal.hu\/index.php\/wp-json\/wp\/v2\/users\/1"}],"replies":[{"embeddable":true,"href":"https:\/\/gazdasagportal.hu\/index.php\/wp-json\/wp\/v2\/comments?post=88098"}],"version-history":[{"count":1,"href":"https:\/\/gazdasagportal.hu\/index.php\/wp-json\/wp\/v2\/posts\/88098\/revisions"}],"predecessor-version":[{"id":88099,"href":"https:\/\/gazdasagportal.hu\/index.php\/wp-json\/wp\/v2\/posts\/88098\/revisions\/88099"}],"wp:attachment":[{"href":"https:\/\/gazdasagportal.hu\/index.php\/wp-json\/wp\/v2\/media?parent=88098"}],"wp:term":[{"taxonomy":"category","embeddable":true,"href":"https:\/\/gazdasagportal.hu\/index.php\/wp-json\/wp\/v2\/categories?post=88098"},{"taxonomy":"post_tag","embeddable":true,"href":"https:\/\/gazdasagportal.hu\/index.php\/wp-json\/wp\/v2\/tags?post=88098"}],"curies":[{"name":"wp","href":"https:\/\/api.w.org\/{rel}","templated":true}]}}