{"id":88096,"date":"2016-12-19T12:35:08","date_gmt":"2016-12-19T11:35:08","guid":{"rendered":"http:\/\/gazdasagportal.hu\/?p=88096"},"modified":"2016-12-19T12:07:50","modified_gmt":"2016-12-19T11:07:50","slug":"tobb-mint-ket-es-fel-eves-csucsra-nott-az-ifo-nemetorszagi-uzleti-hangulatindexe","status":"publish","type":"post","link":"https:\/\/gazdasagportal.hu\/index.php\/tobb-mint-ket-es-fel-eves-csucsra-nott-az-ifo-nemetorszagi-uzleti-hangulatindexe\/","title":{"rendered":"T\u00f6bb mint k\u00e9t \u00e9s f\u00e9l \u00e9ves cs\u00facsra n\u0151tt az ifo n\u00e9metorsz\u00e1gi \u00fczleti hangulatindexe"},"content":{"rendered":"<p><strong>T\u00f6bb mint k\u00e9t \u00e9s f\u00e9l \u00e9ves cs\u00facsra emelkedett az ifo gazdas\u00e1gkutat\u00f3 int\u00e9zet n\u00e9metorsz\u00e1gi \u00fczleti hangulatindexe decemberben, mivel a v\u00e1llalatok tov\u00e1bbra is b\u00edznak a legnagyobb eur\u00f3pai gazdas\u00e1g j\u00f6v\u0151j\u00e9ben, \u00e9s nem agg\u00f3dnak amiatt, hogy Donald Trumpot v\u00e1lasztott\u00e1k meg az Egyes\u00fclt \u00c1llamok eln\u00f6k\u00e9v\u00e9.<\/strong><!--more--><\/p>\n<div class=\"ads-in-post1\"><div id=\"gazdasagportal.hu_fullbanner_wideboard\"><\/div>\r\n<\/div>\n<p>    Az int\u00e9zet h\u00e9tf\u0151n kiadott jelent\u00e9se szerint az \u00fczleti hangulatindex 111,0 pontra n\u00f6vekedett a novemberi 110,4 pontr\u00f3l, ami 2014 \u00e1prilisa \u00f3ta a legmagasabb \u00e9rt\u00e9k. Elemz\u0151k enyhe emelked\u00e9sre, 110,6 pontra sz\u00e1m\u00edtottak.<br \/>\n    Az index aktu\u00e1lis gazdas\u00e1gi k\u00f6rnyezetet sz\u00e1mszer\u0171s\u00edt\u0151 almutat\u00f3ja 116,6 pontra emelkedett a novemberi 115,6 pontr\u00f3l, ami 2012 febru\u00e1rja \u00f3ta a legjobb adat. Elemz\u0151k enyh\u00e9bb emelked\u00e9st, 115,9 pontot v\u00e1rtak. A j\u00f6v\u0151beni v\u00e1rakoz\u00e1sokat m\u00e9r\u0151 almutat\u00f3 is emelkedett, a novemberi 105,5 pontr\u00f3l 105,6 pontra k\u00faszott fel, m\u00edg elemz\u0151k stagn\u00e1l\u00e1sra sz\u00e1m\u00edtottak.<br \/>\n    Jelent\u0151sen javult az \u00fczleti helyzet meg\u00edt\u00e9l\u00e9se a nagykereskedelmi, az \u00e9p\u00edt\u0151ipari \u00e9s a feldolgoz\u00f3ipari v\u00e1llalatok k\u00f6r\u00e9ben, m\u00edg a kiskereskedelemben stagn\u00e1lt.<br \/>\n    A m\u00fcncheni egyetem ifo gazdas\u00e1gkutat\u00f3 int\u00e9zete (ifo Institut &#8211; Leibniz-Institut f\u00fcr Wirtschaftsforschung an der Universit\u00e4t M\u00fcnchen e. V.) havi rendszeress\u00e9ggel \u00e1ll\u00edtja \u00f6ssze mintegy h\u00e9tezer gazdas\u00e1gi szerepl\u0151 bevon\u00e1s\u00e1val \u00fczleti hangulatindex\u00e9t.<br \/>\n    A mannheimi ZEW (Zentrum f\u00fcr Europ\u00e4ische Wirtschaftsforschung) gazdas\u00e1gkutat\u00f3 int\u00e9zet a m\u00falt h\u00e9ten hozta nyilv\u00e1noss\u00e1gra decemberi \u00fczleti hangulatindex\u00e9t, amely arr\u00f3l tan\u00faskodott, hogy nem v\u00e1ltozott a gazdas\u00e1gi hangulat novemberhez k\u00e9pest a n\u00f6vekv\u0151 k\u00fcls\u0151 kock\u00e1zatok ellen\u00e9re sem. A n\u00e9met gazdas\u00e1gi hangulatindex \u00e9rt\u00e9ke a novemberivel azonos szinten, 13,8 ponton maradt. Elemz\u0151k m\u00e9rs\u00e9kelten javul\u00f3 indexet, 14 pontot v\u00e1rtak.<br \/>\n    A k\u00e9t felm\u00e9r\u00e9s k\u00f6z\u00f6tti k\u00fcl\u00f6nbs\u00e9g az, hogy az ifo a n\u00e9metorsz\u00e1gi v\u00e1llalkoz\u00e1sok k\u00f6r\u00e9ben gy\u0171jt adatokat, a ZEW viszont p\u00e9nz\u00fcgyi elemz\u0151ket k\u00e9rdez.(MTI)<\/p>\n","protected":false},"excerpt":{"rendered":"<p>T\u00f6bb mint k\u00e9t \u00e9s f\u00e9l \u00e9ves cs\u00facsra emelkedett az ifo gazdas\u00e1gkutat\u00f3 int\u00e9zet n\u00e9metorsz\u00e1gi \u00fczleti hangulatindexe decemberben, mivel a v\u00e1llalatok tov\u00e1bbra is b\u00edznak a legnagyobb eur\u00f3pai gazdas\u00e1g j\u00f6v\u0151j\u00e9ben, \u00e9s nem agg\u00f3dnak amiatt, hogy Donald Trumpot v\u00e1lasztott\u00e1k meg az Egyes\u00fclt \u00c1llamok eln\u00f6k\u00e9v\u00e9.<\/p>\n","protected":false},"author":1,"featured_media":0,"comment_status":"open","ping_status":"closed","sticky":false,"template":"","format":"standard","meta":[],"categories":[246],"tags":[],"_links":{"self":[{"href":"https:\/\/gazdasagportal.hu\/index.php\/wp-json\/wp\/v2\/posts\/88096"}],"collection":[{"href":"https:\/\/gazdasagportal.hu\/index.php\/wp-json\/wp\/v2\/posts"}],"about":[{"href":"https:\/\/gazdasagportal.hu\/index.php\/wp-json\/wp\/v2\/types\/post"}],"author":[{"embeddable":true,"href":"https:\/\/gazdasagportal.hu\/index.php\/wp-json\/wp\/v2\/users\/1"}],"replies":[{"embeddable":true,"href":"https:\/\/gazdasagportal.hu\/index.php\/wp-json\/wp\/v2\/comments?post=88096"}],"version-history":[{"count":1,"href":"https:\/\/gazdasagportal.hu\/index.php\/wp-json\/wp\/v2\/posts\/88096\/revisions"}],"predecessor-version":[{"id":88097,"href":"https:\/\/gazdasagportal.hu\/index.php\/wp-json\/wp\/v2\/posts\/88096\/revisions\/88097"}],"wp:attachment":[{"href":"https:\/\/gazdasagportal.hu\/index.php\/wp-json\/wp\/v2\/media?parent=88096"}],"wp:term":[{"taxonomy":"category","embeddable":true,"href":"https:\/\/gazdasagportal.hu\/index.php\/wp-json\/wp\/v2\/categories?post=88096"},{"taxonomy":"post_tag","embeddable":true,"href":"https:\/\/gazdasagportal.hu\/index.php\/wp-json\/wp\/v2\/tags?post=88096"}],"curies":[{"name":"wp","href":"https:\/\/api.w.org\/{rel}","templated":true}]}}