{"id":87986,"date":"2016-12-16T03:44:29","date_gmt":"2016-12-16T02:44:29","guid":{"rendered":"http:\/\/gazdasagportal.hu\/?p=87986"},"modified":"2016-12-15T21:22:24","modified_gmt":"2016-12-15T20:22:24","slug":"a-hetvegen-meg-hidegebb-lehet-akar-minusz-13-celius-fokig-is-hulhet-a-levego","status":"publish","type":"post","link":"https:\/\/gazdasagportal.hu\/index.php\/a-hetvegen-meg-hidegebb-lehet-akar-minusz-13-celius-fokig-is-hulhet-a-levego\/","title":{"rendered":"A h\u00e9tv\u00e9g\u00e9n m\u00e9g hidegebb lehet, ak\u00e1r  m\u00ednusz 13 Celius-fokig is h\u0171lhet a leveg\u0151"},"content":{"rendered":"<p><strong>A h\u00e9tv\u00e9g\u00e9n m\u00e9g hidegebb lehet, helyenk\u00e9nt ak\u00e1r m\u00ednusz 13 Celius-fokig is h\u0171lhet a leveg\u0151, ugyanakkor naps\u00fct\u00e9ses, sz\u00e1raz id\u0151re lehet sz\u00e1m\u00edtani &#8211; der\u00fcl ki az Orsz\u00e1gos Meteorol\u00f3giai Szolg\u00e1lat cs\u00fct\u00f6rt\u00f6k\u00f6n az MTI-hez eljuttatott orsz\u00e1gos, k\u00f6z\u00e9pt\u00e1v\u00fa el\u0151rejelz\u00e9s\u00e9b\u0151l.<\/strong><!--more--><\/p>\n<div class=\"ads-in-post1\"><div id=\"gazdasagportal.hu_fullbanner_wideboard\"><\/div>\r\n<\/div>\n<p>    P\u00e9nteken hajnalra a sz\u00e9lcsendes \u00c9szak- \u00e9s Nyugat-Dun\u00e1nt\u00falon, a f\u0151v\u00e1ros t\u00e9rs\u00e9g\u00e9ben, valamint a n\u00f3gr\u00e1di v\u00f6lgyekben foltokban z\u00fazmar\u00e1s k\u00f6d k\u00e9pz\u0151dik, amely d\u00e9lel\u0151tt minden\u00fctt feloszlik, \u00e9s \u00e1ltal\u00e1ban der\u00fclt, sz\u00e1raz, napos id\u0151 v\u00e1rhat\u00f3. A legalacsonyabb h\u0151m\u00e9rs\u00e9klet m\u00ednusz 8 \u00e9s m\u00ednusz 3 fok k\u00f6z\u00f6tt alakul, de az \u00c9szaki-k\u00f6z\u00e9phegys\u00e9g sz\u00e9lv\u00e9dett v\u00f6lgyeiben \u00e9s a Tisz\u00e1nt\u00fal v\u00e9kony, h\u00f3bor\u00edtotta ter\u00fcletein ak\u00e1r m\u00ednusz 13 fok is lehet. Napk\u00f6zben 0-5 fokig melegszik majd a leveg\u0151.<br \/>\n    N\u00e9hol szombaton \u00e9s vas\u00e1rnap hajnalban is k\u00e9pz\u0151dhetnek z\u00fazmar\u00e1s k\u00f6dfoltok, de napk\u00f6zben ism\u00e9t t\u00falnyom\u00f3an napos id\u0151 v\u00e1rhat\u00f3, csapad\u00e9k nem val\u00f3sz\u00edn\u0171. A leghidegebb \u00f3r\u00e1kban mindk\u00e9t nap \u00e1ltal\u00e1ban m\u00ednusz 10 \u00e9s m\u00ednusz 4 fok k\u00f6z\u00f6tt alakulnak az \u00e9rt\u00e9kek, de a fagyzugos, illetve a h\u00f3val fedett helyeken m\u00ednusz 13 fok is lehet. A maximumh\u0151m\u00e9rs\u00e9klet mindk\u00e9t nap m\u00ednusz 1 \u00e9s plusz 4 fok k\u00f6z\u00f6tt val\u00f3sz\u00edn\u0171 &#8211; olvashat\u00f3 az el\u0151rejelz\u00e9sben.(MTI)<\/p>\n","protected":false},"excerpt":{"rendered":"<p>A h\u00e9tv\u00e9g\u00e9n m\u00e9g hidegebb lehet, helyenk\u00e9nt ak\u00e1r m\u00ednusz 13 Celius-fokig is h\u0171lhet a leveg\u0151, ugyanakkor naps\u00fct\u00e9ses, sz\u00e1raz id\u0151re lehet sz\u00e1m\u00edtani &#8211; der\u00fcl ki az Orsz\u00e1gos Meteorol\u00f3giai Szolg\u00e1lat cs\u00fct\u00f6rt\u00f6k\u00f6n az MTI-hez eljuttatott orsz\u00e1gos, k\u00f6z\u00e9pt\u00e1v\u00fa el\u0151rejelz\u00e9s\u00e9b\u0151l.<\/p>\n","protected":false},"author":1,"featured_media":0,"comment_status":"open","ping_status":"closed","sticky":false,"template":"","format":"standard","meta":[],"categories":[4],"tags":[],"_links":{"self":[{"href":"https:\/\/gazdasagportal.hu\/index.php\/wp-json\/wp\/v2\/posts\/87986"}],"collection":[{"href":"https:\/\/gazdasagportal.hu\/index.php\/wp-json\/wp\/v2\/posts"}],"about":[{"href":"https:\/\/gazdasagportal.hu\/index.php\/wp-json\/wp\/v2\/types\/post"}],"author":[{"embeddable":true,"href":"https:\/\/gazdasagportal.hu\/index.php\/wp-json\/wp\/v2\/users\/1"}],"replies":[{"embeddable":true,"href":"https:\/\/gazdasagportal.hu\/index.php\/wp-json\/wp\/v2\/comments?post=87986"}],"version-history":[{"count":1,"href":"https:\/\/gazdasagportal.hu\/index.php\/wp-json\/wp\/v2\/posts\/87986\/revisions"}],"predecessor-version":[{"id":87987,"href":"https:\/\/gazdasagportal.hu\/index.php\/wp-json\/wp\/v2\/posts\/87986\/revisions\/87987"}],"wp:attachment":[{"href":"https:\/\/gazdasagportal.hu\/index.php\/wp-json\/wp\/v2\/media?parent=87986"}],"wp:term":[{"taxonomy":"category","embeddable":true,"href":"https:\/\/gazdasagportal.hu\/index.php\/wp-json\/wp\/v2\/categories?post=87986"},{"taxonomy":"post_tag","embeddable":true,"href":"https:\/\/gazdasagportal.hu\/index.php\/wp-json\/wp\/v2\/tags?post=87986"}],"curies":[{"name":"wp","href":"https:\/\/api.w.org\/{rel}","templated":true}]}}