{"id":87980,"date":"2016-12-16T03:17:31","date_gmt":"2016-12-16T02:17:31","guid":{"rendered":"http:\/\/gazdasagportal.hu\/?p=87980"},"modified":"2016-12-15T21:18:22","modified_gmt":"2016-12-15T20:18:22","slug":"dzsihadista-terrortamadasok-sorozatat-akadalyoztak-meg-moszkvaban","status":"publish","type":"post","link":"https:\/\/gazdasagportal.hu\/index.php\/dzsihadista-terrortamadasok-sorozatat-akadalyoztak-meg-moszkvaban\/","title":{"rendered":"Dzsihadista terrort\u00e1mad\u00e1sok sorozat\u00e1t akad\u00e1lyozt\u00e1k meg Moszkv\u00e1ban"},"content":{"rendered":"<p><strong>Az Iszl\u00e1m \u00c1llam (I\u00c1) terrorszervezet \u00e1ltal tervezett robbant\u00e1sos mer\u00e9nyletek sorozat\u00e1t akad\u00e1lyozta meg Moszkv\u00e1ban a Sz\u00f6vets\u00e9gi Biztons\u00e1gi Szolg\u00e1lat (FSZB) &#8211; jelentette a szolg\u00e1latra hivatkozva cs\u00fct\u00f6rt\u00f6k\u00f6n t\u00f6bb orosz h\u00edr\u00fcgyn\u00f6ks\u00e9g.<\/strong><!--more--><\/p>\n<div class=\"ads-in-post1\"><div id=\"gazdasagportal.hu_fullbanner_wideboard\"><\/div>\r\n<\/div>\n<p>    A terrort\u00e1mad\u00e1sokat az FSZB szerint az Iszl\u00e1m \u00c1llam egy, a t\u00e1dzsikiszt\u00e1ni hat\u00f3s\u00e1gok \u00e1ltal k\u00fclf\u00f6ld\u00f6n k\u00f6r\u00f6ztetett, T\u00f6r\u00f6korsz\u00e1gban tart\u00f3zkod\u00f3 k\u00e9pvisel\u0151je rendelte el. Az orosz biztons\u00e1gi szervek a RIA Novosztyi h\u00edr\u00fcgyn\u00f6ks\u00e9g szerint \u0151rizetbe vettek h\u00e1rom t\u00e1dzsik \u00e9s egy moldovai \u00e1llampolg\u00e1rt.<br \/>\n        Az FSZB k\u00f6z\u00f6lte, hogy a terrorist\u00e1k nagy hat\u00e1s\u00fa terrort\u00e1mad\u00e1s-sorozatot terveztek h\u00e1zi k\u00e9sz\u00edt\u00e9s\u0171 robban\u00f3szerkezetekkel. A hat\u00f3s\u00e1gok a gyan\u00fas\u00edtottak f\u0151v\u00e1rosi \u00e9s Moszkva k\u00f6rny\u00e9ki lak\u00e1saiban elk\u00e9sz\u00fclt pokolg\u00e9peket, &#8222;jelent\u0151s mennyis\u00e9g\u0171&#8221; robban\u00f3anyagot \u00e9s automata l\u0151fegyvereket foglaltak le.<br \/>\n        Moszkva d\u00e9lkeleti r\u00e9sz\u00e9n cs\u00fct\u00f6rt\u00f6k reggel 145 embert, k\u00f6zt\u00fck 19 gyereket menek\u00edtettek ki egy 17 emeletes lak\u00f3h\u00e1zb\u00f3l, amelynek kilencedik emelet\u00e9n pokolg\u00e9pet tal\u00e1ltak.<br \/>\n    Szamar\u00e1ban d\u00e9lut\u00e1n egy lak\u00f3h\u00e1zat z\u00e1rtak k\u00f6zre a biztons\u00e1gi er\u0151k, az egyik lak\u00e1s\u00e1ban a felt\u00e9telez\u00e9sek szerint t\u00e1mad\u00e1st tervez\u0151 I\u00c1-terrorist\u00e1k tart\u00f3zkodtak. A terrorelh\u00e1r\u00edt\u00e1si m\u0171velet sor\u00e1n k\u00e9t embert vettek \u0151rizetbe a hat\u00f3s\u00e1gok, akiket azzal v\u00e1dolnak, hogy a dzsihadista szervezet seg\u00edt\u0151i. Az FSZB szerint az elfogott f\u00e9rfiak k\u00f6z\u00e9p-\u00e1zsiai orsz\u00e1gok \u00e1llampolg\u00e1rai. A Sz\u00f6vets\u00e9gi Biztons\u00e1gi Szolg\u00e1lat hozz\u00e1f\u0171zte, hogy lak\u00e1sukon egy h\u00e1zi k\u00e9sz\u00edt\u00e9s\u0171 robban\u00f3szerkezetet tal\u00e1ltak, amelyet a kereskedelmi forgalomban el\u00e9rhet\u0151 alkot\u00f3elemekb\u0151l, a dzsihadist\u00e1k egyik toborz\u00f3j\u00e1nak utas\u00edt\u00e1s\u00e1val raktak \u00f6ssze. A pokolg\u00e9p egy kilogramm trotil hat\u00f3erej\u00e9nek megfelel\u0151 robban\u00e1st k\u00e9pes el\u0151id\u00e9zni &#8211; tette hozz\u00e1 az orosz hat\u00f3s\u00e1g.<br \/>\n    Az FSZB k\u00f6zlem\u00e9nye szerint az \u0151rizetbe vett 24 \u00e9s 21 \u00e9ves f\u00e9rfiak kereskedelmi v\u00e1llalatokn\u00e1l dolgoztak Oroszorsz\u00e1gban, \u00e9s \u0151ket egy honfit\u00e1rsuk toborozhatta az I\u00c1-ba, akivel azt\u00e1n k\u00e9s\u0151bb egy\u00fcttm\u0171k\u00f6dtek. Jelenleg vizsg\u00e1lj\u00e1k, hogy az elfogott p\u00e1ros a dzsihadist\u00e1kkal r\u00e9szt vett-e Sz\u00edri\u00e1ban harci tev\u00e9kenys\u00e9gekben.<br \/>\n    A nap folyam\u00e1n hat\u00f3s\u00e1gi k\u00f6zl\u00e9s szerint mer\u00e9nyletre k\u00e9sz\u00fcl\u0151 terrorist\u00e1kat fogtak el a Kr\u00edmben \u00e9s Rosztov-na-Donu k\u00f6zel\u00e9ben is. A t\u00e1j\u00e9koztat\u00e1sb\u00f3l nem der\u00fclt ki, hogy nekik is k\u00f6z\u00fck volt-e az I\u00c1-hoz.<br \/>\n    Alekszandr Bortnyikov, az FSZB igazgat\u00f3ja kedden k\u00f6z\u00f6lte, hogy Oroszorsz\u00e1gban az id\u00e9n 42 terrorcselekm\u00e9nyt hi\u00fas\u00edtottak meg, m\u00e1s v\u00e1rosok mellett az orosz f\u0151v\u00e1rosban, Szentp\u00e9terv\u00e1ron, Jekatyerinburgban \u00e9s Nyizsnyij Novgorodban. A mer\u00e9nyleteket egyebek k\u00f6z\u00f6tt t\u00f6megk\u00f6zleked\u00e9si eszk\u00f6z\u00f6k\u00f6n \u00e9s forgalmas helyeken sz\u00e1nd\u00e9koztak elk\u00f6veti &#8222;k\u00f6zeli k\u00fclf\u00f6ldi&#8221; orsz\u00e1gok (egykori szovjet k\u00f6zt\u00e1rsas\u00e1gok) \u00e1llampolg\u00e1rai.<br \/>\n    Oroszorsz\u00e1gban az id\u00e9n 129 fegyverest, k\u00f6zt\u00fck 22 &#8222;bandavez\u00e9rt&#8221; \u00f6ltek meg, valamint 898 &#8222;bandit\u00e1t&#8221; tart\u00f3ztattak le cinkosaikkal egy\u00fctt. Meg\u00f6lt\u00e9k az Iszl\u00e1m \u00c1llam terrorszervezethez igazod\u00f3 Kauk\u00e1zusi Vilajet elnevez\u00e9s\u0171 szervezet vezet\u0151j\u00e9t, \u00e9s teljess\u00e9ggel felsz\u00e1molt\u00e1k a Kabard-Balk\u00e1r K\u00f6zt\u00e1rsas\u00e1g ter\u00fclet\u00e9n m\u0171k\u00f6d\u0151 terrorszervezetek parancsnoki szintj\u00e9t.<br \/>\n    Bortnyikov r\u00e1mutatott, hogy az Iszl\u00e1m \u00c1llam toborz\u00f3i sz\u00e1m\u00e1ra fontos c\u00e9lpontot jelentenek az Oroszorsz\u00e1gban beilleszkedni k\u00e9ptelen migr\u00e1nsok.(MTI)<\/p>\n","protected":false},"excerpt":{"rendered":"<p>Az Iszl\u00e1m \u00c1llam (I\u00c1) terrorszervezet \u00e1ltal tervezett robbant\u00e1sos mer\u00e9nyletek sorozat\u00e1t akad\u00e1lyozta meg Moszkv\u00e1ban a Sz\u00f6vets\u00e9gi Biztons\u00e1gi Szolg\u00e1lat (FSZB) &#8211; jelentette a szolg\u00e1latra hivatkozva cs\u00fct\u00f6rt\u00f6k\u00f6n t\u00f6bb orosz h\u00edr\u00fcgyn\u00f6ks\u00e9g.<\/p>\n","protected":false},"author":1,"featured_media":0,"comment_status":"open","ping_status":"closed","sticky":false,"template":"","format":"standard","meta":[],"categories":[12],"tags":[],"_links":{"self":[{"href":"https:\/\/gazdasagportal.hu\/index.php\/wp-json\/wp\/v2\/posts\/87980"}],"collection":[{"href":"https:\/\/gazdasagportal.hu\/index.php\/wp-json\/wp\/v2\/posts"}],"about":[{"href":"https:\/\/gazdasagportal.hu\/index.php\/wp-json\/wp\/v2\/types\/post"}],"author":[{"embeddable":true,"href":"https:\/\/gazdasagportal.hu\/index.php\/wp-json\/wp\/v2\/users\/1"}],"replies":[{"embeddable":true,"href":"https:\/\/gazdasagportal.hu\/index.php\/wp-json\/wp\/v2\/comments?post=87980"}],"version-history":[{"count":1,"href":"https:\/\/gazdasagportal.hu\/index.php\/wp-json\/wp\/v2\/posts\/87980\/revisions"}],"predecessor-version":[{"id":87981,"href":"https:\/\/gazdasagportal.hu\/index.php\/wp-json\/wp\/v2\/posts\/87980\/revisions\/87981"}],"wp:attachment":[{"href":"https:\/\/gazdasagportal.hu\/index.php\/wp-json\/wp\/v2\/media?parent=87980"}],"wp:term":[{"taxonomy":"category","embeddable":true,"href":"https:\/\/gazdasagportal.hu\/index.php\/wp-json\/wp\/v2\/categories?post=87980"},{"taxonomy":"post_tag","embeddable":true,"href":"https:\/\/gazdasagportal.hu\/index.php\/wp-json\/wp\/v2\/tags?post=87980"}],"curies":[{"name":"wp","href":"https:\/\/api.w.org\/{rel}","templated":true}]}}