{"id":87959,"date":"2016-12-15T11:59:52","date_gmt":"2016-12-15T10:59:52","guid":{"rendered":"http:\/\/gazdasagportal.hu\/?p=87959"},"modified":"2016-12-15T13:00:00","modified_gmt":"2016-12-15T12:00:00","slug":"orban-2017-a-lazadas-eve-lesz","status":"publish","type":"post","link":"https:\/\/gazdasagportal.hu\/index.php\/orban-2017-a-lazadas-eve-lesz\/","title":{"rendered":"Orb\u00e1n: 2017 a l\u00e1zad\u00e1s \u00e9ve lesz"},"content":{"rendered":"<p><a href=\"https:\/\/gazdasagportal.hu\/wp-content\/uploads\/2015\/10\/orban_viktor_0.jpg\"><img decoding=\"async\" loading=\"lazy\" src=\"https:\/\/gazdasagportal.hu\/wp-content\/uploads\/2015\/10\/orban_viktor_0-1024x696.jpg\" alt=\"orban_viktor_0\" width=\"620\" height=\"421\" class=\"aligncenter size-large wp-image-69158\" srcset=\"https:\/\/gazdasagportal.hu\/wp-content\/uploads\/2015\/10\/orban_viktor_0-1024x696.jpg 1024w, https:\/\/gazdasagportal.hu\/wp-content\/uploads\/2015\/10\/orban_viktor_0-300x204.jpg 300w, https:\/\/gazdasagportal.hu\/wp-content\/uploads\/2015\/10\/orban_viktor_0.jpg 2048w\" sizes=\"(max-width: 620px) 100vw, 620px\" \/><\/a><br \/>\n<strong>Orb\u00e1n Viktor szerint 2017 a l\u00e1zad\u00e1s \u00e9ve lesz: a k\u00f6z\u00e9poszt\u00e1ly \u00e9s a nemzetek l\u00e1zad\u00e1s\u00e1\u00e9, amit k\u00f6rbefon a politikai korrekts\u00e9g, az elszigetel\u00e9s \u00e9s a megb\u00e9lyegz\u00e9s elleni szellemi l\u00e1zad\u00e1s. A minisztereln\u00f6k a 888.hu port\u00e1lnak adott interj\u00faban arr\u00f3l is besz\u00e9lt, hogy Donald Trump megv\u00e1laszt\u00e1s\u00e1val a &#8222;karakteresebb, vag\u00e1nyabb&#8221; politika ideje j\u00f6n el.  <\/strong><!--more--><\/p>\n<div class=\"ads-in-post1\"><div id=\"gazdasagportal.hu_fullbanner_wideboard\"><\/div>\r\n<\/div>\n<p>    A korm\u00e1nyf\u0151 a cs\u00fct\u00f6rt\u00f6k\u00f6n megjelent besz\u00e9lget\u00e9sben azt mondta: Br\u00fcsszelben a l\u00e9nyeges poz\u00edci\u00f3kat a &#8222;globalista-liber\u00e1lis, status qu\u00f3t k\u00e9pvisel\u0151 er\u0151k&#8221; tartj\u00e1k k\u00e9zben \u00e9s az &#8222;\u0151 fej\u00fckben egy \u00e1ltaluk megszervezett \u00e9s uralt Eur\u00f3pai Egyes\u00fclt \u00c1llamok a c\u00e9l&#8221;.<br \/>\n    &#8222;A magunkfajta kereszt\u00e9ny, nemzeti eur\u00f3paiaknak itt nem osztanak lapot&#8221; &#8211; fogalmazott Orb\u00e1n Viktor, aki szerint azonban a vil\u00e1g nem abba az ir\u00e1nyba megy, hogy Br\u00fcsszelb\u0151l dikt\u00e1ljanak a nemzet\u00e1llamoknak. Kijelentette: a korm\u00e1ny nem fogja hagyni, hogy Br\u00fcsszel belesz\u00f3ljon az energia\u00e1rakba vagy megtiltsa a rezsics\u00f6kkent\u00e9st. \u00dagy v\u00e9lte: Br\u00fcsszelben m\u00e9g mindig &#8222;ford\u00edtva \u00fclnek a lovon&#8221;, ez\u00e9rt nem l\u00e1tj\u00e1k, hogy egym\u00e1s ut\u00e1n buknak meg azok, akik szembemennek az emberek akarat\u00e1val.<br \/>\n    Orb\u00e1n Viktor meggy\u0151z\u0151d\u00e9se szerint ez\u00e9rt 2017 a l\u00e1zad\u00e1s \u00e9ve lesz. Szerinte Ausztri\u00e1ban ezt a l\u00e1zad\u00e1st egyel\u0151re siker\u00fclt k\u00e9sleltetni, de Olaszorsz\u00e1gban \u00e9s Amerik\u00e1ban nem tudt\u00e1k leverni. J\u00f6v\u0151re v\u00e1laszt\u00e1sok lesznek N\u00e9metorsz\u00e1gban, Hollandi\u00e1ban \u00e9s Franciaorsz\u00e1gban is &#8211; jegyezte meg.<br \/>\n    A korm\u00e1nyf\u0151 kifejtette: az alapk\u00e9rd\u00e9seket tekintve k\u00e9t l\u00e1zad\u00e1s t\u00f6rt\u00e9nik egyszerre, a k\u00f6z\u00e9poszt\u00e1ly \u00e9s a nemzetek l\u00e1zad\u00e1sa.<br \/>\n    Szerinte a k\u00f6z\u00e9poszt\u00e1ly l\u00e1zad\u00e1sa miatt vesztett a &#8222;Clinton kl\u00e1n&#8221; az amerikai v\u00e1laszt\u00e1sokon, valamint a Brexit is err\u0151l sz\u00f3lt, \u00e9s a legfrissebb elemz\u00e9sek azt mutatj\u00e1k, hogy valami hasonl\u00f3 megy v\u00e9gbe Franciaorsz\u00e1gban is, ahol a magukra hagyottak, a kiszolg\u00e1ltatottak keresik a kiutat, \u00e9s ez a mag\u00e1ra hagyatotts\u00e1g v\u00e1lik politikai szavazatt\u00e1.<br \/>\n    Ek\u00f6zben &#8211; folytatta &#8211; a nemzetek az ellen l\u00e1zadnak, hogy az &#8222;Eur\u00f3pai Egyes\u00fclt \u00c1llamok h\u00edvei&#8221; most \u00e9ppen &#8222;lopakodva csorb\u00edtj\u00e1k&#8221; az egyes nemzetek szuverenit\u00e1s\u00e1t a menek\u00fclt\u00fcgy k\u00e9rd\u00e9s\u00e9ben, s mindezt k\u00f6rbefonja a politikai korrekts\u00e9g, az elszigetel\u00e9s, a megb\u00e9lyegz\u00e9s elleni szellemi l\u00e1zad\u00e1s. &#8222;Ez a l\u00e1zad\u00e1s 2016-ban elkezd\u0151d\u00f6tt, j\u00f6v\u0151re m\u00e9g ink\u00e1bb kiteljesedik, ez\u00e9rt mondom, hogy 2017 a l\u00e1zad\u00e1s \u00e9ve lesz&#8221; &#8211; mondta Orb\u00e1n Viktor.<br \/>\n    Megjegyezte, nem a korm\u00e1ny l\u00e1zad, hanem az emberek, \u00e9s a kabinet azt k\u00e9pviseli, amit az emberek akarnak. &#8222;Ez a mi politikai genomunk. Szabads\u00e1gharcos n\u00e9p vagyunk&#8221; &#8211; jelentette ki a minisztereln\u00f6k, aki szerint term\u00e9szetes, hogy szembemenjenek &#8222;b\u00e1rmilyen nagyokossal&#8221;. &#8222;Ha nem csontosodunk bele a korm\u00e1nyz\u00e1s karossz\u00e9keibe, akkor meg fogjuk tal\u00e1lni a k\u00f6z\u00f6s hangot az emberekkel&#8221; &#8211; jelentette ki.<br \/>\n    Orb\u00e1n Viktor arr\u00f3l is besz\u00e9lt, hogy a Fideszt &#8222;igazi self-made t\u00f6rt\u00e9netnek&#8221; tartja, \u00e9s szerinte a most megv\u00e1lasztott amerikai eln\u00f6k\u00f6n is lehet \u00e9rezni ezt a &#8222;self-made man mentalit\u00e1st&#8221;. A Donald Trumppal folytatott telefonbesz\u00e9lget\u00e9s\u00e9r\u0151l azt mondta: ritka a politik\u00e1ban, f\u0151leg egy nagyhatalom eln\u00f6k\u00e9vel, de &#8222;volt k\u00f6z\u00f6s hang&#8221; a megv\u00e1lasztott eln\u00f6kkel, aki &#8222;nem egy dolgokat t\u00falbonyol\u00edt\u00f3 politikus&#8221;. &#8222;Trump \u00e9s csapata nem \u00fagy n\u00e9znek ki, mintha be akarn\u00e1nak iratkozni b\u00e1rmilyen tanfolyamra&#8221; &#8211; jegyezte meg.<br \/>\n    A korm\u00e1nyf\u0151 \u00fagy l\u00e1tja &#8222;karakteresebb, vag\u00e1nyabb&#8221; politika ideje j\u00f6n, \u00e9s v\u00e9ge van az &#8222;akolmeleg, +egy keretben b\u00e9get\u00fcnk+ szoclib vil\u00e1gnak&#8221;. &#8222;Self-made figur\u00e1k j\u00f6nnek, akik \u00f6nmagukban is sikeresek, akik nem \u00fagy kezdik a mondataikat, hogy +\u00e9n is ismerem a nem tudom \u00e9n kicsod\u00e1t+, hanem azt mondj\u00e1k: +\u00e9n azt csin\u00e1ltam, hogy+&#8221; &#8211; mondta.<br \/>\n    Orb\u00e1n Viktor az Egyes\u00fclt \u00c1llamokkal val\u00f3 magyar viszonyt \u00fagy jellemezte: j\u00f3 a kapcsolat \u00e9s az egy\u00fcttm\u0171k\u00f6d\u00e9s az amerikai n\u00e9ppel \u00e9s az amerikai gazdas\u00e1gi szerepl\u0151kkel is, viszont egyes amerikai politikusok &#8222;megveszekedetten&#8221; ellens\u00e9gesek voltak Magyarorsz\u00e1ggal \u00e9s eg\u00e9sz K\u00f6z\u00e9p-Eur\u00f3p\u00e1val szemben, mert azt v\u00e1rt\u00e1k, hogy az itteni vezet\u0151k &#8222;yes man&#8221;-k\u00e9nt majd minden felt\u00e9tel\u00fckre igen mondanak.<br \/>\n    A korm\u00e1nyf\u0151 \u00fagy folytatta, az amerikaiak Soros Gy\u00f6rgy\u00f6n kereszt\u00fcl l\u00e1tt\u00e1k megval\u00f3s\u00edthat\u00f3nak az a &#8222;k\u00f6rm\u00f6nfont akci\u00f3tervet&#8221;, amelynek c\u00e9lja, hogy NGO-kon, alap\u00edtv\u00e1nyokon, civil szervezeteken, m\u00e9di\u00e1n kereszt\u00fcl \u00e9rv\u00e9nyre juttass\u00e1k a saj\u00e1t \u00e9rdekeiket. Arr\u00f3l, hogy a Politico szerint a j\u00f6v\u0151 \u00e9v Soros \u00e9ve lesz, a korm\u00e1nyf\u0151 azt mondta: nem az \u00f6v\u00e9 lesz, hanem r\u00f3la fog sz\u00f3lni, azaz Soros \u00e9s az \u00e1ltala szimboliz\u00e1lt er\u0151k kiszor\u00edt\u00e1s\u00e1r\u00f3l.<br \/>\n    A minisztereln\u00f6k\u00f6t k\u00e9rdezt\u00e9k a korrupci\u00f3r\u00f3l \u00e9s arr\u00f3l is, hogy a sok gy\u0151zelem \u00e9s hatalom nem sz\u00e1llt-e a Fidesz fej\u00e9be. Orb\u00e1n Viktor v\u00e1lasz\u00e1ban a sikert a szeszhez hasonl\u00edtotta, ami kinek jobban, kinek kev\u00e9sb\u00e9 \u00e1rt meg, de szerinte ezt minden politikusnak kezelnie kell, k\u00fcl\u00f6nben ugyan\u00fagy j\u00e1r, mint az alkohollal. &#8222;J\u00f6n a durva kij\u00f3zanod\u00e1s, m\u00e1snaposs\u00e1g, fejf\u00e1j\u00e1s, \u00e9s kint tal\u00e1lhatja a c\u00f3km\u00f3kj\u00e1t az ajt\u00f3 el\u0151tt&#8221; &#8211; fogalmazott.<br \/>\n    Hangs\u00falyozta: a korrupci\u00f3val szembeni k\u00fczdelem sohasem ker\u00fcl le a napirendr\u0151l, ugyanakkor bizony\u00edt\u00e9kok h\u00edj\u00e1n v\u00e1dolni b\u00e1rkit is r\u00e1galmaz\u00e1s, ami ugyanolyan b\u0171n, mint a korrupci\u00f3. A korm\u00e1nyf\u0151 szerint a negyven \u00e9v diktat\u00fara \u00f6r\u00f6ks\u00e9ge a ravaszkod\u00e1s, a kiskapukeres\u00e9s, a tr\u00fckk\u00f6z\u00e9s, a pult alatti \u00fcgyesked\u00e9s, \u00e9s az irigys\u00e9g is, vagyis az a mentalit\u00e1s, hogyha valaki sikeres, az csak gyan\u00fas lehet. Egym\u00e1s siker\u00e9nek \u00f6r\u00fclni kell, az viszi felfel\u00e9 az orsz\u00e1got &#8211; mutatott r\u00e1.<br \/>\n    Orb\u00e1n Viktor hozz\u00e1tette: ilyen hozz\u00e1\u00e1ll\u00e1ssal Magyarorsz\u00e1g t\u00edz \u00e9v m\u00falva er\u0151sebb \u00e9s gazdagabb lesz. &#8222;Egy orsz\u00e1g mindig olyann\u00e1 lesz, amilyenn\u00e9 a gyerekeinket nevelj\u00fck. Ha j\u00f3 p\u00e9ld\u00e1t mutatunk nekik, ha \u0151ket is arra nevelj\u00fck, hogy ne a k\u00f6nnyebb utat keress\u00e9k, hanem a saj\u00e1t \u00fatjukat m\u00e9g akkor is, amikor nehezebbnek t\u0171nik, akkor az orsz\u00e1g \u00fajra naggy\u00e1 lehet. Mit \u00fczen Amerika? Tegy\u00fck naggy\u00e1 \u00fajra Magyarorsz\u00e1got!&#8221; &#8211; fogalmazott a korm\u00e1nyf\u0151 a 888-nak.(MTI)<\/p>\n","protected":false},"excerpt":{"rendered":"<p>Orb\u00e1n Viktor szerint 2017 a l\u00e1zad\u00e1s \u00e9ve lesz: a k\u00f6z\u00e9poszt\u00e1ly \u00e9s a nemzetek l\u00e1zad\u00e1s\u00e1\u00e9, amit k\u00f6rbefon a politikai korrekts\u00e9g, az elszigetel\u00e9s \u00e9s a megb\u00e9lyegz\u00e9s elleni szellemi l\u00e1zad\u00e1s. A minisztereln\u00f6k a 888.hu port\u00e1lnak adott interj\u00faban arr\u00f3l is besz\u00e9lt, hogy Donald Trump megv\u00e1laszt\u00e1s\u00e1val a &#8222;karakteresebb, vag\u00e1nyabb&#8221; politika ideje j\u00f6n el.<\/p>\n","protected":false},"author":1,"featured_media":69158,"comment_status":"open","ping_status":"closed","sticky":false,"template":"","format":"standard","meta":[],"categories":[403,146,4,18],"tags":[],"_links":{"self":[{"href":"https:\/\/gazdasagportal.hu\/index.php\/wp-json\/wp\/v2\/posts\/87959"}],"collection":[{"href":"https:\/\/gazdasagportal.hu\/index.php\/wp-json\/wp\/v2\/posts"}],"about":[{"href":"https:\/\/gazdasagportal.hu\/index.php\/wp-json\/wp\/v2\/types\/post"}],"author":[{"embeddable":true,"href":"https:\/\/gazdasagportal.hu\/index.php\/wp-json\/wp\/v2\/users\/1"}],"replies":[{"embeddable":true,"href":"https:\/\/gazdasagportal.hu\/index.php\/wp-json\/wp\/v2\/comments?post=87959"}],"version-history":[{"count":2,"href":"https:\/\/gazdasagportal.hu\/index.php\/wp-json\/wp\/v2\/posts\/87959\/revisions"}],"predecessor-version":[{"id":87963,"href":"https:\/\/gazdasagportal.hu\/index.php\/wp-json\/wp\/v2\/posts\/87959\/revisions\/87963"}],"wp:featuredmedia":[{"embeddable":true,"href":"https:\/\/gazdasagportal.hu\/index.php\/wp-json\/wp\/v2\/media\/69158"}],"wp:attachment":[{"href":"https:\/\/gazdasagportal.hu\/index.php\/wp-json\/wp\/v2\/media?parent=87959"}],"wp:term":[{"taxonomy":"category","embeddable":true,"href":"https:\/\/gazdasagportal.hu\/index.php\/wp-json\/wp\/v2\/categories?post=87959"},{"taxonomy":"post_tag","embeddable":true,"href":"https:\/\/gazdasagportal.hu\/index.php\/wp-json\/wp\/v2\/tags?post=87959"}],"curies":[{"name":"wp","href":"https:\/\/api.w.org\/{rel}","templated":true}]}}