{"id":87957,"date":"2016-12-15T11:48:18","date_gmt":"2016-12-15T10:48:18","guid":{"rendered":"http:\/\/gazdasagportal.hu\/?p=87957"},"modified":"2016-12-15T11:48:18","modified_gmt":"2016-12-15T10:48:18","slug":"orban-viktor-vetozzon-ha-kell","status":"publish","type":"post","link":"https:\/\/gazdasagportal.hu\/index.php\/orban-viktor-vetozzon-ha-kell\/","title":{"rendered":"Orb\u00e1n Viktor v\u00e9t\u00f3zzon, ha kell!"},"content":{"rendered":"<p><strong>A Fidesz-KDNP arra k\u00e9ri Orb\u00e1n Viktor korm\u00e1nyf\u0151t, hogy a k\u00f6telez\u0151 betelep\u00edt\u00e9si kv\u00f3ta teljes elutas\u00edt\u00e1s\u00e1nak \u00e1ll\u00e1spontj\u00e1t k\u00e9pviselje a cs\u00fct\u00f6rt\u00f6ki eur\u00f3pai uni\u00f3s cs\u00facstal\u00e1lkoz\u00f3n is.<\/strong><!--more--><\/p>\n<div class=\"ads-in-post1\"><div id=\"gazdasagportal.hu_fullbanner_wideboard\"><\/div>\r\n<\/div>\n<p>    Ha pedig m\u00e9gis \u00e1t akarn\u00e1k &#8222;er\u0151szakolni&#8221; a k\u00f6telez\u0151 kv\u00f3t\u00e1kat, a korm\u00e1nyp\u00e1rtok azt k\u00e9rik a minisztereln\u00f6kt\u0151l, emeljen v\u00e9t\u00f3t a br\u00fcsszeli tan\u00e1cskoz\u00e1son &#8211; k\u00f6z\u00f6lte Hidv\u00e9ghi Bal\u00e1zs, a Fidesz kommunik\u00e1ci\u00f3s igazgat\u00f3ja \u00e9s Hal\u00e1sz J\u00e1nos, a Fidesz-frakci\u00f3 sz\u00f3viv\u0151je cs\u00fct\u00f6rt\u00f6k\u00f6n Budapesten, sajt\u00f3t\u00e1j\u00e9koztat\u00f3n.<br \/>\n    &#8222;Magyarorsz\u00e1gra v\u00e1ltozatlanul \u00f3ri\u00e1si nyom\u00e1s nehezedik az EU r\u00e9sz\u00e9r\u0151l, hogy adja fel eddigi \u00e1ll\u00e1spontj\u00e1t, \u00e9s fogadja el a k\u00f6telez\u0151 betelep\u00edt\u00e9s terv\u00e9t&#8221; &#8211; mondta Hidv\u00e9ghi Bal\u00e1zs, aki szerint &#8222;komoly jelek&#8221; utalnak arra, hogy &#8222;migr\u00e1nsp\u00e1rti er\u0151k&#8221; \u00e1t akarj\u00e1k vinni az uni\u00f3s d\u00f6nt\u00e9shozatalon a k\u00f6telez\u0151 kv\u00f3t\u00e1kat.<br \/>\n    Hozz\u00e1tette: Orb\u00e1n Viktor v\u00e9t\u00f3j\u00e1nak k\u00f6sz\u00f6nhet\u0151en a legut\u00f3bbi EU-cs\u00facson az a d\u00f6nt\u00e9s sz\u00fcletett, hogy \u00faj tervet dolgoznak ki a migr\u00e1ci\u00f3s v\u00e1ls\u00e1g kezel\u00e9s\u00e9re, majd &#8222;megl\u00e1tjuk, hogy ez a terv mit tartalmaz&#8221;.<br \/>\n    A Fidesz kommunik\u00e1ci\u00f3s igazgat\u00f3ja arra is felh\u00edvta a figyelmet, hogy az Eur\u00f3p\u00e1ra nehezed\u0151 migr\u00e1ci\u00f3s nyom\u00e1s nem cs\u00f6kken, az EU \u00e9s T\u00f6r\u00f6korsz\u00e1g viszonya pedig &#8222;egyre fesz\u00fcltebb\u00e9&#8221; v\u00e1lik, m\u00e1rpedig T\u00f6r\u00f6korsz\u00e1gban \u00e9s t\u00e9rs\u00e9g\u00e9ben t\u00f6bb milli\u00f3an v\u00e1rnak arra, hogy Eur\u00f3p\u00e1ba jussanak.<br \/>\n    A politikus egy\u00e9rtelm\u0171nek nevezte, hogy az illeg\u00e1lis bev\u00e1ndorl\u00f3k jelentik ma a legnagyobb vesz\u00e9lyt a n\u0151kre \u00e9s a gyermekekre Eur\u00f3p\u00e1ban.<br \/>\n    Szavait azzal z\u00e1rta, hogy Magyarorsz\u00e1g eddig is szolid\u00e1ris volt, \u00e9s ezut\u00e1n is az lesz az EU-val, hiszen Magyarorsz\u00e1g nemcsak a saj\u00e1t hat\u00e1r\u00e1t v\u00e9di, hanem a schengenit is.<br \/>\n    Hal\u00e1sz J\u00e1nos arr\u00f3l besz\u00e9lt, hogy a korm\u00e1nnyal szemben az ellenz\u00e9k felel\u0151tlen\u00fcl viselkedik, csak a saj\u00e1t pillanatnyi politikai \u00e9rdekeit n\u00e9zi. A Jobbik \u00e9s a baloldali p\u00e1rtok egy platformra ker\u00fcltek, amikor nem szavazt\u00e1k meg a kv\u00f3taellenes alkotm\u00e1nym\u00f3dos\u00edt\u00e1si javaslatot &#8211; fogalmazott.<br \/>\n    A sz\u00f3viv\u0151 szerint a baloldal m\u00e1r sokszor bebizony\u00edtotta, hogy neki a magyarok \u00e9rdeke csak a sokadik, \u00e1m a mag\u00e1t nemzetinek tart\u00f3 Jobbikra sem lehetett sz\u00e1m\u00edtani az alapt\u00f6rv\u00e9ny m\u00f3dos\u00edt\u00e1s\u00e1n\u00e1l.<br \/>\n    Hal\u00e1sz J\u00e1nos is k\u00e9rte a minisztereln\u00f6k\u00f6t, tegyen meg mindent az EU-cs\u00facson, hogy &#8222;senki ne d\u00f6nthessen a fej\u00fcnk f\u00f6l\u00f6tt a minket \u00e9rint\u0151 sorsk\u00e9rd\u00e9sekben&#8221;.<br \/>\n    A nyugd\u00edjemel\u00e9s \u00fcgy\u00e9ben feltett k\u00e9rd\u00e9sre a frakci\u00f3sz\u00f3viv\u0151 kijelentette: janu\u00e1rt\u00f3l 1,6 sz\u00e1zal\u00e9kkal emelkednek a nyugd\u00edjak, aki m\u00e1st \u00e1ll\u00edt, az hazudik. Azt is mondta, hogy a nyugd\u00edjasoknak k\u00fcld\u00f6tt 10 ezer forintos Erzs\u00e9bet-utalv\u00e1ny ut\u00e1n term\u00e9szetesen nem kell ad\u00f3bevall\u00e1st k\u00e9sz\u00edteni.(MTI)<\/p>\n","protected":false},"excerpt":{"rendered":"<p>A Fidesz-KDNP arra k\u00e9ri Orb\u00e1n Viktor korm\u00e1nyf\u0151t, hogy a k\u00f6telez\u0151 betelep\u00edt\u00e9si kv\u00f3ta teljes elutas\u00edt\u00e1s\u00e1nak \u00e1ll\u00e1spontj\u00e1t k\u00e9pviselje a cs\u00fct\u00f6rt\u00f6ki eur\u00f3pai uni\u00f3s cs\u00facstal\u00e1lkoz\u00f3n is.<\/p>\n","protected":false},"author":1,"featured_media":0,"comment_status":"open","ping_status":"closed","sticky":false,"template":"","format":"standard","meta":[],"categories":[4],"tags":[],"_links":{"self":[{"href":"https:\/\/gazdasagportal.hu\/index.php\/wp-json\/wp\/v2\/posts\/87957"}],"collection":[{"href":"https:\/\/gazdasagportal.hu\/index.php\/wp-json\/wp\/v2\/posts"}],"about":[{"href":"https:\/\/gazdasagportal.hu\/index.php\/wp-json\/wp\/v2\/types\/post"}],"author":[{"embeddable":true,"href":"https:\/\/gazdasagportal.hu\/index.php\/wp-json\/wp\/v2\/users\/1"}],"replies":[{"embeddable":true,"href":"https:\/\/gazdasagportal.hu\/index.php\/wp-json\/wp\/v2\/comments?post=87957"}],"version-history":[{"count":1,"href":"https:\/\/gazdasagportal.hu\/index.php\/wp-json\/wp\/v2\/posts\/87957\/revisions"}],"predecessor-version":[{"id":87958,"href":"https:\/\/gazdasagportal.hu\/index.php\/wp-json\/wp\/v2\/posts\/87957\/revisions\/87958"}],"wp:attachment":[{"href":"https:\/\/gazdasagportal.hu\/index.php\/wp-json\/wp\/v2\/media?parent=87957"}],"wp:term":[{"taxonomy":"category","embeddable":true,"href":"https:\/\/gazdasagportal.hu\/index.php\/wp-json\/wp\/v2\/categories?post=87957"},{"taxonomy":"post_tag","embeddable":true,"href":"https:\/\/gazdasagportal.hu\/index.php\/wp-json\/wp\/v2\/tags?post=87957"}],"curies":[{"name":"wp","href":"https:\/\/api.w.org\/{rel}","templated":true}]}}