{"id":87955,"date":"2016-12-15T11:21:43","date_gmt":"2016-12-15T10:21:43","guid":{"rendered":"http:\/\/gazdasagportal.hu\/?p=87955"},"modified":"2016-12-15T11:21:43","modified_gmt":"2016-12-15T10:21:43","slug":"mindjart-harom-kamatemeles-is-johet-a-fed-tol-jovore","status":"publish","type":"post","link":"https:\/\/gazdasagportal.hu\/index.php\/mindjart-harom-kamatemeles-is-johet-a-fed-tol-jovore\/","title":{"rendered":"Mindj\u00e1rt h\u00e1rom kamatemel\u00e9s is j\u00f6het a FED-t\u0151l j\u00f6v\u0151re"},"content":{"rendered":"<p><a href=\"https:\/\/gazdasagportal.hu\/wp-content\/uploads\/2013\/10\/Federal-Reserve.jpg\"><img decoding=\"async\" loading=\"lazy\" src=\"https:\/\/gazdasagportal.hu\/wp-content\/uploads\/2013\/10\/Federal-Reserve.jpg\" alt=\"Federal-Reserve\" width=\"640\" height=\"480\" class=\"aligncenter size-full wp-image-18434\" srcset=\"https:\/\/gazdasagportal.hu\/wp-content\/uploads\/2013\/10\/Federal-Reserve.jpg 640w, https:\/\/gazdasagportal.hu\/wp-content\/uploads\/2013\/10\/Federal-Reserve-300x225.jpg 300w, https:\/\/gazdasagportal.hu\/wp-content\/uploads\/2013\/10\/Federal-Reserve-600x450.jpg 600w, https:\/\/gazdasagportal.hu\/wp-content\/uploads\/2013\/10\/Federal-Reserve-73x55.jpg 73w, https:\/\/gazdasagportal.hu\/wp-content\/uploads\/2013\/10\/Federal-Reserve-310x232.jpg 310w, https:\/\/gazdasagportal.hu\/wp-content\/uploads\/2013\/10\/Federal-Reserve-100x75.jpg 100w, https:\/\/gazdasagportal.hu\/wp-content\/uploads\/2013\/10\/Federal-Reserve-60x45.jpg 60w\" sizes=\"(max-width: 640px) 100vw, 640px\" \/><\/a><br \/>\n<strong>Tegnap egy \u00e9v ut\u00e1n ism\u00e9t kamatot emelt az amerikai jegybank. Janet Yellen az is elmondta, hogy a v\u00e1rtn\u00e1l t\u00f6bb kamatemel\u00e9s \u00e9rkezhet j\u00f6v\u0151re. A doll\u00e1r az eur\u00f3val szemben 2015 m\u00e1rciusa \u00f3ta nem l\u00e1tott szintre er\u0151s\u00f6d\u00f6tt &#8211; mondta el Kov\u00e1cs B\u00e1lint az Equilor Befektet\u00e9si Zrt. elemz\u0151je.<\/strong><!--more--><br \/>\n<div class=\"ads-in-post1\"><div id=\"gazdasagportal.hu_fullbanner_wideboard\"><\/div>\r\n<\/div>\n<p>Tegnap eld\u0151lt, az <strong>amerikai jegybank egy \u00e9v ut\u00e1n ism\u00e9t kamatot emelt<\/strong>. A Fed 25 b\u00e1zisponttal emelte meg az ir\u00e1nyad\u00f3 kamatszintet, amely \u00f6nmag\u00e1ban m\u00e9g nem okozott meglepet\u00e9st a piaci szerepl\u0151knek, azonban Janet Yellen sajt\u00f3t\u00e1j\u00e9koztat\u00f3ja \u00e9s a h\u00edres pontt\u00e1bla (dot-plot) ann\u00e1l ink\u00e1bb. A jegybank a konszenzus \u00e9s a mi \u00e1ll\u00e1spontunkhoz k\u00e9pest is szigor\u00fabb felhangot \u00fct\u00f6tt meg: a Fed jegybank\u00e1rok v\u00e1rakoz\u00e1sa szerint j\u00f6v\u0151re nem kett\u0151, hanem h\u00e1rom kamatemel\u00e9sre is sor ker\u00fclhet, csak\u00fagy, mint 2018-ban. Yellen szerint az infl\u00e1ci\u00f3s v\u00e1rakoz\u00e1sok emelkedtek, m\u00edg a munkaer\u0151piac tov\u00e1bbi pozit\u00edv jeleket mutat. Az ut\u00f3bbi eset\u00e9ben grandi\u00f3zus javul\u00e1s m\u00e1r nem v\u00e1rhat\u00f3, hiszen a munkan\u00e9lk\u00fclis\u00e9gi r\u00e1ta egyre k\u00f6zelebb ker\u00fcl a teljes foglalkoztatotts\u00e1gi szinthez, \u00edgy fenntarthat\u00f3bb, de lassabb \u00fctem\u0171 konszolid\u00e1ci\u00f3ra sz\u00e1m\u00edthatunk. Az infl\u00e1ci\u00f3 k\u00e9rd\u00e9se sokkal izgalmasabb: Yellen szerint a Trump faktor csak a sokas\u00e1g egy r\u00e9sze, noha k\u00e9ts\u00e9gtelen, az \u00faj eln\u00f6k 1 billi\u00f3 doll\u00e1rt k\u00edv\u00e1n infrastrukt\u00far\u00e1lis fejleszt\u00e9sekre k\u00f6lteni, valamint a hadsereg moderniz\u00e1l\u00e1s\u00e1ra. A bels\u0151 gazdas\u00e1gn\u00f6vel\u0151 int\u00e9zked\u00e9sek hat\u00e1s\u00e1ra felp\u00f6r\u00f6ghet az infl\u00e1ci\u00f3, \u00edgy a Fed hamarabb \u00e9rheti el infl\u00e1ci\u00f3s c\u00e9lj\u00e1t, mint arra kor\u00e1bban sz\u00e1m\u00edtott. A fogyaszt\u00f3i \u00e1rszinttel kapcsolatban nem szabad megfeledkezni a nyersolaj dr\u00e1gul\u00e1s\u00e1r\u00f3l sem, hiszen ez meghat\u00e1roz\u00f3 eleme az infl\u00e1ci\u00f3s kos\u00e1rnak. Ebben az esetben a k\u00edv\u00e1nt infl\u00e1ci\u00f3s r\u00e1ta fenntart\u00e1sa \u00e9rdek\u00e9ben a jegybanknak hamarabb kell a kamatemel\u00e9s eszk\u00f6z\u00e9hez folyamodnia. A Fed ugyanakkor \u00f3vatos a gazdas\u00e1gi teljes\u00edtm\u00e9nyt illet\u0151en, \u00e9rdemben nem v\u00e1ltozattak a 2019-ig tart\u00f3 el\u0151rejelz\u00e9s\u00fck\u00f6n.<\/p>\n<p><iframe loading=\"lazy\" style=\"border: none; overflow: hidden;\" src=\"http:\/\/gazdasagtv.hu\/iframe.php?id=10826\" width=\"509\" height=\"319\" scrolling=\"no\"><\/iframe><br \/>\nForr\u00e1s: <a style=\"color: #df1100; font-weight: bold; text-decoration: none;\" href=\"http:\/\/gazdasagtv.hu\" target=\"_blank\" rel=\"noopener\">Gazdas\u00e1gTV.hu<\/a><\/p>\n","protected":false},"excerpt":{"rendered":"<p>Tegnap egy \u00e9v ut\u00e1n ism\u00e9t kamatot emelt az amerikai jegybank. Janet Yellen az is elmondta, hogy a v\u00e1rtn\u00e1l t\u00f6bb kamatemel\u00e9s \u00e9rkezhet j\u00f6v\u0151re. A doll\u00e1r az eur\u00f3val szemben 2015 m\u00e1rciusa \u00f3ta nem l\u00e1tott szintre er\u0151s\u00f6d\u00f6tt &#8211; mondta el Kov\u00e1cs B\u00e1lint az Equilor Befektet\u00e9si Zrt. elemz\u0151je.<\/p>\n","protected":false},"author":1,"featured_media":18434,"comment_status":"open","ping_status":"closed","sticky":false,"template":"","format":"standard","meta":[],"categories":[403,146,8,7,246],"tags":[],"_links":{"self":[{"href":"https:\/\/gazdasagportal.hu\/index.php\/wp-json\/wp\/v2\/posts\/87955"}],"collection":[{"href":"https:\/\/gazdasagportal.hu\/index.php\/wp-json\/wp\/v2\/posts"}],"about":[{"href":"https:\/\/gazdasagportal.hu\/index.php\/wp-json\/wp\/v2\/types\/post"}],"author":[{"embeddable":true,"href":"https:\/\/gazdasagportal.hu\/index.php\/wp-json\/wp\/v2\/users\/1"}],"replies":[{"embeddable":true,"href":"https:\/\/gazdasagportal.hu\/index.php\/wp-json\/wp\/v2\/comments?post=87955"}],"version-history":[{"count":1,"href":"https:\/\/gazdasagportal.hu\/index.php\/wp-json\/wp\/v2\/posts\/87955\/revisions"}],"predecessor-version":[{"id":87956,"href":"https:\/\/gazdasagportal.hu\/index.php\/wp-json\/wp\/v2\/posts\/87955\/revisions\/87956"}],"wp:featuredmedia":[{"embeddable":true,"href":"https:\/\/gazdasagportal.hu\/index.php\/wp-json\/wp\/v2\/media\/18434"}],"wp:attachment":[{"href":"https:\/\/gazdasagportal.hu\/index.php\/wp-json\/wp\/v2\/media?parent=87955"}],"wp:term":[{"taxonomy":"category","embeddable":true,"href":"https:\/\/gazdasagportal.hu\/index.php\/wp-json\/wp\/v2\/categories?post=87955"},{"taxonomy":"post_tag","embeddable":true,"href":"https:\/\/gazdasagportal.hu\/index.php\/wp-json\/wp\/v2\/tags?post=87955"}],"curies":[{"name":"wp","href":"https:\/\/api.w.org\/{rel}","templated":true}]}}