{"id":87953,"date":"2016-12-15T11:06:35","date_gmt":"2016-12-15T10:06:35","guid":{"rendered":"http:\/\/gazdasagportal.hu\/?p=87953"},"modified":"2016-12-15T11:06:35","modified_gmt":"2016-12-15T10:06:35","slug":"az-mnb-80-millio-forintra-birsagolta-a-raiffeisen-bankot","status":"publish","type":"post","link":"https:\/\/gazdasagportal.hu\/index.php\/az-mnb-80-millio-forintra-birsagolta-a-raiffeisen-bankot\/","title":{"rendered":"Az MNB 80 milli\u00f3 forintra b\u00edrs\u00e1golta a Raiffeisen Bankot"},"content":{"rendered":"<p><strong>Az MNB \u00f6sszesen 80 milli\u00f3 forint b\u00edrs\u00e1g megfizet\u00e9s\u00e9re \u00e9s a jogs\u00e9rt\u0151 \u00e1llapot megsz\u00fcntet\u00e9s\u00e9re k\u00f6telezte a Raiffeisen Bankot a t\u0151kesz\u00e1m\u00edt\u00e1si, kock\u00e1zatkezel\u00e9si, informatikai, a p\u00e9nzmos\u00e1s elleni, valamint a befektet\u00e9si szolg\u00e1ltat\u00e1si tev\u00e9kenys\u00e9get \u00e9rint\u0151 egyes hi\u00e1nyoss\u00e1gok miatt &#8211; k\u00f6z\u00f6lte a jegybank az MTI-vel cs\u00fct\u00f6rt\u00f6k\u00f6n. A Raiffeisen nem komment\u00e1lta a d\u00f6nt\u00e9st. <\/strong><!--more--><\/p>\n<p>    Az MNB k\u00f6zlem\u00e9nye szerint a felt\u00e1rt jogs\u00e9rt\u00e9sek nem hordoznak rendszerkock\u00e1zatot, \u00e9s nem vesz\u00e9lyeztetik a bankcsoport megb\u00edzhat\u00f3 m\u0171k\u00f6d\u00e9s\u00e9t.<br \/>\n    A kiszabott 80 milli\u00f3 forint fel\u00fcgyeleti b\u00edrs\u00e1got k\u00fcl\u00f6n\u00f6sen indokoltt\u00e1 tette a jegybank szerint a p\u00e9nz\u00fcgyi \u00e9s befektet\u00e9si szolg\u00e1ltat\u00e1si tev\u00e9kenys\u00e9g k\u00f6r\u00e9ben meg\u00e1llap\u00edtott jogs\u00e9rt\u00e9sek sz\u00e1ma \u00e9s s\u00falya, illetve egyes jogs\u00e9rt\u00e9sek ism\u00e9tl\u0151d\u00e9se. Enyh\u00edt\u0151 k\u00f6r\u00fclm\u00e9nynek sz\u00e1m\u00edtott ugyanakkor, hogy az \u00fcgyfeleket nem \u00e9rte \u00e9rdeks\u00e9relem, \u00e9s id\u0151k\u00f6zben a beruh\u00e1z\u00e1sok megval\u00f3sultak.<br \/>\n    A k\u00f6zlem\u00e9ny szerint a jegybank \u00e1tfog\u00f3 csoportvizsg\u00e1latot v\u00e9gzett a Raiffeisen Bank Zrt.-n\u00e9l, illetve az \u00f6sszevont alap\u00fa fel\u00fcgyelet al\u00e1 tartoz\u00f3 le\u00e1nyv\u00e1llalatain\u00e1l, a Raiffeisen L\u00edzing Zrt.-n\u00e9l \u00e9s a Raiffeisen Corporate L\u00edzing Zrt.-n\u00e9l. A jegybank a 2014. janu\u00e1r 1-t\u0151l a vizsg\u00e1lat lez\u00e1r\u00e1s\u00e1ig terjed\u0151 id\u0151szakot tekintette \u00e1t. A Raiffeisen L\u00edzing Zrt. \u00e9s a Raiffeisen Corporate L\u00edzing Zrt. vizsg\u00e1lat\u00e1t a jegybank int\u00e9zked\u00e9s n\u00e9lk\u00fcl z\u00e1rta le.<br \/>\n    A csoportvizsg\u00e1lat egyebek k\u00f6z\u00f6tt a hitelkock\u00e1zat kezel\u00e9s\u00e9re &#8211; \u00edgy a bels\u0151 szab\u00e1lyoz\u00e1sra, az \u00e1tstruktur\u00e1lt \u00e9s nem teljes\u00edt\u0151 hitelek kezel\u00e9s\u00e9re, az \u00e9rt\u00e9kveszt\u00e9s meghat\u00e1roz\u00e1si m\u00f3dszertanra, a fedezet\u00e9rt\u00e9kel\u00e9sre, tov\u00e1bb\u00e1 az adatszolg\u00e1ltat\u00e1sra &#8211; vonatkoz\u00f3an \u00e1llap\u00edtott meg hi\u00e1nyoss\u00e1gokat.<br \/>\n    Probl\u00e9m\u00e1t tal\u00e1lt a MNB emellett a p\u00e9nzmos\u00e1s \u00e9s a terrorizmus finansz\u00edroz\u00e1s\u00e1nak megel\u0151z\u00e9s\u00e9re ir\u00e1nyul\u00f3 tev\u00e9kenys\u00e9g, \u00e9s az informatikai biztons\u00e1g ter\u00e9n is. A bank emellett a befektet\u00e9si szolg\u00e1ltat\u00e1si tev\u00e9kenys\u00e9ge sor\u00e1n nem felelt meg marad\u00e9ktalanul a p\u00e9nz\u00fcgyi eszk\u00f6z\u00f6k kezel\u00e9s\u00e9re, portfoli\u00f3kezel\u00e9sre, bels\u0151 kontrollfunkci\u00f3kra \u00e9s az alkalmass\u00e1gi \u00fcgyf\u00e9ltesztekre vonatkoz\u00f3 jogszab\u00e1lyi el\u0151\u00edr\u00e1soknak sem &#8211; \u00edrta a jegybank.<br \/>\n    Mindezek nyom\u00e1n az MNB k\u00f6telezte a Raiffeisen Bankot, hogy legk\u00e9s\u0151bb a hat\u00e1rozat k\u00e9zhezv\u00e9tel\u00e9t k\u00f6vet\u0151 3, illetve 6 h\u00f3napon bel\u00fcl, a t\u0151kesz\u00e1m\u00edt\u00e1s k\u00f6r\u00e9ben pedig 2018. janu\u00e1r 1-ig tegye meg a sz\u00fcks\u00e9ges int\u00e9zked\u00e9seket a felt\u00e1rt hi\u00e1nyoss\u00e1gok megsz\u00fcntet\u00e9s\u00e9re &#8211; \u00e1ll a k\u00f6zlem\u00e9nyben.<br \/>\n    A Raiffeisen Bank az MTI \u00e9rdekl\u0151d\u00e9s\u00e9re azt k\u00f6z\u00f6lte, nem komment\u00e1lj\u00e1k a d\u00f6nt\u00e9st, tanulm\u00e1nyozz\u00e1k a hat\u00e1rozatot.(MTI)<\/p>\n","protected":false},"excerpt":{"rendered":"<p>Az MNB \u00f6sszesen 80 milli\u00f3 forint b\u00edrs\u00e1g megfizet\u00e9s\u00e9re \u00e9s a jogs\u00e9rt\u0151 \u00e1llapot megsz\u00fcntet\u00e9s\u00e9re k\u00f6telezte a Raiffeisen Bankot a t\u0151kesz\u00e1m\u00edt\u00e1si, kock\u00e1zatkezel\u00e9si, informatikai, a p\u00e9nzmos\u00e1s elleni, valamint a befektet\u00e9si szolg\u00e1ltat\u00e1si tev\u00e9kenys\u00e9get \u00e9rint\u0151 egyes hi\u00e1nyoss\u00e1gok miatt &#8211; k\u00f6z\u00f6lte a jegybank az MTI-vel cs\u00fct\u00f6rt\u00f6k\u00f6n. A Raiffeisen nem komment\u00e1lta a d\u00f6nt\u00e9st.<\/p>\n","protected":false},"author":1,"featured_media":0,"comment_status":"open","ping_status":"closed","sticky":false,"template":"","format":"standard","meta":[],"categories":[19],"tags":[],"_links":{"self":[{"href":"https:\/\/gazdasagportal.hu\/index.php\/wp-json\/wp\/v2\/posts\/87953"}],"collection":[{"href":"https:\/\/gazdasagportal.hu\/index.php\/wp-json\/wp\/v2\/posts"}],"about":[{"href":"https:\/\/gazdasagportal.hu\/index.php\/wp-json\/wp\/v2\/types\/post"}],"author":[{"embeddable":true,"href":"https:\/\/gazdasagportal.hu\/index.php\/wp-json\/wp\/v2\/users\/1"}],"replies":[{"embeddable":true,"href":"https:\/\/gazdasagportal.hu\/index.php\/wp-json\/wp\/v2\/comments?post=87953"}],"version-history":[{"count":1,"href":"https:\/\/gazdasagportal.hu\/index.php\/wp-json\/wp\/v2\/posts\/87953\/revisions"}],"predecessor-version":[{"id":87954,"href":"https:\/\/gazdasagportal.hu\/index.php\/wp-json\/wp\/v2\/posts\/87953\/revisions\/87954"}],"wp:attachment":[{"href":"https:\/\/gazdasagportal.hu\/index.php\/wp-json\/wp\/v2\/media?parent=87953"}],"wp:term":[{"taxonomy":"category","embeddable":true,"href":"https:\/\/gazdasagportal.hu\/index.php\/wp-json\/wp\/v2\/categories?post=87953"},{"taxonomy":"post_tag","embeddable":true,"href":"https:\/\/gazdasagportal.hu\/index.php\/wp-json\/wp\/v2\/tags?post=87953"}],"curies":[{"name":"wp","href":"https:\/\/api.w.org\/{rel}","templated":true}]}}