{"id":87910,"date":"2016-12-14T14:24:21","date_gmt":"2016-12-14T13:24:21","guid":{"rendered":"http:\/\/gazdasagportal.hu\/?p=87910"},"modified":"2016-12-14T14:24:21","modified_gmt":"2016-12-14T13:24:21","slug":"kuria-nem-lehet-nepszavazast-tartani-az-olimpiarendezesrol-szolo-torvenyrol","status":"publish","type":"post","link":"https:\/\/gazdasagportal.hu\/index.php\/kuria-nem-lehet-nepszavazast-tartani-az-olimpiarendezesrol-szolo-torvenyrol\/","title":{"rendered":"K\u00faria: nem lehet n\u00e9pszavaz\u00e1st tartani az olimpiarendez\u00e9sr\u0151l sz\u00f3l\u00f3 t\u00f6rv\u00e9nyr\u0151l"},"content":{"rendered":"<p><strong>A K\u00faria szerint sem lehet n\u00e9pszavaz\u00e1st rendezni a budapesti olimpiai j\u00e1t\u00e9kok rendez\u00e9s\u00e9r\u0151l sz\u00f3l\u00f3 t\u00f6rv\u00e9ny hat\u00e1lyon k\u00edv\u00fcl helyez\u00e9s\u00e9r\u0151l. A k\u00e9rd\u00e9s ugyanis azt a l\u00e1tszatot kelti, mintha a t\u00f6rv\u00e9ny visszavon\u00e1sa az olimpiai p\u00e1ly\u00e1zat visszavon\u00e1s\u00e1t is jelenten\u00e9 &#8211; \u00e1ll a K\u00faria szerdai &#8211; a Nemzet V\u00e1laszt\u00e1si Bizotts\u00e1gnak (NVB) a n\u00e9pszavaz\u00e1si k\u00e9rd\u00e9s hiteles\u00edt\u00e9s\u00e9t megtagad\u00f3 hat\u00e1rozat\u00e1t helybenhagy\u00f3 &#8211; v\u00e9gz\u00e9s\u00e9b\u0151l. <\/strong><!--more--><\/p>\n<div class=\"ads-in-post1\"><div id=\"gazdasagportal.hu_fullbanner_wideboard\"><\/div>\r\n<\/div>\n<p>    A kezdem\u00e9nyez\u00e9st Erd\u00e9lyi Katalin Krisztina ny\u00fajtotta be mag\u00e1nszem\u00e9lyk\u00e9nt. A k\u00e9rd\u00e9s \u00fagy sz\u00f3lt: &#8222;Egyet\u00e9rt-e \u00d6n azzal, hogy az Orsz\u00e1ggy\u0171l\u00e9s helyezze hat\u00e1lyon k\u00edv\u00fcl a XXXIII. ny\u00e1ri olimpiai \u00e9s XVII. ny\u00e1ri paralimpiai j\u00e1t\u00e9kok p\u00e1ly\u00e1zat\u00e1r\u00f3l \u00e9s rendez\u00e9s\u00e9r\u0151l sz\u00f3l\u00f3 2016. \u00e9vi LVIII. t\u00f6rv\u00e9nyt?&#8221;<br \/>\n    Az NVB arra hivatkozva tagadta meg okt\u00f3ber 5-\u00e9n az al\u00e1\u00edr\u00e1sgy\u0171jt\u0151 \u00edv hiteles\u00edt\u00e9s\u00e9t, hogy a hat\u00e1lyon k\u00edv\u00fcl helyezend\u0151 t\u00f6rv\u00e9ny szervezetalak\u00edt\u00e1si k\u00e9rd\u00e9sekr\u0151l is rendelkezik, m\u00e1rpedig az Orsz\u00e1ggy\u0171l\u00e9s szervezetalak\u00edt\u00e1si hat\u00e1sk\u00f6r\u00e9t \u00e9rint\u0151 k\u00e9rd\u00e9sben nem lehet n\u00e9pszavaz\u00e1st tartani.<br \/>\n    Az NVB a hat\u00e1rozat\u00e1ban kit\u00e9rt arra is, hogy a k\u00e9rd\u00e9s a v\u00e1laszt\u00f3polg\u00e1rok sz\u00e1m\u00e1ra megt\u00e9veszt\u0151, mivel azt a hamis l\u00e1tszatot kelti, mintha a t\u00f6rv\u00e9ny visszavon\u00e1sa a p\u00e1ly\u00e1zat visszavon\u00e1s\u00e1t jelenten\u00e9, \u00e9s megakad\u00e1lyozn\u00e1 az olimpia rendez\u00e9s\u00e9t. E hat\u00e1rozat ellen Erd\u00e9lyi Katalin Krisztina b\u00edr\u00f3s\u00e1gi fel\u00fclvizsg\u00e1lati k\u00e9relmet ny\u00fajtott be, ezt b\u00edr\u00e1lta el a K\u00faria szerd\u00e1n, helybenhagyva az NVB-hat\u00e1rozatot. A K\u00faria internetes oldal\u00e1n olvashat\u00f3 v\u00e9gz\u00e9sben azt \u00edrj\u00e1k, hogy a b\u00edr\u00f3s\u00e1g szerint nem \u00fctk\u00f6zik tiltott t\u00e1rgyk\u00f6rbe a k\u00e9rd\u00e9s, ugyanakkor &#8211; mivel megt\u00e9veszt\u0151 &#8211; egyet\u00e9rtettek azzal, hogy az NVB megtagadta a hiteles\u00edt\u00e9s\u00e9t.<br \/>\n    A K\u00faria \u00e1ll\u00e1spontja szerint a k\u00e9rd\u00e9s k\u00f6zvetlen\u00fcl nem ir\u00e1nyul az Orsz\u00e1ggy\u0171l\u00e9s hat\u00e1sk\u00f6r\u00e9be tartoz\u00f3 szervezetalak\u00edt\u00e1si k\u00e9rd\u00e9sben val\u00f3 d\u00f6nt\u00e9sre, azzal t\u00e1volabbi \u00f6sszef\u00fcgg\u00e9sben \u00e1ll, ez\u00e9rt megalapozatlanok az NVB hat\u00e1rozat\u00e1nak erre vonatkoz\u00f3 meg\u00e1llap\u00edt\u00e1sai.<br \/>\n    A K\u00faria \u00e1ll\u00e1spontja szerint a k\u00e9rd\u00e9s konkr\u00e9tan nem szervezetalak\u00edt\u00e1sra ir\u00e1nyul, a k\u00e9rd\u00e9s alapj\u00e1n a v\u00e1laszt\u00f3polg\u00e1roknak k\u00f6zvetlen\u00fcl nem az olimpiai megval\u00f3s\u00edt\u00e1si hat\u00f3s\u00e1g, a Sportol\u00f3i Bizotts\u00e1g, az Olimpiai V\u00e9dn\u00f6ki Test\u00fclet, a Budapest 2024 Nonprofit Zrt. vagy b\u00e1rmely, a t\u00f6rv\u00e9nyben szerepl\u0151 tov\u00e1bbi szervezet l\u00e9trehoz\u00e1s\u00e1r\u00f3l, \u00e1talak\u00edt\u00e1s\u00e1r\u00f3l vagy megsz\u00fcntet\u00e9s\u00e9r\u0151l kell \u00e1ll\u00e1st foglalniuk, hanem arr\u00f3l, hogy egyet\u00e9rtenek-e a t\u00f6rv\u00e9ny hat\u00e1lyon k\u00edv\u00fcl helyez\u00e9s\u00e9vel.<br \/>\n    Az, hogy e t\u00f6rv\u00e9ny hat\u00e1lyon k\u00edv\u00fcl helyez\u00e9s\u00e9nek szervezetalak\u00edt\u00e1si k\u00f6vetkezm\u00e9nyei is vannak, \u00f6nmag\u00e1ban nem lehet ok a k\u00e9rd\u00e9s hiteles\u00edt\u00e9s\u00e9nek megtagad\u00e1s\u00e1ra. Az ellenkez\u0151 \u00e1ll\u00e1spont elfogad\u00e1sa meg nem engedhet\u0151 m\u00f3don sz\u0171k\u00edten\u00e9 le, az el\u00e9rni k\u00edv\u00e1n c\u00e9lhoz k\u00e9pest ar\u00e1nytalanul korl\u00e1tozn\u00e1 az alapvet\u0151 jog gyakorl\u00e1s\u00e1t &#8211; sz\u00f6gezte le a K\u00faria.<br \/>\n    A K\u00faria meg\u00e1llap\u00edtotta azt is, hogy a k\u00e9relmez\u0151 helyesen \u00e9rvelt azzal is, hogy a Sportol\u00f3i Bizotts\u00e1g, az Olimpiai V\u00e9dn\u00f6k\u00f6k Test\u00fclete, valamint a Budapest 2024 Nonprofit Zrt. nem a hat\u00e1lyon k\u00edv\u00fcl helyezend\u0151 t\u00f6rv\u00e9ny alapj\u00e1n lett fel\u00e1ll\u00edtva. A Sportol\u00f3i Bizotts\u00e1g a korm\u00e1ny, a f\u0151v\u00e1rosi \u00f6nkorm\u00e1nyzat \u00e9s a Magyar Olimpiai Bizotts\u00e1g k\u00f6z\u00f6tti h\u00e1romoldal\u00fa egy\u00fcttm\u0171k\u00f6d\u00e9si meg\u00e1llapod\u00e1ssal, a t\u00f6rv\u00e9ny hat\u00e1lyba l\u00e9p\u00e9se el\u0151tt l\u00e9trej\u00f6tt. Az Olimpiai V\u00e9dn\u00f6k\u00f6k Test\u00fclete szint\u00e9n a t\u00f6rv\u00e9ny hat\u00e1lyba l\u00e9p\u00e9se el\u0151tt alakult, \u00e9s a Budapest 2024 Nonprofit Zrt.-t is a MOB \u00e9s a f\u0151v\u00e1rosi \u00f6nkorm\u00e1nyzat ugyancsak a t\u00f6rv\u00e9ny hat\u00e1lyba l\u00e9p\u00e9se el\u0151tt hozta l\u00e9tre.<br \/>\n    A K\u00faria lesz\u00f6gezte: abban az esetben, ha a n\u00e9pszavaz\u00e1sra bocs\u00e1tand\u00f3 k\u00e9rd\u00e9s nem k\u00f6zvetlen\u00fcl ir\u00e1nyul valamely, az Orsz\u00e1ggy\u0171l\u00e9s hat\u00e1sk\u00f6r\u00e9be tartoz\u00f3 szervezetalak\u00edt\u00e1si k\u00e9rd\u00e9sre, csup\u00e1n k\u00f6zvetve \u00e9rinti azt, illetve ha az \u00e9rintetts\u00e9g csak l\u00e1tsz\u00f3lagos, akkor a k\u00e9rd\u00e9s hiteles\u00edt\u00e9se nem tagadhat\u00f3 meg arra hivatkozva, hogy az az Orsz\u00e1ggy\u0171l\u00e9s szervezetalak\u00edt\u00e1si hat\u00e1sk\u00f6r\u00e9t \u00e9rinten\u00e9.<br \/>\n    A b\u00edr\u00f3s\u00e1g szerint ugyanakkor a n\u00e9pszavaz\u00e1sra feltenni k\u00edv\u00e1nt k\u00e9rd\u00e9s nem felel meg az egy\u00e9rtelm\u0171s\u00e9g k\u00f6vetelm\u00e9ny\u00e9nek, vagyis az NVB alapos indokkal tagadta meg a hiteles\u00edt\u00e9s\u00e9t. Egyet\u00e9rtett a b\u00edr\u00f3s\u00e1g az NVB-vel abban, hogy joggal felt\u00e9telezhet\u0151, hogy az esetleges n\u00e9pszavaz\u00e1son megjelen\u0151 v\u00e1laszt\u00f3polg\u00e1rok d\u00f6nt\u0151 t\u00f6bbs\u00e9ge azt gondolhatja, abban a k\u00e9rd\u00e9sben nyilv\u00e1n\u00edt v\u00e9lem\u00e9nyt, hogy Budapest vagy Magyarorsz\u00e1g megrendezze-e a 2024. \u00e9vi Olimpiai J\u00e1t\u00e9kokat.<br \/>\n    A b\u00edr\u00f3s\u00e1g szerint ez a v\u00e1laszt\u00f3polg\u00e1ri felt\u00e9telez\u00e9s annak ellen\u00e9re alappal val\u00f3sz\u00edn\u0171s\u00edthet\u0151, hogy a val\u00f3s\u00e1gban \u00e9s kell\u0151 nyilv\u00e1noss\u00e1g mellett az olimpia p\u00e1ly\u00e1zati elj\u00e1r\u00e1sa m\u00e1r j\u00f3val a t\u00f6rv\u00e9ny hat\u00e1lyba l\u00e9p\u00e9se el\u0151tt megkezd\u0151d\u00f6tt orsz\u00e1ggy\u0171l\u00e9si \u00e9s korm\u00e1nyzati hat\u00e1rozatok, egy\u00e9b meg\u00e1llapod\u00e1sok alapj\u00e1n.<br \/>\n    Ezt a t\u00e9ved\u00e9st tov\u00e1bb er\u0151s\u00edti a t\u00f6rv\u00e9ny megalkot\u00e1sa, elnevez\u00e9se, egyes rendelkez\u00e9sei, holott a t\u00f6rv\u00e9ny hat\u00e1lyon k\u00edv\u00fcl helyez\u00e9se eset\u00e9n is akad\u00e1ly n\u00e9lk\u00fcl lebonyol\u00edthat\u00f3 a rendezv\u00e9ny, megrendezhet\u0151 az olimpia &#8211; sz\u00f6gezte le a K\u00faria. A b\u00edr\u00f3s\u00e1g szerint az \u00e9rv\u00e9nyes \u00e9s eredm\u00e9nyes n\u00e9pszavaz\u00e1snak nem sz\u00fcks\u00e9gszer\u0171 k\u00f6vetkezm\u00e9nye lenne a p\u00e1ly\u00e1zat visszavon\u00e1sa vagy az addigra esetleg elnyert rendez\u00e9s lemond\u00e1sa. A k\u00e9rd\u00e9ssel el\u00e9rhet\u0151 eredm\u00e9ny \u00e9s az arra adand\u00f3 igenl\u0151 v\u00e1lasz m\u00f6g\u00f6tti v\u00e1laszt\u00f3polg\u00e1ri sz\u00e1nd\u00e9k \u00f6sszhangja teh\u00e1t nem \u00e1ll fenn, ami a k\u00e9rd\u00e9s megt\u00e9veszt\u0151 jelleg\u00e9t igazolja &#8211; sz\u00f6gezte le a b\u00edr\u00f3s\u00e1g.<br \/>\n    A K\u00faria kit\u00e9rt arra is, megl\u00e1t\u00e1sa szerint a t\u00f6rv\u00e9ny \u00f6nc\u00e9l\u00fa, minden val\u00f3s k\u00f6vetkezm\u00e9ny n\u00e9lk\u00fcli hat\u00e1lyon k\u00edv\u00fcl helyez\u00e9se nem indokolhatja a v\u00e1laszt\u00f3polg\u00e1ri akarat \u00e9rv\u00e9nyre juttat\u00e1s\u00e1t.<br \/>\n    A K\u00faria v\u00e9gz\u00e9se joger\u0151s.(MTI)<\/p>\n","protected":false},"excerpt":{"rendered":"<p>A K\u00faria szerint sem lehet n\u00e9pszavaz\u00e1st rendezni a budapesti olimpiai j\u00e1t\u00e9kok rendez\u00e9s\u00e9r\u0151l sz\u00f3l\u00f3 t\u00f6rv\u00e9ny hat\u00e1lyon k\u00edv\u00fcl helyez\u00e9s\u00e9r\u0151l. A k\u00e9rd\u00e9s ugyanis azt a l\u00e1tszatot kelti, mintha a t\u00f6rv\u00e9ny visszavon\u00e1sa az olimpiai p\u00e1ly\u00e1zat visszavon\u00e1s\u00e1t is jelenten\u00e9 &#8211; \u00e1ll a K\u00faria szerdai &#8211; a Nemzet V\u00e1laszt\u00e1si Bizotts\u00e1gnak (NVB) a n\u00e9pszavaz\u00e1si k\u00e9rd\u00e9s hiteles\u00edt\u00e9s\u00e9t megtagad\u00f3 hat\u00e1rozat\u00e1t helybenhagy\u00f3 &#8211; v\u00e9gz\u00e9s\u00e9b\u0151l.<\/p>\n","protected":false},"author":1,"featured_media":0,"comment_status":"open","ping_status":"closed","sticky":false,"template":"","format":"standard","meta":[],"categories":[4],"tags":[],"_links":{"self":[{"href":"https:\/\/gazdasagportal.hu\/index.php\/wp-json\/wp\/v2\/posts\/87910"}],"collection":[{"href":"https:\/\/gazdasagportal.hu\/index.php\/wp-json\/wp\/v2\/posts"}],"about":[{"href":"https:\/\/gazdasagportal.hu\/index.php\/wp-json\/wp\/v2\/types\/post"}],"author":[{"embeddable":true,"href":"https:\/\/gazdasagportal.hu\/index.php\/wp-json\/wp\/v2\/users\/1"}],"replies":[{"embeddable":true,"href":"https:\/\/gazdasagportal.hu\/index.php\/wp-json\/wp\/v2\/comments?post=87910"}],"version-history":[{"count":1,"href":"https:\/\/gazdasagportal.hu\/index.php\/wp-json\/wp\/v2\/posts\/87910\/revisions"}],"predecessor-version":[{"id":87911,"href":"https:\/\/gazdasagportal.hu\/index.php\/wp-json\/wp\/v2\/posts\/87910\/revisions\/87911"}],"wp:attachment":[{"href":"https:\/\/gazdasagportal.hu\/index.php\/wp-json\/wp\/v2\/media?parent=87910"}],"wp:term":[{"taxonomy":"category","embeddable":true,"href":"https:\/\/gazdasagportal.hu\/index.php\/wp-json\/wp\/v2\/categories?post=87910"},{"taxonomy":"post_tag","embeddable":true,"href":"https:\/\/gazdasagportal.hu\/index.php\/wp-json\/wp\/v2\/tags?post=87910"}],"curies":[{"name":"wp","href":"https:\/\/api.w.org\/{rel}","templated":true}]}}