{"id":87897,"date":"2016-12-14T11:38:42","date_gmt":"2016-12-14T10:38:42","guid":{"rendered":"http:\/\/gazdasagportal.hu\/?p=87897"},"modified":"2016-12-14T11:38:42","modified_gmt":"2016-12-14T10:38:42","slug":"holgyeket-var-a-mercedes-benz-gyar-dualis-kepzese","status":"publish","type":"post","link":"https:\/\/gazdasagportal.hu\/index.php\/holgyeket-var-a-mercedes-benz-gyar-dualis-kepzese\/","title":{"rendered":"H\u00f6lgyeket v\u00e1r a Mercedes-Benz Gy\u00e1r du\u00e1lis k\u00e9pz\u00e9se"},"content":{"rendered":"<p><strong>N\u00e9gy szakm\u00e1t mutatott be p\u00e1lyav\u00e1laszt\u00e1s el\u0151tt \u00e1ll\u00f3 l\u00e1nyoknak a kecskem\u00e9ti Mercedes-Benz Gy\u00e1r<\/strong><!--more--><\/p>\n<div class=\"ads-in-post1\"><div id=\"gazdasagportal.hu_fullbanner_wideboard\"><\/div>\r\n<\/div>\n<p><strong>\u00a0<\/strong><\/p>\n<ul>\n<li>Nagy \u00e9rdekl\u0151d\u00e9s mellett rendezte meg a kecskem\u00e9ti Mercedes-Benz Gy\u00e1r Girl\u2019s Day elnevez\u00e9s\u0171 ny\u00edlt napj\u00e1t.<\/li>\n<li>A p\u00e1lyav\u00e1laszt\u00e1s el\u0151tt \u00e1ll\u00f3 l\u00e1nyok n\u00e9gy szakm\u00e1val ismerkedhettek meg a gy\u00e1r Oktat\u00e1si K\u00f6zpontj\u00e1ban.<\/li>\n<li>A Mercedes-Benz Gy\u00e1r a szakiskolai tanul\u00f3k munka vil\u00e1g\u00e1ba val\u00f3 bevon\u00e1s\u00e1t a du\u00e1lis k\u00e9pz\u00e9s form\u00e1j\u00e1ban seg\u00edti.<\/li>\n<\/ul>\n<p>Negyedik alkalommal rendezte meg kifejezetten l\u00e1nyok sz\u00e1m\u00e1ra szervezett ny\u00edlt napj\u00e1t a Mercedes-Benz Gy\u00e1r Kecskem\u00e9ten. A 2013-ban indult, ma m\u00e1r hagyom\u00e1nynak sz\u00e1m\u00edt\u00f3 rendezv\u00e9nyen t\u00f6bb mint 60 p\u00e1lyav\u00e1laszt\u00e1s el\u0151tt \u00e1ll\u00f3 fiatal h\u00f6lgy ismerkedett meg a j\u00e1rm\u0171karossz\u00e9ria-el\u0151k\u00e9sz\u00edt\u0151 \u00e9s fel\u00fcletbevon\u00f3, a g\u00e9pj\u00e1rm\u0171 mechatronikus, a mechatronikus karbantart\u00f3, valamint a szersz\u00e1mk\u00e9sz\u00edt\u0151 szakm\u00e1kkal a Mercedes-Benz Oktat\u00e1si K\u00f6zpontj\u00e1ban.<\/p>\n<p>A vend\u00e9geket a gy\u00e1rt\u00e1s \u00e9s a HR ter\u00fclet\u00e9n dolgoz\u00f3 n\u0151i vezet\u0151k k\u00f6sz\u00f6nt\u00f6tt\u00e9k, majd a nap egy k\u00f6z\u00f6s fot\u00f3zkod\u00e1ssal indult a magyar aut\u00f3gy\u00e1rt\u00e1s ma m\u00e1r ikonikus modellj\u00e9vel, a Mercedes-Benz CLA-val. A l\u00e1togat\u00f3k a Mercedes-Benz k\u00e9pz\u00e9seir\u0151l \u00e9s karrierlehet\u0151s\u00e9geir\u0151l hallhattak hasznos inform\u00e1ci\u00f3kat, majd n\u00e9gy szakm\u00e1val ismerkedtek meg j\u00e1t\u00e9kosan: k\u00fcl\u00f6nf\u00e9le alakzatokat f\u00fajtak a motorh\u00e1ztet\u0151re, egyszer\u0171bb m\u00e9r\u00e9seket v\u00e9geztek, f\u00e9mkarik\u00e1t hajtottak egy kanyarg\u00f3s p\u00e1ly\u00e1n, k\u00fcl\u00f6nb\u00f6z\u0151 form\u00e1kat hajtogattak alum\u00edniumb\u00f3l.<\/p><div id=\"gazda-2781595195\" class=\"gazda-tartalomban gazda-entity-placement\"><script async src=\"https:\/\/pagead2.googlesyndication.com\/pagead\/js\/adsbygoogle.js\"><\/script>\r\n<ins class=\"adsbygoogle\"\r\n     style=\"display:block\"\r\n     data-ad-format=\"fluid\"\r\n     data-ad-layout-key=\"-6t+ed+2i-1n-4w\"\r\n     data-ad-client=\"ca-pub-1959107119989764\"\r\n     data-ad-slot=\"4008251320\"><\/ins>\r\n<script>\r\n     (adsbygoogle = window.adsbygoogle || []).push({});\r\n<\/script><\/div>\n<p>&nbsp;<\/p>\n<p>Mizsei Emese, a HR-oszt\u00e1ly toborz\u00e1s\u00e9rt felel\u0151s vezet\u0151je elmondta: \u201eC\u00e9lul t\u0171zt\u00fck ki, hogy a h\u00f6lgy munkav\u00e1llal\u00f3ink ar\u00e1nya n\u00f6vekedjen. A Mercedes-Benz sik\u00e9rhez nemcsak vil\u00e1gsz\u00ednvonal\u00fa technol\u00f3gi\u00e1ra, hanem k\u00e9pzett \u00e9s motiv\u00e1lt n\u0151i szakemberekre is sz\u00fcks\u00e9g\u00fcnk van. \u00c9ppen ez\u00e9rt az \u00faj munkahelyek bet\u00f6lt\u00e9sekor sz\u00e1m\u00edtunk a h\u00f6lgyek jelentkez\u00e9s\u00e9re is. Munkav\u00e1llal\u00f3ink sz\u00e1m\u00e1ra k\u00e9pz\u00e9seket, fejl\u0151d\u00e9si lehet\u0151s\u00e9geket \u00e9s csal\u00e1dbar\u00e1t szolg\u00e1ltat\u00e1sokat k\u00edn\u00e1lunk.\u201d<\/p>\n<p>A Mercedes-Benz Manufacturing Hungary Kft. \u00f6t \u00e9ve, 2009-ben hozta meg strat\u00e9giai d\u00f6nt\u00e9s\u00e9t a du\u00e1lis szakk\u00e9pz\u00e9s bevezet\u00e9s\u00e9r\u0151l. A h\u00e1rom\u00e9ves szakk\u00e9pz\u00e9s a Kecskem\u00e9ti Szakk\u00e9pz\u00e9si Centrum Kand\u00f3 K\u00e1lm\u00e1n, illetve G\u00e1sp\u00e1r Andr\u00e1s Szakgimn\u00e1ziuma \u00e9s Szakk\u00f6z\u00e9piskol\u00e1j\u00e1val egy\u00fcttm\u0171k\u00f6dve g\u00e9pj\u00e1rm\u0171mechatronikus, mechatronikai karbantart\u00f3 \u00e9s g\u00e9pj\u00e1rm\u0171-el\u0151k\u00e9sz\u00edt\u0151 fel\u00fcletbevon\u00f3 szakokon indult el, amely k\u00e9s\u0151bb tov\u00e1bb b\u0151v\u00fclt szersz\u00e1mk\u00e9sz\u00edt\u0151 szakm\u00e1val is. Az idei \u00e9vben a n\u00e9gy szakm\u00e1ban \u00f6sszesen 108 fiatal kezdte meg tanulm\u00e1nyait, k\u00f6zt\u00fck t\u00f6bb h\u00f6lggyel.<\/p>\n<p>&nbsp;<\/p>\n<p><strong>Mercedes-Benz Manufacturing Hungary Kft.<\/strong><\/p>\n<p>A Mercedes-Benz Manufacturing Hungary Kft. k\u00f6zel 4.000 munkav\u00e1llal\u00f3 sz\u00e1m\u00e1ra biztos\u00edt munkahelyet. 2015-ben a kecskem\u00e9ti gy\u00e1r t\u00f6bb mint 180.000 kompakt aut\u00f3t gy\u00e1rtott. Az els\u0151 Magyarorsz\u00e1gon is gy\u00e1rtott term\u00e9k a B-oszt\u00e1ly volt; m\u00edg 2013-ban a n\u00e9gyajt\u00f3s CLA coup\u00e9, illetve 2015 janu\u00e1rj\u00e1ban a CLA Shooting Brake gy\u00e1rt\u00e1s\u00e1t is megkezdte a kecskem\u00e9ti gy\u00e1r. K\u00fcl\u00f6n b\u00fcszkes\u00e9g, hogy ez ut\u00f3bbi k\u00e9t t\u00edpust kiz\u00e1r\u00f3lag itt Magyarorsz\u00e1gon gy\u00e1rtj\u00e1k az eg\u00e9sz vil\u00e1g &#8211; t\u00f6bb mint 180 orsz\u00e1ga \u2013 r\u00e9sz\u00e9re. A kecskem\u00e9ti Mercedes-Benz Gy\u00e1r ma Magyarorsz\u00e1g egyik legattrakt\u00edvabb munk\u00e1ltat\u00f3ja, a v\u00e1llalat 2015-ben elnyerte a Randstad \u201eMagyarorsz\u00e1g legvonz\u00f3bb munk\u00e1ltat\u00f3ja\u201d d\u00edjat.<\/p>\n","protected":false},"excerpt":{"rendered":"<p>N\u00e9gy szakm\u00e1t mutatott be p\u00e1lyav\u00e1laszt\u00e1s el\u0151tt \u00e1ll\u00f3 l\u00e1nyoknak a kecskem\u00e9ti Mercedes-Benz Gy\u00e1r<\/p>\n","protected":false},"author":1,"featured_media":0,"comment_status":"open","ping_status":"closed","sticky":false,"template":"","format":"standard","meta":[],"categories":[19],"tags":[],"_links":{"self":[{"href":"https:\/\/gazdasagportal.hu\/index.php\/wp-json\/wp\/v2\/posts\/87897"}],"collection":[{"href":"https:\/\/gazdasagportal.hu\/index.php\/wp-json\/wp\/v2\/posts"}],"about":[{"href":"https:\/\/gazdasagportal.hu\/index.php\/wp-json\/wp\/v2\/types\/post"}],"author":[{"embeddable":true,"href":"https:\/\/gazdasagportal.hu\/index.php\/wp-json\/wp\/v2\/users\/1"}],"replies":[{"embeddable":true,"href":"https:\/\/gazdasagportal.hu\/index.php\/wp-json\/wp\/v2\/comments?post=87897"}],"version-history":[{"count":1,"href":"https:\/\/gazdasagportal.hu\/index.php\/wp-json\/wp\/v2\/posts\/87897\/revisions"}],"predecessor-version":[{"id":87898,"href":"https:\/\/gazdasagportal.hu\/index.php\/wp-json\/wp\/v2\/posts\/87897\/revisions\/87898"}],"wp:attachment":[{"href":"https:\/\/gazdasagportal.hu\/index.php\/wp-json\/wp\/v2\/media?parent=87897"}],"wp:term":[{"taxonomy":"category","embeddable":true,"href":"https:\/\/gazdasagportal.hu\/index.php\/wp-json\/wp\/v2\/categories?post=87897"},{"taxonomy":"post_tag","embeddable":true,"href":"https:\/\/gazdasagportal.hu\/index.php\/wp-json\/wp\/v2\/tags?post=87897"}],"curies":[{"name":"wp","href":"https:\/\/api.w.org\/{rel}","templated":true}]}}