{"id":87832,"date":"2016-12-13T10:26:27","date_gmt":"2016-12-13T09:26:27","guid":{"rendered":"http:\/\/gazdasagportal.hu\/?p=87832"},"modified":"2016-12-13T10:26:27","modified_gmt":"2016-12-13T09:26:27","slug":"ma-veszi-kezdetet-a-fed-ket-napos-kamatdonto-ulese","status":"publish","type":"post","link":"https:\/\/gazdasagportal.hu\/index.php\/ma-veszi-kezdetet-a-fed-ket-napos-kamatdonto-ulese\/","title":{"rendered":"Ma veszi kezdet\u00e9t a FED k\u00e9t napos kamatd\u00f6nt\u0151 \u00fcl\u00e9se"},"content":{"rendered":"<p><strong>A FED kamatd\u00f6nt\u0151 \u00fcl\u00e9s\u00e9n szinte m\u00e1r bor\u00edt\u00e9kolhat\u00f3 az eredm\u00e9ny. Amire igaz\u00e1n \u00e9rdemes figyeln\u00fcnk, az Janet Yellen szavai, hiszen a j\u00f6v\u0151 \u00e9vet illet\u0151en t\u0151le tudhatunk meg fontos r\u00e9szleteket, mondta el Kiss Tam\u00e1s, az Equilor Befektet\u00e9si Zrt. Private Banking referense.<\/strong><!--more--><\/p>\n<div class=\"ads-in-post1\"><div id=\"gazdasagportal.hu_fullbanner_wideboard\"><\/div>\r\n<\/div>\n<p>A h\u00e9t kiemelt esem\u00e9nye az amerikai kamatd\u00f6nt\u00e9s lesz. Szerda este \u00e9r v\u00e9get a jegybank k\u00e9tnapos kamatmeghat\u00e1roz\u00f3 \u00fcl\u00e9se, a hat\u00e1rid\u0151s \u00e1raz\u00e1sok alapj\u00e1n 92% az es\u00e9lye, hogy 25 b\u00e1zispontos, m\u00edg 8% az es\u00e9lye, hogy 50 b\u00e1zispontos kamatemel\u00e9st hajt v\u00e9gre a Fed. A legut\u00f3bbi \u00fcl\u00e9sen 2 jegybank\u00e1r (Mester \u00e9s George) szavazott kamatemel\u00e9sre, a k\u00f6zlem\u00e9nyben kiemelt\u00e9k, hogy stabil a gazdas\u00e1gi n\u00f6veked\u00e9s, a munkaer\u0151piaci folyamatok kedvez\u0151ek, a lakoss\u00e1gi fogyaszt\u00e1s kell\u0151 m\u00e9rt\u00e9kben b\u0151v\u00fcl, \u00e9s a 2%-os infl\u00e1ci\u00f3s c\u00e9l is hamarosan el\u00e9rhet\u0151 lehet. Az\u00f3ta Janet Yellen t\u00f6bb alkalommal utalt r\u00e1, hogy itt az id\u0151 a kamatemel\u00e9sre. Amikor Trump megnyerte az eln\u00f6kv\u00e1laszt\u00e1st, megugrottak az \u00e1llampap\u00edrpiaci hozamok, r\u00e1ad\u00e1sul a leend\u0151 eln\u00f6k kijelentette, hogy m\u00e1r r\u00e9gen kamatot kellett volna emelni. A tervezett gazdas\u00e1g\u00e9l\u00e9nk\u00edt\u0151 csomag v\u00e9ghezvitele eset\u00e9n hosszabb t\u00e1von is emelkedhetnek az infl\u00e1ci\u00f3s, \u00e9s GDP v\u00e1rakoz\u00e1sok, ez pedig a kor\u00e1bban v\u00e1rtn\u00e1l intenz\u00edvebb kamatemel\u00e9si ciklust indokolhat a k\u00f6vetkez\u0151 \u00e9vekben.<\/p>\n<p><iframe loading=\"lazy\" width=\"509\" height=\"319\" src=\"http:\/\/gazdasagtv.hu\/iframe.php?id=10820\" style=\"border: none; overflow: hidden\" scrolling=\"no\"><\/iframe><br \/>Forr\u00e1s: <a href=\"http:\/\/gazdasagtv.hu\" style=\"color: #df1100; font-weight: bold; text-decoration: none;\" target=\"_blank\" rel=\"noopener\">Gazdas\u00e1gTV.hu<\/a><\/p><div id=\"gazda-3261335460\" class=\"gazda-tartalomban gazda-entity-placement\"><script async src=\"https:\/\/pagead2.googlesyndication.com\/pagead\/js\/adsbygoogle.js\"><\/script>\r\n<ins class=\"adsbygoogle\"\r\n     style=\"display:block\"\r\n     data-ad-format=\"fluid\"\r\n     data-ad-layout-key=\"-6t+ed+2i-1n-4w\"\r\n     data-ad-client=\"ca-pub-1959107119989764\"\r\n     data-ad-slot=\"4008251320\"><\/ins>\r\n<script>\r\n     (adsbygoogle = window.adsbygoogle || []).push({});\r\n<\/script><\/div>\n","protected":false},"excerpt":{"rendered":"<p>A FED kamatd\u00f6nt\u0151 \u00fcl\u00e9s\u00e9n szinte m\u00e1r bor\u00edt\u00e9kolhat\u00f3 az eredm\u00e9ny. Amire igaz\u00e1n \u00e9rdemes figyeln\u00fcnk, az Janet Yellen szavai, hiszen a j\u00f6v\u0151 \u00e9vet illet\u0151en t\u0151le tudhatunk meg fontos r\u00e9szleteket, mondta el Kiss Tam\u00e1s, az Equilor Befektet\u00e9si Zrt. Private Banking referense.<\/p>\n","protected":false},"author":1,"featured_media":59667,"comment_status":"open","ping_status":"closed","sticky":false,"template":"","format":"standard","meta":[],"categories":[146,8,7,246],"tags":[],"_links":{"self":[{"href":"https:\/\/gazdasagportal.hu\/index.php\/wp-json\/wp\/v2\/posts\/87832"}],"collection":[{"href":"https:\/\/gazdasagportal.hu\/index.php\/wp-json\/wp\/v2\/posts"}],"about":[{"href":"https:\/\/gazdasagportal.hu\/index.php\/wp-json\/wp\/v2\/types\/post"}],"author":[{"embeddable":true,"href":"https:\/\/gazdasagportal.hu\/index.php\/wp-json\/wp\/v2\/users\/1"}],"replies":[{"embeddable":true,"href":"https:\/\/gazdasagportal.hu\/index.php\/wp-json\/wp\/v2\/comments?post=87832"}],"version-history":[{"count":1,"href":"https:\/\/gazdasagportal.hu\/index.php\/wp-json\/wp\/v2\/posts\/87832\/revisions"}],"predecessor-version":[{"id":87833,"href":"https:\/\/gazdasagportal.hu\/index.php\/wp-json\/wp\/v2\/posts\/87832\/revisions\/87833"}],"wp:featuredmedia":[{"embeddable":true,"href":"https:\/\/gazdasagportal.hu\/index.php\/wp-json\/wp\/v2\/media\/59667"}],"wp:attachment":[{"href":"https:\/\/gazdasagportal.hu\/index.php\/wp-json\/wp\/v2\/media?parent=87832"}],"wp:term":[{"taxonomy":"category","embeddable":true,"href":"https:\/\/gazdasagportal.hu\/index.php\/wp-json\/wp\/v2\/categories?post=87832"},{"taxonomy":"post_tag","embeddable":true,"href":"https:\/\/gazdasagportal.hu\/index.php\/wp-json\/wp\/v2\/tags?post=87832"}],"curies":[{"name":"wp","href":"https:\/\/api.w.org\/{rel}","templated":true}]}}