{"id":87814,"date":"2016-12-13T04:24:08","date_gmt":"2016-12-13T03:24:08","guid":{"rendered":"http:\/\/gazdasagportal.hu\/?p=87814"},"modified":"2016-12-12T20:40:26","modified_gmt":"2016-12-12T19:40:26","slug":"a-kovetkezo-ket-evben-husz-szazalekkal-no-az-alapfizetes-a-a-mercedes-kecskemeti-gyarban","status":"publish","type":"post","link":"https:\/\/gazdasagportal.hu\/index.php\/a-kovetkezo-ket-evben-husz-szazalekkal-no-az-alapfizetes-a-a-mercedes-kecskemeti-gyarban\/","title":{"rendered":"A k\u00f6vetkez\u0151 k\u00e9t \u00e9vben h\u00fasz sz\u00e1zal\u00e9kkal n\u0151 az alapfizet\u00e9s a a Mercedes kecskem\u00e9ti gy\u00e1rban"},"content":{"rendered":"<p><strong>B\u00e9rmeg\u00e1llapod\u00e1st k\u00f6t\u00f6tt a Mercedes az \u00e9rdekk\u00e9pviseleti szervezetekkel, ennek \u00e9rtelm\u00e9ben a k\u00f6vetkez\u0151 k\u00e9t \u00e9vben h\u00fasz sz\u00e1zal\u00e9kkal n\u0151 az alapfizet\u00e9s a kecskem\u00e9ti gy\u00e1rban. <\/strong><!--more--><\/p>\n<div class=\"ads-in-post1\"><div id=\"gazdasagportal.hu_fullbanner_wideboard\"><\/div>\r\n<\/div>\n<p>    Az MTI-hez eljuttatott k\u00f6zlem\u00e9ny szerint a Mercedes-Benz Manufacturing Hungary Kft. az elm\u00falt id\u0151szakban sz\u00e1mos b\u00e9rfejleszt\u00e9sre vonatkoz\u00f3 t\u00e1rgyal\u00e1st folytatott a Vasas Szakszervezeti Sz\u00f6vets\u00e9ggel, valamint a M\u00e9rn\u00f6k\u00f6k \u00e9s Technikusok Szabad Szakszervezet\u00e9vel. A b\u00e9rt\u00e1rgyal\u00e1sok eredm\u00e9nyek\u00e9nt a szervezetek v\u00e9g\u00fcl k\u00e9t\u00e9ves b\u00e9rmeg\u00e1llapod\u00e1st k\u00f6t\u00f6ttek, melynek \u00e9rtelm\u00e9ben a v\u00e1llalat 2017 \u00e1prilis\u00e1t\u00f3l minden munkav\u00e1llal\u00f3j\u00e1nak 10 sz\u00e1zal\u00e9kos, majd egy \u00e9v m\u00falva, 2018 \u00e1prilis\u00e1t\u00f3l \u00fajabb 10 sz\u00e1zal\u00e9kos alapb\u00e9remel\u00e9st biztos\u00edt.     A Mercedes vezet\u0151s\u00e9ge ugyan m\u00e1r kor\u00e1bban megegyezett egy t\u00f6bbl\u00e9pcs\u0151s, k\u00e9t \u00e9vre sz\u00f3l\u00f3 b\u00e9rfejleszt\u00e9sr\u0151l a M\u00e9rn\u00f6k\u00f6k \u00e9s Technikusok Szabad Szakszervezet\u00e9vel, ennek m\u00e9rt\u00e9k\u00e9t azonban a Vasas szakszervezet kevesellte, \u00edgy a meg\u00e1llapod\u00e1st nem \u00edrta al\u00e1, \u00e9s november v\u00e9g\u00e9n k\u00e9t\u00f3r\u00e1s , hajnali sztr\u00e1jkot hirdetett a kecskem\u00e9ti Mercedes-gy\u00e1rban.<br \/>\n    A mostani meg\u00e1llapod\u00e1s ut\u00e1n L\u00e1szl\u00f3 Zolt\u00e1n, a Vasas Szakszervezeti Sz\u00f6vets\u00e9g aleln\u00f6ke a szervezet honlapj\u00e1n \u00fagy fogalmazott: &#8222;a t\u00e1rgyal\u00e1sok els\u0151 fordul\u00f3j\u00e1ban, n\u00e9h\u00e1ny h\u00f3napja m\u00e9g csak 4-5 sz\u00e1zal\u00e9kos b\u00e9rfejleszt\u00e9st aj\u00e1nlott a gy\u00e1r, azt k\u00f6vet\u0151en sok\u00e1ig 7 sz\u00e1zal\u00e9k k\u00f6r\u00fcli alapb\u00e9remel\u00e9s k\u00f6rvonalaz\u00f3dott, most viszont al\u00e1\u00edrt\u00e1k a felek a k\u00e9t \u00e9vre sz\u00f3l\u00f3, \u00e9vente 10 sz\u00e1zal\u00e9kos b\u00e9rn\u00f6veked\u00e9sr\u0151l sz\u00f3l\u00f3 meg\u00e1llapod\u00e1st.&#8221; (MTI)<\/p>\n","protected":false},"excerpt":{"rendered":"<p>B\u00e9rmeg\u00e1llapod\u00e1st k\u00f6t\u00f6tt a Mercedes az \u00e9rdekk\u00e9pviseleti szervezetekkel, ennek \u00e9rtelm\u00e9ben a k\u00f6vetkez\u0151 k\u00e9t \u00e9vben h\u00fasz sz\u00e1zal\u00e9kkal n\u0151 az alapfizet\u00e9s a kecskem\u00e9ti gy\u00e1rban.<\/p>\n","protected":false},"author":1,"featured_media":0,"comment_status":"open","ping_status":"closed","sticky":false,"template":"","format":"standard","meta":[],"categories":[19],"tags":[],"_links":{"self":[{"href":"https:\/\/gazdasagportal.hu\/index.php\/wp-json\/wp\/v2\/posts\/87814"}],"collection":[{"href":"https:\/\/gazdasagportal.hu\/index.php\/wp-json\/wp\/v2\/posts"}],"about":[{"href":"https:\/\/gazdasagportal.hu\/index.php\/wp-json\/wp\/v2\/types\/post"}],"author":[{"embeddable":true,"href":"https:\/\/gazdasagportal.hu\/index.php\/wp-json\/wp\/v2\/users\/1"}],"replies":[{"embeddable":true,"href":"https:\/\/gazdasagportal.hu\/index.php\/wp-json\/wp\/v2\/comments?post=87814"}],"version-history":[{"count":1,"href":"https:\/\/gazdasagportal.hu\/index.php\/wp-json\/wp\/v2\/posts\/87814\/revisions"}],"predecessor-version":[{"id":87815,"href":"https:\/\/gazdasagportal.hu\/index.php\/wp-json\/wp\/v2\/posts\/87814\/revisions\/87815"}],"wp:attachment":[{"href":"https:\/\/gazdasagportal.hu\/index.php\/wp-json\/wp\/v2\/media?parent=87814"}],"wp:term":[{"taxonomy":"category","embeddable":true,"href":"https:\/\/gazdasagportal.hu\/index.php\/wp-json\/wp\/v2\/categories?post=87814"},{"taxonomy":"post_tag","embeddable":true,"href":"https:\/\/gazdasagportal.hu\/index.php\/wp-json\/wp\/v2\/tags?post=87814"}],"curies":[{"name":"wp","href":"https:\/\/api.w.org\/{rel}","templated":true}]}}