{"id":87810,"date":"2016-12-13T03:35:46","date_gmt":"2016-12-13T02:35:46","guid":{"rendered":"http:\/\/gazdasagportal.hu\/?p=87810"},"modified":"2016-12-12T20:36:34","modified_gmt":"2016-12-12T19:36:34","slug":"opimus-a-mediaworks-nem-inditja-ujra-a-nepszabadsagot","status":"publish","type":"post","link":"https:\/\/gazdasagportal.hu\/index.php\/opimus-a-mediaworks-nem-inditja-ujra-a-nepszabadsagot\/","title":{"rendered":"Opimus: a Mediaworks nem ind\u00edtja \u00fajra a N\u00e9pszabads\u00e1got"},"content":{"rendered":"<p><strong>Nem ind\u00edtja \u00fajra a N\u00e9pszabads\u00e1got a Mediaworks &#8211; tette k\u00f6zz\u00e9 az Opimus Group Nyrt. h\u00e9tf\u0151n a Budapesti \u00c9rt\u00e9kt\u0151zsde honlapj\u00e1n.<\/strong><!--more--><\/p>\n<div class=\"ads-in-post1\"><div id=\"gazdasagportal.hu_fullbanner_wideboard\"><\/div>\r\n<\/div>\n<p>    A t\u00e1j\u00e9koztat\u00e1s szerint a c\u00e9g egyszem\u00e9lyes le\u00e1nyv\u00e1llalata, az Opimus Press Zrt. felk\u00e9r\u00e9s\u00e9re a 100 sz\u00e1zal\u00e9kos tulajdon\u00e1ban \u00e1ll\u00f3 Mediaworks Hungary Zrt. igazgat\u00f3s\u00e1ga megvizsg\u00e1lta a N\u00e9pszabads\u00e1g \u00fajraind\u00edt\u00e1s\u00e1nak lehet\u0151s\u00e9g\u00e9t.<br \/>\n    Az igazgat\u00f3s\u00e1g &#8222;nem l\u00e1tja sem racion\u00e1lis lehet\u0151s\u00e9g\u00e9t, sem gazdas\u00e1gi megalapozotts\u00e1g\u00e1t a N\u00e9pszabads\u00e1g c\u00edm\u0171 napilap \u00fajraind\u00edt\u00e1s\u00e1nak&#8221; &#8211; \u00edrt\u00e1k.<br \/>\n    A Mediaworks kiad\u00f3 okt\u00f3ber 8-\u00e1n jelentette be, hogy felf\u00fcggesztette a N\u00e9pszabads\u00e1g nyomtatott \u00e9s internetes form\u00e1ban t\u00f6rt\u00e9n\u0151 kiad\u00e1s\u00e1t a lap \u00faj koncepci\u00f3j\u00e1nak kialak\u00edt\u00e1s\u00e1ig, illetve megval\u00f3s\u00edt\u00e1s\u00e1ig. A kiad\u00f3 d\u00f6nt\u00e9s\u00e9t k\u00f6zlem\u00e9ny\u00e9ben azzal indokolta, hogy a N\u00e9pszabads\u00e1g p\u00e9ld\u00e1nysz\u00e1ma az elm\u00falt t\u00edz \u00e9vben 74 sz\u00e1zal\u00e9kkal, azaz 100 ezer p\u00e9ld\u00e1nyt meghalad\u00f3 m\u00e9rt\u00e9kben cs\u00f6kkent, aminek k\u00f6vetkezt\u00e9ben a lap 2007 \u00f3ta t\u00f6bb mint 5 milli\u00e1rd forint vesztes\u00e9get termelt, \u00e9s id\u00e9n is jelent\u0151s vesztes\u00e9get halmozott fel.<br \/>\n    Okt\u00f3ber 25-\u00e9n a Mediaworks addigi tulajdonosa, a Vienna Capital Partners eladta a c\u00e9get Opimus Press Zrt.-nek.(MTI)<\/p>\n","protected":false},"excerpt":{"rendered":"<p>Nem ind\u00edtja \u00fajra a N\u00e9pszabads\u00e1got a Mediaworks &#8211; tette k\u00f6zz\u00e9 az Opimus Group Nyrt. h\u00e9tf\u0151n a Budapesti \u00c9rt\u00e9kt\u0151zsde honlapj\u00e1n.<\/p>\n","protected":false},"author":1,"featured_media":0,"comment_status":"open","ping_status":"closed","sticky":false,"template":"","format":"standard","meta":[],"categories":[4],"tags":[],"_links":{"self":[{"href":"https:\/\/gazdasagportal.hu\/index.php\/wp-json\/wp\/v2\/posts\/87810"}],"collection":[{"href":"https:\/\/gazdasagportal.hu\/index.php\/wp-json\/wp\/v2\/posts"}],"about":[{"href":"https:\/\/gazdasagportal.hu\/index.php\/wp-json\/wp\/v2\/types\/post"}],"author":[{"embeddable":true,"href":"https:\/\/gazdasagportal.hu\/index.php\/wp-json\/wp\/v2\/users\/1"}],"replies":[{"embeddable":true,"href":"https:\/\/gazdasagportal.hu\/index.php\/wp-json\/wp\/v2\/comments?post=87810"}],"version-history":[{"count":1,"href":"https:\/\/gazdasagportal.hu\/index.php\/wp-json\/wp\/v2\/posts\/87810\/revisions"}],"predecessor-version":[{"id":87811,"href":"https:\/\/gazdasagportal.hu\/index.php\/wp-json\/wp\/v2\/posts\/87810\/revisions\/87811"}],"wp:attachment":[{"href":"https:\/\/gazdasagportal.hu\/index.php\/wp-json\/wp\/v2\/media?parent=87810"}],"wp:term":[{"taxonomy":"category","embeddable":true,"href":"https:\/\/gazdasagportal.hu\/index.php\/wp-json\/wp\/v2\/categories?post=87810"},{"taxonomy":"post_tag","embeddable":true,"href":"https:\/\/gazdasagportal.hu\/index.php\/wp-json\/wp\/v2\/tags?post=87810"}],"curies":[{"name":"wp","href":"https:\/\/api.w.org\/{rel}","templated":true}]}}