{"id":87803,"date":"2016-12-12T18:56:59","date_gmt":"2016-12-12T17:56:59","guid":{"rendered":"http:\/\/gazdasagportal.hu\/?p=87803"},"modified":"2016-12-12T17:17:43","modified_gmt":"2016-12-12T16:17:43","slug":"brexit-brit-kamarai-szovetseg-nem-lesz-tartos-a-brit-gazdasag-lendulete","status":"publish","type":"post","link":"https:\/\/gazdasagportal.hu\/index.php\/brexit-brit-kamarai-szovetseg-nem-lesz-tartos-a-brit-gazdasag-lendulete\/","title":{"rendered":"Brexit &#8211; Brit kamarai sz\u00f6vets\u00e9g: nem lesz tart\u00f3s a brit gazdas\u00e1g lend\u00fclete"},"content":{"rendered":"<p><strong>A brit gazdas\u00e1g az EU-tags\u00e1gr\u00f3l tartott j\u00faniusi n\u00e9pszavaz\u00e1s \u00f3ta a v\u00e1rtn\u00e1l jobb n\u00f6veked\u00e9si teljes\u00edtm\u00e9nyt mutatott, de ez a lend\u00fclet nem lesz tart\u00f3s az uni\u00f3s tags\u00e1g megsz\u0171n\u00e9s\u00e9hez vezet\u0151 folyamat bizonytalans\u00e1gai miatt &#8211; \u00e1ll a brit \u00fczleti v\u00e1llalkoz\u00e1sok \u00e9rdekk\u00e9pviselet\u00e9t ell\u00e1t\u00f3 Brit Kereskedelmi Kamar\u00e1k (BCC) h\u00e9tf\u0151n ismertetett \u00faj, fel\u00fclvizsg\u00e1lt el\u0151rejelz\u00e9s\u00e9ben.<\/strong><!--more--><\/p>\n<div class=\"ads-in-post1\"><div id=\"gazdasagportal.hu_fullbanner_wideboard\"><\/div>\r\n<\/div>\n<p>    A BCC az idei \u00e9v eg\u00e9sz\u00e9re sz\u00f3l\u00f3 n\u00f6veked\u00e9si el\u0151rejelz\u00e9s\u00e9t a v\u00e1rakoz\u00e1sokat meghalad\u00f3 aktivit\u00e1si adatok alapj\u00e1n 2,1 sz\u00e1zal\u00e9kra jav\u00edtotta az eddigi 1,8 sz\u00e1zal\u00e9kr\u00f3l.<br \/>\n    A szervezet a j\u00f6v\u0151 \u00e9vi progn\u00f3zist is jav\u00edtotta 0,1 sz\u00e1zal\u00e9kponttal, de \u00edgy is csak 1,1 sz\u00e1zal\u00e9kos GDP-n\u00f6veked\u00e9st val\u00f3sz\u00edn\u0171s\u00edt 2017-ben, 2018-ra pedig az \u00e1ltala eddig j\u00f3solt 1,8 sz\u00e1zal\u00e9kn\u00e1l j\u00f3val gyeng\u00e9bb, 1,4 sz\u00e1zal\u00e9kos n\u00f6veked\u00e9st v\u00e1r a brit gazdas\u00e1gban.<br \/>\n    A kamarai sz\u00f6vets\u00e9g szerint k\u00f6z\u00e9pt\u00e1von az EU-hoz f\u0171z\u0151d\u0151 j\u00f6v\u0151beni brit viszonyrendszer k\u00f6r\u00fcli bizonytalans\u00e1g, valamint a font gyenges\u00e9ge \u00e1ltal felhajtott infl\u00e1ci\u00f3 lesz a n\u00f6veked\u00e9s k\u00e9t f\u0151 visszah\u00faz\u00f3 ereje, b\u00e1r a BCC recesszi\u00f3t nem v\u00e1r a brit gazdas\u00e1gban.<br \/>\n    A szervezet k\u00f6zgazd\u00e1szainak sz\u00e1m\u00edt\u00e1sai szerint az infl\u00e1ci\u00f3 &#8211; amely az idei \u00e9v kor\u00e1bbi szakaszaiban a negat\u00edv tartom\u00e1nyban is j\u00e1rt &#8211; m\u00e1r j\u00f6v\u0151re meghaladja a Bank of England &#8211; a brit jegybank &#8211; sz\u00e1m\u00e1ra a korm\u00e1ny \u00e1ltal el\u0151\u00edrt 2 sz\u00e1zal\u00e9kos c\u00e9lszintet. A BCC 2017-re 2,1 sz\u00e1zal\u00e9kos, 2018-ra 2,4 sz\u00e1zal\u00e9kos \u00e1tlagos infl\u00e1ci\u00f3t v\u00e1r. Ezek jelent\u0151sen megemelt el\u0151rejelz\u00e9sek: a kamarai sz\u00f6vets\u00e9g az EU-n\u00e9pszavaz\u00e1s el\u0151tt erre a k\u00e9t \u00e9vre 1,6, illetve 1,8 sz\u00e1zal\u00e9kos infl\u00e1ci\u00f3t j\u00f3solt.<br \/>\n    A BCC v\u00e1rakoz\u00e1sa szerint a gyenge re\u00e1lgazdas\u00e1gi aktivit\u00e1s \u00e9s az infl\u00e1ci\u00f3s nyom\u00e1s okozta re\u00e1lb\u00e9r-er\u00f3zi\u00f3 miatt a h\u00e1ztart\u00e1sok fogyaszt\u00e1si kiad\u00e1sainak n\u00f6veked\u00e9se is val\u00f3sz\u00edn\u0171leg drasztikusan lassul. A szervezet k\u00f6zgazd\u00e1szainak sz\u00e1m\u00edt\u00e1sai szerint a h\u00e1ztart\u00e1si szektor fogyaszt\u00e1sa az id\u00e9n 2,7 sz\u00e1zal\u00e9kkal, 2017-ben \u00e9s 2018-ban azonban egyar\u00e1nt csak 0,6 sz\u00e1zal\u00e9kkal n\u00f6vekszik.<br \/>\n    A londoni elemz\u0151i k\u00f6z\u00f6ss\u00e9g a jelenlegi \u00e1rfolyamk\u00f6rnyezetben a BCC el\u0151rejelz\u00e9s\u00e9n\u00e9l is meredekebb infl\u00e1ci\u00f3s gyorsul\u00e1st, ennek k\u00f6vetkezt\u00e9ben pedig m\u00e1r j\u00f6v\u0151re re\u00e1lb\u00e9rcs\u00f6kken\u00e9st is v\u00e1r.<br \/>\n    Az egyik legnagyobb londoni p\u00e9nz\u00fcgyi-gazdas\u00e1gi elemz\u0151h\u00e1z, a Capital Economics  progn\u00f3zisa szerint az \u00e9ves brit infl\u00e1ci\u00f3 2018-ban 3,2 sz\u00e1zal\u00e9kon tet\u0151zik.<br \/>\n    A h\u00e1z modellsz\u00e1m\u00edt\u00e1sai szerint azonban ha a font tov\u00e1bbi 5-10 sz\u00e1zal\u00e9kkal gyeng\u00fcl, az infl\u00e1ci\u00f3 3,5-4 sz\u00e1zal\u00e9kon is tet\u0151zhet a k\u00f6vetkez\u0151 \u00e9vekben, \u00e9s egy ilyen m\u00e9rt\u00e9k\u0171 tov\u00e1bbi \u00e1rfolyamzuhan\u00e1s m\u00e1r fontv\u00e1ls\u00e1got is jelezhet.<br \/>\n    A font a brit EU-tags\u00e1gr\u00f3l j\u00faniusban tartott n\u00e9pszavaz\u00e1s \u00f3ta &#8211; amelyen sz\u0171k t\u00f6bbs\u00e9ggel a kil\u00e9p\u00e9st p\u00e1rtol\u00f3k gy\u0151ztek &#8211; a tavaly m\u00e9rt legut\u00f3bbi cs\u00facs\u00e1hoz k\u00e9pest 20 sz\u00e1zal\u00e9kot zuhant.<br \/>\n    Az Oxfordi Egyetem Londonban m\u0171k\u00f6d\u0151 gazdas\u00e1gi elemz\u0151r\u00e9szlege, az Oxford Economics legut\u00f3bbi tanulm\u00e1ny\u00e1ban k\u00f6z\u00f6lte, hogy saj\u00e1t v\u00e1s\u00e1rl\u00f3er\u0151-index\u00e9re alapul\u00f3 modellsz\u00e1m\u00edt\u00e1sai szerint az \u00e1tlagos brit fogyaszt\u00f3 v\u00e1s\u00e1rl\u00f3ereje az okt\u00f3berrel z\u00e1rult egy \u00e9vben is m\u00e1r csak 1,1 sz\u00e1zal\u00e9kkal n\u0151tt az egy \u00e9vvel kor\u00e1bbi azonos tizenk\u00e9t h\u00f3napban m\u00e9rt 3,1 sz\u00e1zal\u00e9kos n\u00f6veked\u00e9s ut\u00e1n. Ez azt jelenti, hogy az elm\u00falt egy \u00e9vben az \u00e1tlagos fogyaszt\u00f3 elk\u00f6lthet\u0151 j\u00f6vedelme 224 fonttal (84 ezer forinttal) n\u0151tt.<br \/>\n    Az Oxford Economics el\u0151rejelz\u00e9se szerint a font meredek gyeng\u00fcl\u00e9se miatt a brit infl\u00e1ci\u00f3 m\u00e1r a j\u00f6v\u0151 \u00e9v m\u00e1sodik fel\u00e9ben el\u00e9ri a 3 sz\u00e1zal\u00e9kot. A c\u00e9g sz\u00e1m\u00edt\u00e1sai szerint emiatt a v\u00e1s\u00e1rl\u00f3er\u0151 0,4 sz\u00e1zal\u00e9kkal, egy-egy fogyaszt\u00f3 eset\u00e9ben \u00e1tlagosan 97 fonttal (37 ezer forinttal) cs\u00f6kken 2017 eg\u00e9sz\u00e9ben.<br \/>\n    Az Oxford Economics londoni elemz\u0151i hangs\u00falyozt\u00e1k: 2011 \u00f3ta ez lenne az els\u0151 olyan teljes napt\u00e1ri \u00e9v, amelyben visszaesik a brit fogyaszt\u00f3k v\u00e1s\u00e1rl\u00f3ereje.(MTI)<\/p>\n","protected":false},"excerpt":{"rendered":"<p>A brit gazdas\u00e1g az EU-tags\u00e1gr\u00f3l tartott j\u00faniusi n\u00e9pszavaz\u00e1s \u00f3ta a v\u00e1rtn\u00e1l jobb n\u00f6veked\u00e9si teljes\u00edtm\u00e9nyt mutatott, de ez a lend\u00fclet nem lesz tart\u00f3s az uni\u00f3s tags\u00e1g megsz\u0171n\u00e9s\u00e9hez vezet\u0151 folyamat bizonytalans\u00e1gai miatt &#8211; \u00e1ll a brit \u00fczleti v\u00e1llalkoz\u00e1sok \u00e9rdekk\u00e9pviselet\u00e9t ell\u00e1t\u00f3 Brit Kereskedelmi Kamar\u00e1k (BCC) h\u00e9tf\u0151n ismertetett \u00faj, fel\u00fclvizsg\u00e1lt el\u0151rejelz\u00e9s\u00e9ben.<\/p>\n","protected":false},"author":1,"featured_media":0,"comment_status":"open","ping_status":"closed","sticky":false,"template":"","format":"standard","meta":[],"categories":[246],"tags":[],"_links":{"self":[{"href":"https:\/\/gazdasagportal.hu\/index.php\/wp-json\/wp\/v2\/posts\/87803"}],"collection":[{"href":"https:\/\/gazdasagportal.hu\/index.php\/wp-json\/wp\/v2\/posts"}],"about":[{"href":"https:\/\/gazdasagportal.hu\/index.php\/wp-json\/wp\/v2\/types\/post"}],"author":[{"embeddable":true,"href":"https:\/\/gazdasagportal.hu\/index.php\/wp-json\/wp\/v2\/users\/1"}],"replies":[{"embeddable":true,"href":"https:\/\/gazdasagportal.hu\/index.php\/wp-json\/wp\/v2\/comments?post=87803"}],"version-history":[{"count":1,"href":"https:\/\/gazdasagportal.hu\/index.php\/wp-json\/wp\/v2\/posts\/87803\/revisions"}],"predecessor-version":[{"id":87804,"href":"https:\/\/gazdasagportal.hu\/index.php\/wp-json\/wp\/v2\/posts\/87803\/revisions\/87804"}],"wp:attachment":[{"href":"https:\/\/gazdasagportal.hu\/index.php\/wp-json\/wp\/v2\/media?parent=87803"}],"wp:term":[{"taxonomy":"category","embeddable":true,"href":"https:\/\/gazdasagportal.hu\/index.php\/wp-json\/wp\/v2\/categories?post=87803"},{"taxonomy":"post_tag","embeddable":true,"href":"https:\/\/gazdasagportal.hu\/index.php\/wp-json\/wp\/v2\/tags?post=87803"}],"curies":[{"name":"wp","href":"https:\/\/api.w.org\/{rel}","templated":true}]}}