{"id":87774,"date":"2016-12-12T14:10:40","date_gmt":"2016-12-12T13:10:40","guid":{"rendered":"http:\/\/gazdasagportal.hu\/?p=87774"},"modified":"2016-12-12T14:10:40","modified_gmt":"2016-12-12T13:10:40","slug":"kozvelemeny-kutatas-a-szlovenok-tobb-mint-fele-ellenzi-torokorszag-eu-csatlakozasat","status":"publish","type":"post","link":"https:\/\/gazdasagportal.hu\/index.php\/kozvelemeny-kutatas-a-szlovenok-tobb-mint-fele-ellenzi-torokorszag-eu-csatlakozasat\/","title":{"rendered":"K\u00f6zv\u00e9lem\u00e9ny-kutat\u00e1s: a szlov\u00e9nok t\u00f6bb mint fele ellenzi T\u00f6r\u00f6korsz\u00e1g EU-csatlakoz\u00e1s\u00e1t"},"content":{"rendered":"<p><strong>A szlov\u00e9nok t\u00f6bb mint fele ellenzi T\u00f6r\u00f6korsz\u00e1g EU-csatlakoz\u00e1s\u00e1t, tov\u00e1bb\u00e1 t\u00e1mogatja a korm\u00e1ny azon int\u00e9zked\u00e9seit, amelyek a hat\u00e1rok szigor\u00fabb v\u00e9delm\u00e9re ir\u00e1nyulnak &#8211; der\u00fcl ki a Delo c\u00edm\u0171 ljubljanai napilap h\u00e9tf\u0151i sz\u00e1m\u00e1ban megjelent friss felm\u00e9r\u00e9sb\u0151l.<\/strong><!--more--><\/p>\n<div class=\"ads-in-post1\"><div id=\"gazdasagportal.hu_fullbanner_wideboard\"><\/div>\r\n<\/div>\n<p>    Az Eur\u00f3pai Parlament (EP) nemr\u00e9g elfogadott, nem k\u00f6telez\u0151 jelleg\u0171 \u00e1ll\u00e1sfoglal\u00e1sa szerint az Eur\u00f3pai Uni\u00f3nak be kellene fagyasztania a csatlakoz\u00e1si t\u00e1rgyal\u00e1sokat T\u00f6r\u00f6korsz\u00e1ggal, am\u00edg az meg nem sz\u00fcnteti a ny\u00e1ri puccsk\u00eds\u00e9rlet ut\u00e1n bevezetett &#8222;ar\u00e1nytalanul s\u00falyos elnyom\u00f3 int\u00e9zked\u00e9seit&#8221;. Az EP \u00e1ll\u00e1sfoglal\u00e1sa ut\u00e1n Recep Erdogan t\u00f6r\u00f6k eln\u00f6k kil\u00e1t\u00e1sba helyezte, hogy megnyitja a kapukat Eur\u00f3pa fel\u00e9 a migr\u00e1nsok ezrei el\u0151tt.<br \/>\n    A szlov\u00e9n \u00e1llampolg\u00e1rok 84 sz\u00e1zal\u00e9ka tart att\u00f3l, hogy Erdogan bev\u00e1ltja fenyeget\u00e9s\u00e9t, \u00e9s migr\u00e1nsok t\u00f6megeit ind\u00edtja el Nyugatra, viszont 56 sz\u00e1zal\u00e9kuk ett\u0151l f\u00fcggetlen\u00fcl sem t\u00e1mogatja T\u00f6r\u00f6korsz\u00e1g EU-csatlakoz\u00e1s\u00e1t.<br \/>\n    Arra a k\u00e9rd\u00e9sre, hogy Szlov\u00e9ni\u00e1nak milyen int\u00e9zked\u00e9seket kellene bevezetnie egy \u00fajabb m\u00e9rs\u00e9kelhetetlen t\u00f6meges bev\u00e1ndorl\u00e1s megakad\u00e1lyoz\u00e1s\u00e1ra, a szlov\u00e9nok 80 sz\u00e1zal\u00e9ka azt v\u00e1laszolta, hogy teljesen le kellene z\u00e1rni hat\u00e1rait az illeg\u00e1lis migr\u00e1nsok el\u0151tt. A megk\u00e9rdezettek mind\u00f6ssze 13 sz\u00e1zal\u00e9k mondta azt, hogy be kell \u0151ket engedni.<br \/>\n    A szlov\u00e9nok 6 sz\u00e1zal\u00e9ka v\u00e9li \u00fagy, hogy T\u00f6r\u00f6korsz\u00e1g eur\u00f3pai \u00e1llam, 47 sz\u00e1zal\u00e9k szerint nem az, m\u00edg 38 sz\u00e1zal\u00e9k szerint eur\u00f3pai \u00e9s \u00e1zsiai orsz\u00e1g is egyben, a f\u00f6ldrajzi elhelyezked\u00e9se miatt.<br \/>\n    Az elm\u00falt k\u00f6zel m\u00e1sf\u00e9l \u00e9vben t\u00f6bb mint egymilli\u00f3 illeg\u00e1lis bev\u00e1ndorl\u00f3 \u00e9rkezett Nyugat-Eur\u00f3p\u00e1ba az ellen\u0151rizetlen migr\u00e1ns\u00e1radattal. M\u00e1rciusban azonban a nyugat-balk\u00e1ni \u00fatvonalon tal\u00e1lhat\u00f3 orsz\u00e1gok fokozatosan lez\u00e1rt\u00e1k hat\u00e1raikat a migr\u00e1nsok el\u0151tt. Maced\u00f3nia, Szerbia, Horv\u00e1torsz\u00e1g \u00e9s Szlov\u00e9nia is csak azokat engedi be, akik a jogszab\u00e1lyoknak megfelel\u0151en \u00fatlev\u00e9llel \u00e9s v\u00edzummal rendelkeznek, vagy ott akarnak mened\u00e9ket k\u00e9rni.<br \/>\n    A rend\u0151rs\u00e9g hivatalos adatai szerint a k\u00e9tmilli\u00f3s Szlov\u00e9ni\u00e1ban tavaly okt\u00f3ber \u00f3ta f\u00e9lmilli\u00f3 k\u00f6zel-keleti menek\u00fcltet vettek nyilv\u00e1ntart\u00e1sba, akiknek csak egy t\u00f6red\u00e9ke k\u00e9rt mened\u00e9kjogot az orsz\u00e1gban.<br \/>\n    Mindazon\u00e1ltal t\u00f6bb orsz\u00e1g tart att\u00f3l, hogy borulhat a m\u00e1rciusban k\u00f6t\u00f6tt EU-T\u00f6r\u00f6k meg\u00e1llapod\u00e1s, ami miatt \u00fajabb kezelhetetlen bev\u00e1ndorl\u00e1si hull\u00e1m indul el Nyugat-Eur\u00f3p\u00e1ba. Az egyezs\u00e9g szerint T\u00f6r\u00f6korsz\u00e1g visszafogadja a ter\u00fclet\u00e9r\u0151l G\u00f6r\u00f6gorsz\u00e1gba \u00e9rkez\u0151 menek\u00fclteket, cser\u00e9be 6 milli\u00e1rd eur\u00f3 hozz\u00e1j\u00e1rul\u00e1st kap az EU-t\u00f3l a menek\u00fcltek ell\u00e1t\u00e1s\u00e1hoz, \u00e9s az uni\u00f3 befogad ugyanannyi sz\u00edriai menek\u00fcltet, amennyi a meg\u00e1llapod\u00e1s \u00e9letbe l\u00e9p\u00e9s\u00e9t\u0151l sz\u00e1m\u00edtva illeg\u00e1lisan \u00e1tkel a g\u00f6r\u00f6g-t\u00f6r\u00f6k uni\u00f3s k\u00fcls\u0151 hat\u00e1ron. Amellett, hogy T\u00f6r\u00f6korsz\u00e1g a legt\u00f6bb menek\u00fcltet befogad\u00f3 orsz\u00e1g, a legn\u00e9pszer\u0171bb tranzitorsz\u00e1g is a migr\u00e1nsok sz\u00e1m\u00e1ra, akik ak\u00e1r \u00e9let\u00fck kock\u00e1ztat\u00e1sa \u00e1r\u00e1n is \u00fatnak indulnak Eur\u00f3p\u00e1ba.(MTI)<\/p>\n","protected":false},"excerpt":{"rendered":"<p>A szlov\u00e9nok t\u00f6bb mint fele ellenzi T\u00f6r\u00f6korsz\u00e1g EU-csatlakoz\u00e1s\u00e1t, tov\u00e1bb\u00e1 t\u00e1mogatja a korm\u00e1ny azon int\u00e9zked\u00e9seit, amelyek a hat\u00e1rok szigor\u00fabb v\u00e9delm\u00e9re ir\u00e1nyulnak &#8211; der\u00fcl ki a Delo c\u00edm\u0171 ljubljanai napilap h\u00e9tf\u0151i sz\u00e1m\u00e1ban megjelent friss felm\u00e9r\u00e9sb\u0151l.<\/p>\n","protected":false},"author":1,"featured_media":0,"comment_status":"open","ping_status":"closed","sticky":false,"template":"","format":"standard","meta":[],"categories":[12],"tags":[],"_links":{"self":[{"href":"https:\/\/gazdasagportal.hu\/index.php\/wp-json\/wp\/v2\/posts\/87774"}],"collection":[{"href":"https:\/\/gazdasagportal.hu\/index.php\/wp-json\/wp\/v2\/posts"}],"about":[{"href":"https:\/\/gazdasagportal.hu\/index.php\/wp-json\/wp\/v2\/types\/post"}],"author":[{"embeddable":true,"href":"https:\/\/gazdasagportal.hu\/index.php\/wp-json\/wp\/v2\/users\/1"}],"replies":[{"embeddable":true,"href":"https:\/\/gazdasagportal.hu\/index.php\/wp-json\/wp\/v2\/comments?post=87774"}],"version-history":[{"count":1,"href":"https:\/\/gazdasagportal.hu\/index.php\/wp-json\/wp\/v2\/posts\/87774\/revisions"}],"predecessor-version":[{"id":87775,"href":"https:\/\/gazdasagportal.hu\/index.php\/wp-json\/wp\/v2\/posts\/87774\/revisions\/87775"}],"wp:attachment":[{"href":"https:\/\/gazdasagportal.hu\/index.php\/wp-json\/wp\/v2\/media?parent=87774"}],"wp:term":[{"taxonomy":"category","embeddable":true,"href":"https:\/\/gazdasagportal.hu\/index.php\/wp-json\/wp\/v2\/categories?post=87774"},{"taxonomy":"post_tag","embeddable":true,"href":"https:\/\/gazdasagportal.hu\/index.php\/wp-json\/wp\/v2\/tags?post=87774"}],"curies":[{"name":"wp","href":"https:\/\/api.w.org\/{rel}","templated":true}]}}