{"id":87770,"date":"2016-12-12T12:07:33","date_gmt":"2016-12-12T11:07:33","guid":{"rendered":"http:\/\/gazdasagportal.hu\/?p=87770"},"modified":"2016-12-12T12:07:33","modified_gmt":"2016-12-12T11:07:33","slug":"kh-csaladi-vallalatok-kivalosagi-dijat-kapott-hat-magyarorszagi-ceg","status":"publish","type":"post","link":"https:\/\/gazdasagportal.hu\/index.php\/kh-csaladi-vallalatok-kivalosagi-dijat-kapott-hat-magyarorszagi-ceg\/","title":{"rendered":"K&#038;H csal\u00e1di v\u00e1llalatok kiv\u00e1l\u00f3s\u00e1gi d\u00edjat kapott hat magyarorsz\u00e1gi c\u00e9g"},"content":{"rendered":"<p><strong>K&amp;H csal\u00e1di v\u00e1llalatok kiv\u00e1l\u00f3s\u00e1gi d\u00edjat kapott hat olyan magyarorsz\u00e1gi c\u00e9g, amelynek \u00fczleti gyakorlata p\u00e9lda\u00e9rt\u00e9k\u0171 lehet m\u00e1s v\u00e1llalatok sz\u00e1m\u00e1ra is.\u00a0 A K&amp;H Csoport id\u00e9n els\u0151 alkalommal meghirdetett d\u00edja t\u00e1mogatja \u00e9s elismeri a hazai csal\u00e1di tulajdon\u00fa v\u00e1llalatok hozz\u00e1j\u00e1rul\u00e1s\u00e1t \u00e9s elk\u00f6telezetts\u00e9g\u00e9t \u00a0magyar gazdas\u00e1ghoz \u00e9s t\u00e1rsadalomhoz. <\/strong><!--more--><\/p>\n<div class=\"ads-in-post1\"><div id=\"gazdasagportal.hu_fullbanner_wideboard\"><\/div>\r\n<\/div>\n<p>&nbsp;<\/p>\n<p>\u00c1tadt\u00e1k az id\u00e9n els\u0151 alkalommal meghirdetett <strong>K&amp;H csal\u00e1di v\u00e1llalatok kiv\u00e1l\u00f3s\u00e1gi d\u00edj<\/strong>at. Az elismer\u00e9st h\u00e1rom kateg\u00f3ri\u00e1ban \u00f6sszesen hat magyarorsz\u00e1gi csal\u00e1di v\u00e1llalat kapta meg. \u201eA K&amp;H t\u00e1mogat\u00e1si strat\u00e9gi\u00e1j\u00e1nak egyik fontos ter\u00fclete a v\u00e1llalkoz\u00e1s\u00f6szt\u00f6nz\u00e9s, amelybe 2015-t\u0151l bevontunk a hazai csal\u00e1di v\u00e1llalatokat is. Megl\u00e1t\u00e1sunk szerint a csal\u00e1di c\u00e9gek nemcsak jelenleg k\u00e9pezik fontos r\u00e9sz\u00e9t a magyar gazdas\u00e1gnak \u00e9s t\u00e1rsadalomnak, de a n\u00f6veked\u00e9s \u00e9s a t\u00e1rsadalmi \u00e9rt\u00e9kek meg\u0151rz\u00e9se szempontj\u00e1b\u00f3l a j\u00f6v\u0151ben a main\u00e1l is meghat\u00e1roz\u00f3bb szerepet fognak bet\u00f6lteni. A K&amp;H csal\u00e1di v\u00e1llalatok kiv\u00e1l\u00f3s\u00e1gi d\u00edjjal azokat a c\u00e9geket t\u0171ntett\u00fck ki, amelyek \u00fczleti gyakorlata p\u00e9lda\u00e9rt\u00e9k\u0171 lehet m\u00e1s v\u00e1llalatok, vagy ak\u00e1r kisebb v\u00e1llalkoz\u00e1sok sz\u00e1m\u00e1ra is\u201d \u2013 mondta el <strong>\u00c9kes \u00c1kos, a K&amp;H csal\u00e1di v\u00e1llalatok szak\u00e9rt\u0151je.<\/strong><\/p><div id=\"gazda-4250193733\" class=\"gazda-tartalomban gazda-entity-placement\"><script async src=\"https:\/\/pagead2.googlesyndication.com\/pagead\/js\/adsbygoogle.js\"><\/script>\r\n<ins class=\"adsbygoogle\"\r\n     style=\"display:block\"\r\n     data-ad-format=\"fluid\"\r\n     data-ad-layout-key=\"-6t+ed+2i-1n-4w\"\r\n     data-ad-client=\"ca-pub-1959107119989764\"\r\n     data-ad-slot=\"4008251320\"><\/ins>\r\n<script>\r\n     (adsbygoogle = window.adsbygoogle || []).push({});\r\n<\/script><\/div>\n<p>&nbsp;<\/p>\n<p>A p\u00e1ly\u00e1zatok elb\u00edr\u00e1l\u00e1s\u00e1n\u00e1l a hattag\u00fa szakmai zs\u0171ri az adott kateg\u00f3ri\u00e1ban ny\u00fajtott kiemelked\u0151 teljes\u00edtm\u00e9ny mellett a v\u00e1llalat ipar\u00e1gi jelent\u0151s\u00e9g\u00e9t, sikeres m\u0171k\u00f6d\u00e9s\u00e9t, a csal\u00e1di \u00e9rt\u00e9kek tov\u00e1bbvitele ir\u00e1nti elk\u00f6telezetts\u00e9get, valamint az egyedi \u00f6tletek, megold\u00e1sok megval\u00f3s\u00edt\u00e1s\u00e1t is \u00e9rt\u00e9kelte. \u201eNagy \u00f6r\u00f6m sz\u00e1munkra, hogy a v\u00e1llalatok pozit\u00edvan reag\u00e1ltak kezdem\u00e9nyez\u00e9s\u00fcnkre. A sz\u00e1mos be\u00e9rkezett p\u00e1lyamunka alapj\u00e1n azt l\u00e1tjuk, hogy a hazai csal\u00e1di v\u00e1llalatok sz\u00e1m\u00e1ra a sikeres v\u00e1llalatir\u00e1ny\u00edt\u00e1s mellett val\u00f3ban fontos a csal\u00e1di \u00e9rt\u00e9kek tov\u00e1bbad\u00e1sa, az el\u0151remutat\u00f3, k\u00f6lts\u00e9gtakar\u00e9kos tervez\u00e9si \u00e9s v\u00e9grehajt\u00e1si rendszer, a t\u00e1rsadalom \u2013 ezen bel\u00fcl is f\u0151k\u00e9nt a fiatal gener\u00e1ci\u00f3 \u2013 t\u00e1mogat\u00e1sa \u00e9s a k\u00f6rnyezetbar\u00e1t gondolkod\u00e1s strat\u00e9giai szintre emel\u00e9se\u201d \u2013 mondta el a szak\u00e9rt\u0151.<\/p>\n<p>&nbsp;<\/p>\n<p><strong>D\u00edjazottak:<\/strong><\/p>\n<p><strong>\u201esikeres hossz\u00fa t\u00e1v\u00fa strat\u00e9gia\u201d<\/strong> kateg\u00f3ria:<\/p>\n<p>Agrosprint Mez\u0151gazdas\u00e1gi \u00e9s Ipari Term\u00e9kforgalmaz\u00f3 Kft. (J\u00e1sz-Nagykun-Szolnok megye)<\/p>\n<p>B\u00e1bolna Sped Kft. (Kom\u00e1rom-Esztergom megye)<\/p>\n<p><strong>\u00a0<\/strong><\/p>\n<p><strong>\u201ecsal\u00e1di \u00e9rt\u00e9kek a v\u00e1llalatvezet\u00e9sben \u00e9s sikeres gener\u00e1ci\u00f3v\u00e1lt\u00e1s\u201d<\/strong> kateg\u00f3ria:<\/p>\n<p>BI-KA Logisztika Kft. (J\u00e1sz-Nagykun-Szolnok megye)<\/p>\n<p>Mirelite Mirsa Zrt. (Pest megye)<\/p>\n<p><strong>\u00a0<\/strong><\/p>\n<p><strong>\u201eelk\u00f6telezetts\u00e9g \u00e9s felel\u0151ss\u00e9gv\u00e1llal\u00e1s a t\u00e1rsadalom ir\u00e1nt\u201d<\/strong> kateg\u00f3ria:<\/p>\n<p>STARFOL Plusz Csomagol\u00e1stechnikai Kft. (Vas megye)<\/p>\n<p>Trans-Sped Csoport Hajd\u00fa-Bihar megye)<\/p>\n<p>&nbsp;<\/p>\n<p><strong>\u00a0<\/strong><\/p>\n<p><strong>A K&amp;H Csoport<\/strong><\/p>\n<p>Az orsz\u00e1g egyik vezet\u0151 \u00e9s orsz\u00e1gosan t\u00f6bb mint 4000 munkat\u00e1rsat foglalkoztat\u00f3 p\u00e9nzint\u00e9zetek\u00e9nt a K&amp;H c\u00e9lja, hogy \u00fcgyfelei ig\u00e9nyeit minden id\u0151ben magas szinten el\u00e9g\u00edtse ki, \u00e9s a lehet\u0151 legteljesebb term\u00e9kpalett\u00e1t ny\u00fajtsa sz\u00e1mukra. A K&amp;H orsz\u00e1gszerte 210 lakoss\u00e1gi fi\u00f3kot m\u0171k\u00f6dtet, \u00e9s mintegy 1 milli\u00f3 lakoss\u00e1gi, kkv \u00e9s v\u00e1llalati \u00fcgyfel\u00e9nek k\u00edn\u00e1l p\u00e9nz\u00fcgyi szolg\u00e1ltat\u00e1sokat. A magyar gazdas\u00e1g m\u0171k\u00f6d\u00e9s\u00e9t t\u00f6bb mint 1600 milli\u00e1rd forintnyi kihelyezett hitel- \u00e9s hiteljelleg\u0171 \u00e1llom\u00e1nnyal seg\u00edti h\u00e1ztart\u00e1sok, kisv\u00e1llalkoz\u00e1sok, v\u00e1llalatok \u00e9s \u00f6nkorm\u00e1nyzatok finansz\u00edroz\u00e1s\u00e1n kereszt\u00fcl. A K&amp;H 2016. szeptember 30-\u00e1n a Magyar \u00c1llam \u00e1ltal kibocs\u00e1tott instrumentumok 800 milli\u00e1rd forintos \u00e1llom\u00e1ny\u00e1val rendelkezett. A c\u00e9gcsoport teljes tev\u00e9kenys\u00e9ge hozz\u00e1vet\u0151legesen 4000 magyar besz\u00e1ll\u00edt\u00f3nak \u00e9s mintegy 700 banki \u00e9s biztos\u00edt\u00e1si \u00fcgyn\u00f6knek biztos\u00edt megrendel\u00e9seket \u00e9s folyamatos tev\u00e9kenys\u00e9get. A Bankcsoport az elm\u00falt 5 \u00e9vben \u00f6sszesen 239 milli\u00e1rd forint (ebb\u0151l 2015-ben 55 milli\u00e1rd forint) ad\u00f3 \u00e9s j\u00e1rul\u00e9k megfizet\u00e9s\u00e9vel j\u00e1rult hozz\u00e1 a magyar \u00e1llami k\u00f6lts\u00e9gvet\u00e9s bev\u00e9teleihez.<\/p>\n<p><strong>\u00a0<\/strong><\/p>\n<p><strong>F\u0151bb adataink: <\/strong><\/p>\n<p><strong>K&amp;H Bank<\/strong><\/p>\n<p><u>2016 III. negyed\u00e9v\u00e9nek v\u00e9g\u00e9n:<\/u><\/p>\n<p>saj\u00e1t t\u0151ke (IFRS konszolid\u00e1lt, nem audit\u00e1lt):<strong> 255 milli\u00e1rd forint<\/strong><\/p>\n<p>m\u00e9rlegf\u0151\u00f6sszeg (IFRS konszolid\u00e1lt, nem audit\u00e1lt):<strong> 2 625 milli\u00e1rd forint<\/strong><\/p>\n<p>ad\u00f3z\u00e1s ut\u00e1ni eredm\u00e9ny (IFRS konszolid\u00e1lt, nem audit\u00e1lt): <strong>33,4 milli\u00e1rd forint<\/strong><\/p>\n<p><strong>\u00a0<\/strong><\/p>\n<p><strong>K&amp;H Biztos\u00edt\u00f3<\/strong><\/p>\n<p><u>2016 III. negyed\u00e9v\u00e9nek v\u00e9g\u00e9n:<\/u><\/p>\n<p>saj\u00e1t t\u0151ke (IFRS konszolid\u00e1lt, nem audit\u00e1lt): <strong>12,87 milli\u00e1rd forint<\/strong><\/p>\n<p>m\u00e9rlegf\u0151\u00f6sszeg (IFRS konszolid\u00e1lt, nem audit\u00e1lt): <strong>155,4 milli\u00e1rd forint<\/strong><\/p>\n<p>biztos\u00edt\u00e1stechnikai eredm\u00e9ny (IFRS konszolid\u00e1lt, nem audit\u00e1lt): <strong>3,26 milli\u00e1rd forint<\/strong><\/p>\n<p>ad\u00f3z\u00e1s ut\u00e1ni eredm\u00e9ny (IFRS konszolid\u00e1lt, nem audit\u00e1lt): <strong>2,22 milli\u00e1rd forint<\/strong><\/p>\n","protected":false},"excerpt":{"rendered":"<p>K&amp;H csal\u00e1di v\u00e1llalatok kiv\u00e1l\u00f3s\u00e1gi d\u00edjat kapott hat olyan magyarorsz\u00e1gi c\u00e9g, amelynek \u00fczleti gyakorlata p\u00e9lda\u00e9rt\u00e9k\u0171 lehet m\u00e1s v\u00e1llalatok sz\u00e1m\u00e1ra is.\u00a0 A K&amp;H Csoport id\u00e9n els\u0151 alkalommal meghirdetett d\u00edja t\u00e1mogatja \u00e9s elismeri a hazai csal\u00e1di tulajdon\u00fa v\u00e1llalatok hozz\u00e1j\u00e1rul\u00e1s\u00e1t \u00e9s elk\u00f6telezetts\u00e9g\u00e9t \u00a0magyar gazdas\u00e1ghoz \u00e9s t\u00e1rsadalomhoz.<\/p>\n","protected":false},"author":1,"featured_media":0,"comment_status":"open","ping_status":"closed","sticky":false,"template":"","format":"standard","meta":[],"categories":[19],"tags":[],"_links":{"self":[{"href":"https:\/\/gazdasagportal.hu\/index.php\/wp-json\/wp\/v2\/posts\/87770"}],"collection":[{"href":"https:\/\/gazdasagportal.hu\/index.php\/wp-json\/wp\/v2\/posts"}],"about":[{"href":"https:\/\/gazdasagportal.hu\/index.php\/wp-json\/wp\/v2\/types\/post"}],"author":[{"embeddable":true,"href":"https:\/\/gazdasagportal.hu\/index.php\/wp-json\/wp\/v2\/users\/1"}],"replies":[{"embeddable":true,"href":"https:\/\/gazdasagportal.hu\/index.php\/wp-json\/wp\/v2\/comments?post=87770"}],"version-history":[{"count":1,"href":"https:\/\/gazdasagportal.hu\/index.php\/wp-json\/wp\/v2\/posts\/87770\/revisions"}],"predecessor-version":[{"id":87771,"href":"https:\/\/gazdasagportal.hu\/index.php\/wp-json\/wp\/v2\/posts\/87770\/revisions\/87771"}],"wp:attachment":[{"href":"https:\/\/gazdasagportal.hu\/index.php\/wp-json\/wp\/v2\/media?parent=87770"}],"wp:term":[{"taxonomy":"category","embeddable":true,"href":"https:\/\/gazdasagportal.hu\/index.php\/wp-json\/wp\/v2\/categories?post=87770"},{"taxonomy":"post_tag","embeddable":true,"href":"https:\/\/gazdasagportal.hu\/index.php\/wp-json\/wp\/v2\/tags?post=87770"}],"curies":[{"name":"wp","href":"https:\/\/api.w.org\/{rel}","templated":true}]}}