{"id":87768,"date":"2016-12-12T11:47:59","date_gmt":"2016-12-12T10:47:59","guid":{"rendered":"http:\/\/gazdasagportal.hu\/?p=87768"},"modified":"2016-12-12T11:47:59","modified_gmt":"2016-12-12T10:47:59","slug":"szallodaszovetseg-tobb-vendeg-varhato-a-szallodakban-karacsonykor","status":"publish","type":"post","link":"https:\/\/gazdasagportal.hu\/index.php\/szallodaszovetseg-tobb-vendeg-varhato-a-szallodakban-karacsonykor\/","title":{"rendered":"Sz\u00e1llodasz\u00f6vets\u00e9g: t\u00f6bb vend\u00e9g v\u00e1rhat\u00f3 a sz\u00e1llod\u00e1kban kar\u00e1csonykor"},"content":{"rendered":"<p><strong>Folytat\u00f3dik az \u00e9vek \u00f3ta tart\u00f3 tendencia, kar\u00e1csonykor az id\u00e9n is t\u00f6bb vend\u00e9g lesz a hazai sz\u00e1llod\u00e1kban &#8211; k\u00f6z\u00f6lte Niklai \u00c1kos, a Magyar Sz\u00e1llod\u00e1k \u00e9s \u00c9ttermek Sz\u00f6vets\u00e9g\u00e9nek (MSZ\u00c9SZ) eln\u00f6ke az M1 aktu\u00e1lis csatorn\u00e1n h\u00e9tf\u0151n.<\/strong><!--more--><\/p>\n<div class=\"ads-in-post1\"><div id=\"gazdasagportal.hu_fullbanner_wideboard\"><\/div>\r\n<\/div>\n<p>    A szakember elmondta, Budapesten els\u0151sorban k\u00fclf\u00f6ldi vend\u00e9gek, vid\u00e9ken pedig f\u0151k\u00e9nt magyarok t\u00f6ltik az \u00fcnnepeket.<br \/>\n    Niklai \u00c1kos szerint Magyarorsz\u00e1gon olyan hotelek &#8211; p\u00e9ld\u00e1ul gy\u00f3gy-, wellness- vagy kast\u00e9lysz\u00e1llod\u00e1k &#8211; j\u00f6ttek l\u00e9tre, amelyek kiel\u00e9g\u00edtik a magyar csal\u00e1dok ig\u00e9nyeit, m\u00e1sr\u00e9szt megteremt\u0151dtek a csal\u00e1dok anyagi lehet\u0151s\u00e9gei az utaz\u00e1shoz, illetve a SZ\u00c9P-k\u00e1rtya is seg\u00edti azt, hogy min\u00e9l t\u00f6bb belf\u00f6ldi vend\u00e9g t\u00f6lthesse az \u00e9v v\u00e9gi \u00fcnnepeket sz\u00e1llod\u00e1kban.<br \/>\n    A MSZ\u00c9SZ eln\u00f6ke pozit\u00edvan \u00e9rt\u00e9kelte a Magyar Turisztikai \u00dcgyn\u00f6ks\u00e9g nemr\u00e9g ind\u00edtott Aj\u00e1nd\u00e9kozz \u00e9lm\u00e9nyt kamp\u00e1ny\u00e1t. Elmondta: a kamp\u00e1ny \u00faj, \u00edgy eredm\u00e9nyeit m\u00e9g nem ismerik, de egyre t\u00f6bb hotel csatlakozik.<br \/>\n    Niklai \u00c1kos megjegyezte, hogy a sz\u00e1llod\u00e1k t\u00f6bbs\u00e9ge m\u00e9g nem telt meg kar\u00e1csonyra, lehet foglalni, de szilveszterre is vannak m\u00e9g szob\u00e1k.(MTI)<\/p>\n","protected":false},"excerpt":{"rendered":"<p>Folytat\u00f3dik az \u00e9vek \u00f3ta tart\u00f3 tendencia, kar\u00e1csonykor az id\u00e9n is t\u00f6bb vend\u00e9g lesz a hazai sz\u00e1llod\u00e1kban &#8211; k\u00f6z\u00f6lte Niklai \u00c1kos, a Magyar Sz\u00e1llod\u00e1k \u00e9s \u00c9ttermek Sz\u00f6vets\u00e9g\u00e9nek (MSZ\u00c9SZ) eln\u00f6ke az M1 aktu\u00e1lis csatorn\u00e1n h\u00e9tf\u0151n.<\/p>\n","protected":false},"author":1,"featured_media":0,"comment_status":"open","ping_status":"closed","sticky":false,"template":"","format":"standard","meta":[],"categories":[19],"tags":[],"_links":{"self":[{"href":"https:\/\/gazdasagportal.hu\/index.php\/wp-json\/wp\/v2\/posts\/87768"}],"collection":[{"href":"https:\/\/gazdasagportal.hu\/index.php\/wp-json\/wp\/v2\/posts"}],"about":[{"href":"https:\/\/gazdasagportal.hu\/index.php\/wp-json\/wp\/v2\/types\/post"}],"author":[{"embeddable":true,"href":"https:\/\/gazdasagportal.hu\/index.php\/wp-json\/wp\/v2\/users\/1"}],"replies":[{"embeddable":true,"href":"https:\/\/gazdasagportal.hu\/index.php\/wp-json\/wp\/v2\/comments?post=87768"}],"version-history":[{"count":1,"href":"https:\/\/gazdasagportal.hu\/index.php\/wp-json\/wp\/v2\/posts\/87768\/revisions"}],"predecessor-version":[{"id":87769,"href":"https:\/\/gazdasagportal.hu\/index.php\/wp-json\/wp\/v2\/posts\/87768\/revisions\/87769"}],"wp:attachment":[{"href":"https:\/\/gazdasagportal.hu\/index.php\/wp-json\/wp\/v2\/media?parent=87768"}],"wp:term":[{"taxonomy":"category","embeddable":true,"href":"https:\/\/gazdasagportal.hu\/index.php\/wp-json\/wp\/v2\/categories?post=87768"},{"taxonomy":"post_tag","embeddable":true,"href":"https:\/\/gazdasagportal.hu\/index.php\/wp-json\/wp\/v2\/tags?post=87768"}],"curies":[{"name":"wp","href":"https:\/\/api.w.org\/{rel}","templated":true}]}}