{"id":87758,"date":"2016-12-12T09:49:28","date_gmt":"2016-12-12T08:49:28","guid":{"rendered":"http:\/\/gazdasagportal.hu\/?p=87758"},"modified":"2016-12-12T09:49:28","modified_gmt":"2016-12-12T08:49:28","slug":"elkepesztoen-nagyot-ugrott-az-olaj-arfolyama","status":"publish","type":"post","link":"https:\/\/gazdasagportal.hu\/index.php\/elkepesztoen-nagyot-ugrott-az-olaj-arfolyama\/","title":{"rendered":"Elk\u00e9peszt\u0151en nagyot ugrott az olaj \u00e1rfolyama"},"content":{"rendered":"<p><a href=\"https:\/\/gazdasagportal.hu\/wp-content\/uploads\/2015\/01\/olajkut2.jpg\"><img decoding=\"async\" loading=\"lazy\" src=\"https:\/\/gazdasagportal.hu\/wp-content\/uploads\/2015\/01\/olajkut2.jpg\" alt=\"olajkut2\" width=\"600\" height=\"338\" class=\"aligncenter size-full wp-image-54379\" srcset=\"https:\/\/gazdasagportal.hu\/wp-content\/uploads\/2015\/01\/olajkut2.jpg 600w, https:\/\/gazdasagportal.hu\/wp-content\/uploads\/2015\/01\/olajkut2-300x169.jpg 300w\" sizes=\"(max-width: 600px) 100vw, 600px\" \/><\/a><br \/>\n<strong>A h\u00e9tv\u00e9g\u00e9n k\u00e9t fontos esem\u00e9ny is t\u00f6rt\u00e9nt, aminek hat\u00e1s\u00e1ra az olaj \u00e1ra a 2015 j\u00falius\u00e1ban l\u00e1tott cs\u00facsok k\u00f6zel\u00e9be ugrott. A h\u00e1tt\u00e9rben koordin\u00e1lt meg\u00e1llapod\u00e1st sejtenek az elemz\u0151k, mondta el Kiss M\u00f3nika, az Equilor Befektet\u00e9si Zrt. vezet\u0151 elemz\u0151je.<\/strong><!--more--><\/p>\n<div class=\"ads-in-post1\"><div id=\"gazdasagportal.hu_fullbanner_wideboard\"><\/div>\r\n<\/div>\n<p>A h\u00e9tv\u00e9g\u00e9n B\u00e9csben a nem OPEC orsz\u00e1gok (Oroszorsz\u00e1g \u00e9s 11 m\u00e1sik orsz\u00e1g) is meg\u00e1llapodtak kitermel\u00e9s\u00fck cs\u00f6kkent\u00e9s\u00e9r\u0151l, a v\u00e1rt 600 ezer hord\u00f3hoz k\u00e9pest napi 558 ezer hord\u00f3val eshet vissza a kibocs\u00e1t\u00e1s. Az olaj \u00e1r\u00e1nak tov\u00e1bbi lend\u00fcletet adott Sza\u00fad-Ar\u00e1bia minisztere, aki a d\u00f6nt\u00e9st k\u00f6vet\u0151en \u00fagy nyilatkozott, hogy a november v\u00e9g\u00e9n k\u00f6t\u00f6tt meg\u00e1llapod\u00e1shoz k\u00e9pest m\u00e9g nagyobb m\u00e9rt\u00e9k\u0171 cs\u00f6kkent\u00e9st hajt v\u00e9gre. Az olaj \u00e1ra a 2015 j\u00faliusban l\u00e1tott cs\u00facsok k\u00f6zel\u00e9be ugrott, mivel az elemz\u0151k egy\u00e9rtelm\u0171en koordin\u00e1lt meg\u00e1llapod\u00e1st l\u00e1tnak az esem\u00e9nyek m\u00f6g\u00f6tt, amely r\u00f6vid t\u00e1von m\u00e1r el\u00e9gs\u00e9ges lehet ahhoz, hogy k\u00edn\u00e1lati deficitet okozzon. Hosszabb t\u00e1von azonban m\u00e9g mindig k\u00e9rd\u00e9ses az amerikai palaolajtermel\u0151k reakci\u00f3ja, amelyek a v\u00e1rakoz\u00e1sok szerint m\u00e1r akkor n\u00f6velhetik kitermel\u00e9s\u00fcket, miel\u0151tt az olaj a 60 doll\u00e1ros szintet megk\u00f6zel\u00edti. A Goldman Sachs v\u00e9lem\u00e9nye szerint 2017 els\u0151 negyed\u00e9v\u00e9ben az amerikai kitermel\u0151k 800 000 hord\u00f3val n\u00f6velhetik kibocs\u00e1t\u00e1sukat \u00e9ves szinten, ha a WTI 55 doll\u00e1r k\u00f6zel\u00e9ben marad.<\/p>\n<p><iframe loading=\"lazy\" width=\"509\" height=\"319\" src=\"http:\/\/gazdasagtv.hu\/iframe.php?id=10816\" style=\"border: none; overflow: hidden\" scrolling=\"no\"><\/iframe><br \/>Forr\u00e1s: <a href=\"http:\/\/gazdasagtv.hu\" style=\"color: #df1100; font-weight: bold; text-decoration: none;\" target=\"_blank\" rel=\"noopener\">Gazdas\u00e1gTV.hu<\/a><\/p><div id=\"gazda-1041477981\" class=\"gazda-tartalomban gazda-entity-placement\"><script async src=\"https:\/\/pagead2.googlesyndication.com\/pagead\/js\/adsbygoogle.js\"><\/script>\r\n<ins class=\"adsbygoogle\"\r\n     style=\"display:block\"\r\n     data-ad-format=\"fluid\"\r\n     data-ad-layout-key=\"-6t+ed+2i-1n-4w\"\r\n     data-ad-client=\"ca-pub-1959107119989764\"\r\n     data-ad-slot=\"4008251320\"><\/ins>\r\n<script>\r\n     (adsbygoogle = window.adsbygoogle || []).push({});\r\n<\/script><\/div>\n","protected":false},"excerpt":{"rendered":"<p>A h\u00e9tv\u00e9g\u00e9n k\u00e9t fontos esem\u00e9ny is t\u00f6rt\u00e9nt, aminek hat\u00e1s\u00e1ra az olaj \u00e1ra a 2015 j\u00falius\u00e1ban l\u00e1tott cs\u00facsok k\u00f6zel\u00e9be ugrott. A h\u00e1tt\u00e9rben koordin\u00e1lt meg\u00e1llapod\u00e1st sejtenek az elemz\u0151k, mondta el Kiss M\u00f3nika, az Equilor Befektet\u00e9si Zrt. vezet\u0151 elemz\u0151je.<\/p>\n","protected":false},"author":1,"featured_media":54379,"comment_status":"open","ping_status":"closed","sticky":false,"template":"","format":"standard","meta":[],"categories":[403,146,8,246],"tags":[],"_links":{"self":[{"href":"https:\/\/gazdasagportal.hu\/index.php\/wp-json\/wp\/v2\/posts\/87758"}],"collection":[{"href":"https:\/\/gazdasagportal.hu\/index.php\/wp-json\/wp\/v2\/posts"}],"about":[{"href":"https:\/\/gazdasagportal.hu\/index.php\/wp-json\/wp\/v2\/types\/post"}],"author":[{"embeddable":true,"href":"https:\/\/gazdasagportal.hu\/index.php\/wp-json\/wp\/v2\/users\/1"}],"replies":[{"embeddable":true,"href":"https:\/\/gazdasagportal.hu\/index.php\/wp-json\/wp\/v2\/comments?post=87758"}],"version-history":[{"count":1,"href":"https:\/\/gazdasagportal.hu\/index.php\/wp-json\/wp\/v2\/posts\/87758\/revisions"}],"predecessor-version":[{"id":87759,"href":"https:\/\/gazdasagportal.hu\/index.php\/wp-json\/wp\/v2\/posts\/87758\/revisions\/87759"}],"wp:featuredmedia":[{"embeddable":true,"href":"https:\/\/gazdasagportal.hu\/index.php\/wp-json\/wp\/v2\/media\/54379"}],"wp:attachment":[{"href":"https:\/\/gazdasagportal.hu\/index.php\/wp-json\/wp\/v2\/media?parent=87758"}],"wp:term":[{"taxonomy":"category","embeddable":true,"href":"https:\/\/gazdasagportal.hu\/index.php\/wp-json\/wp\/v2\/categories?post=87758"},{"taxonomy":"post_tag","embeddable":true,"href":"https:\/\/gazdasagportal.hu\/index.php\/wp-json\/wp\/v2\/tags?post=87758"}],"curies":[{"name":"wp","href":"https:\/\/api.w.org\/{rel}","templated":true}]}}