{"id":87745,"date":"2016-12-12T05:43:04","date_gmt":"2016-12-12T04:43:04","guid":{"rendered":"http:\/\/gazdasagportal.hu\/?p=87745"},"modified":"2016-12-11T19:44:41","modified_gmt":"2016-12-11T18:44:41","slug":"nonstop-legijarat-indul-ausztralia-es-london-kozott","status":"publish","type":"post","link":"https:\/\/gazdasagportal.hu\/index.php\/nonstop-legijarat-indul-ausztralia-es-london-kozott\/","title":{"rendered":"Nonstop l\u00e9gij\u00e1rat indul Ausztr\u00e1lia \u00e9s London k\u00f6z\u00f6tt"},"content":{"rendered":"<p><strong>A polg\u00e1ri rep\u00fcl\u00e9s t\u00f6rt\u00e9net\u00e9ben el\u0151sz\u00f6r nonstop l\u00e9gij\u00e1rat indul Ausztr\u00e1lia \u00e9s London k\u00f6z\u00f6tt.<\/strong><!--more--><\/p>\n<div class=\"ads-in-post1\"><div id=\"gazdasagportal.hu_fullbanner_wideboard\"><\/div>\r\n<\/div>\n<p>    A Qantas ausztr\u00e1l nemzeti l\u00e9git\u00e1rsas\u00e1g a BBC vas\u00e1rnapi besz\u00e1molja szerint 2018 m\u00e1rcius\u00e1ban ind\u00edtja a lesz\u00e1ll\u00e1s n\u00e9lk\u00fcli j\u00e1ratot a londoni Heathrow rep\u00fcl\u0151t\u00e9r \u00e9s a nyugat-ausztr\u00e1liai Perth nagyv\u00e1ros k\u00f6z\u00f6tt. A 14 498 kilom\u00e9teres t\u00e1vot a Qantas 236 szem\u00e9lyes Boeing 787-9-es rep\u00fcl\u0151g\u00e9pei az el\u0151zetes sz\u00e1m\u00edt\u00e1sok szerint 17 \u00f3ra alatt teszik meg.<br \/>\n    Ez lesz a polg\u00e1ri rep\u00fcl\u00e9s leghosszabb nonstop menetrendszer\u0171 j\u00e1rata.<br \/>\n    A Qantas jelenleg is k\u00f6zlekedtet napi j\u00e1ratokat Londonba Airbus A380-as \u00f3ri\u00e1sg\u00e9pekkel, de ezek \u00fatk\u00f6zben lesz\u00e1llnak Dubajban. Ennek a j\u00e1ratnak a menetideje a technikai meg\u00e1ll\u00f3val egy\u00fctt &#8211; az \u00fatvonalt\u00f3l \u00e9s az id\u0151j\u00e1r\u00e1si viszonyokt\u00f3l is f\u00fcgg\u0151en &#8211; 20-22 \u00f3ra.<br \/>\n    Alan Joyce, az ausztr\u00e1l l\u00e9git\u00e1rsas\u00e1g vez\u00e9rigazgat\u00f3ja a BBC-nek felid\u00e9zte, hogy amikor a Qantas 1947-ben elind\u00edtotta j\u00e1ratait Ausztr\u00e1lia \u00e9s London k\u00f6z\u00f6tt, az \u00fat n\u00e9gy napig tartott, kilenc lesz\u00e1ll\u00e1s k\u00f6zbeiktat\u00e1s\u00e1val.<br \/>\n    A nonstop l\u00e9gij\u00e1ratok jelenlegi t\u00e1v- \u00e9s menetid\u0151rekordj\u00e1t az Emirates l\u00e9git\u00e1rsas\u00e1g tartja Dubaj \u00e9s az \u00faj-z\u00e9landi Auckland k\u00f6z\u00f6tti, m\u00e1rciusban ind\u00edtott j\u00e1rat\u00e1val. A c\u00e9g A380-asai 16 \u00e9s f\u00e9l \u00f3ra alatt teszik meg a 14 200 kilom\u00e9teres utat.(MTI)<\/p>\n","protected":false},"excerpt":{"rendered":"<p>A polg\u00e1ri rep\u00fcl\u00e9s t\u00f6rt\u00e9net\u00e9ben el\u0151sz\u00f6r nonstop l\u00e9gij\u00e1rat indul Ausztr\u00e1lia \u00e9s London k\u00f6z\u00f6tt.<\/p>\n","protected":false},"author":1,"featured_media":0,"comment_status":"open","ping_status":"closed","sticky":false,"template":"","format":"standard","meta":[],"categories":[12],"tags":[],"_links":{"self":[{"href":"https:\/\/gazdasagportal.hu\/index.php\/wp-json\/wp\/v2\/posts\/87745"}],"collection":[{"href":"https:\/\/gazdasagportal.hu\/index.php\/wp-json\/wp\/v2\/posts"}],"about":[{"href":"https:\/\/gazdasagportal.hu\/index.php\/wp-json\/wp\/v2\/types\/post"}],"author":[{"embeddable":true,"href":"https:\/\/gazdasagportal.hu\/index.php\/wp-json\/wp\/v2\/users\/1"}],"replies":[{"embeddable":true,"href":"https:\/\/gazdasagportal.hu\/index.php\/wp-json\/wp\/v2\/comments?post=87745"}],"version-history":[{"count":1,"href":"https:\/\/gazdasagportal.hu\/index.php\/wp-json\/wp\/v2\/posts\/87745\/revisions"}],"predecessor-version":[{"id":87746,"href":"https:\/\/gazdasagportal.hu\/index.php\/wp-json\/wp\/v2\/posts\/87745\/revisions\/87746"}],"wp:attachment":[{"href":"https:\/\/gazdasagportal.hu\/index.php\/wp-json\/wp\/v2\/media?parent=87745"}],"wp:term":[{"taxonomy":"category","embeddable":true,"href":"https:\/\/gazdasagportal.hu\/index.php\/wp-json\/wp\/v2\/categories?post=87745"},{"taxonomy":"post_tag","embeddable":true,"href":"https:\/\/gazdasagportal.hu\/index.php\/wp-json\/wp\/v2\/tags?post=87745"}],"curies":[{"name":"wp","href":"https:\/\/api.w.org\/{rel}","templated":true}]}}