{"id":87743,"date":"2016-12-12T03:41:30","date_gmt":"2016-12-12T02:41:30","guid":{"rendered":"http:\/\/gazdasagportal.hu\/?p=87743"},"modified":"2016-12-11T19:42:39","modified_gmt":"2016-12-11T18:42:39","slug":"az-orosz-hadsereg-szerint-is-betort-az-ia-palmuraba","status":"publish","type":"post","link":"https:\/\/gazdasagportal.hu\/index.php\/az-orosz-hadsereg-szerint-is-betort-az-ia-palmuraba\/","title":{"rendered":"Az orosz hadsereg szerint is bet\u00f6rt az I\u00c1 Palm\u00fcr\u00e1ba"},"content":{"rendered":"<p><strong>Az Iszl\u00e1m \u00c1llam (I\u00c1) terrorszervezet fegyveresei \u00fajabb t\u00e1mad\u00e1st ind\u00edtottak a sz\u00edriai Palm\u00fcra v\u00e1ros ellen \u00e9s bet\u00f6rtek a lak\u00f3negyedekbe &#8211; k\u00f6z\u00f6lte vas\u00e1rnap az orosz hadsereg sz\u00edriai megb\u00e9k\u00e9l\u00e9si k\u00f6zpontja.<\/strong><br \/>\n<div class=\"ads-in-post1\"><div id=\"gazdasagportal.hu_fullbanner_wideboard\"><\/div>\r\n<\/div>\n<p>    Az orosz h\u00edr\u00fcgyn\u00f6ks\u00e9gek \u00e1ltal ismertetett k\u00f6zlem\u00e9ny szerint az I\u00c1 er\u0151inek \u00e1tcsoportos\u00edt\u00e1sa ut\u00e1n t\u00f6bb mint 4 ezer fegyveressel ostromolja a v\u00e1rost. Palm\u00fcra t\u00e9rs\u00e9g\u00e9be a terrorszervezet Rakka \u00e9s Deir ez-Z\u00f3r t\u00e9rs\u00e9g\u00e9b\u0151l dobott \u00e1t harcosokat \u00e9s p\u00e1nc\u00e9lozott j\u00e1rm\u0171veket. Ezt az orosz \u00e1ll\u00e1spont szerint az tette lehet\u0151v\u00e9, hogy az Egyes\u00fclt \u00c1llamokhoz igazod\u00f3 sz\u00edriai ellenz\u00e9ki er\u0151k Rakk\u00e1n\u00e1l le\u00e1ll\u00edtott\u00e1k a terrorszervezet elleni katonai m\u0171veleteket.<br \/>\n    Kor\u00e1bban sz\u00edriai ellenz\u00e9ki forr\u00e1sok sz\u00e1moltak be arr\u00f3l, hogy az Iszl\u00e1m \u00c1llam harcosai ism\u00e9t bet\u00f6rtek Palm\u00fcr\u00e1ba, ahonnan csak n\u00e9h\u00e1ny \u00f3r\u00e1val kor\u00e1bban siker\u00fclt kiszor\u00edtani \u0151ket.<br \/>\n    A sz\u00edriai orosz katonai parancsnoks\u00e1g szerint az I\u00c1 mind \u00e9l\u0151er\u0151ben, mind katonai felszerel\u00e9sben komoly vesztes\u00e9geket szenvedett el, de igyekszik megvetni a l\u00e1b\u00e1t a v\u00e1ros belsej\u00e9ben. A k\u00f6zlem\u00e9ny r\u00e1mutatott, hogy az orosz l\u00e9gier\u0151 a lak\u00f3negyedeket nem bomb\u00e1zza, amit a terrorist\u00e1k kihaszn\u00e1lnak.<br \/>\n    A Szana hivatalos sz\u00edriai h\u00edr\u00fcgyn\u00f6ks\u00e9g azt jelentette, hogy a sz\u00edriai korm\u00e1nyer\u0151k \u00e9s az \u0151ket t\u00e1mogat\u00f3 \u00f6nk\u00e9ntesek s\u00falyos harcokat v\u00edvnak az &#8222;I\u00c1 band\u00e1ival&#8221; \u00e9s a t\u00e1mad\u00e1st t\u00f6bb v\u00e9delmi vonaln\u00e1l visszavert\u00e9k.<br \/>\n    A katari tulajdonban l\u00e9v\u0151 al-Dzsaz\u00edra p\u00e1narab telev\u00edzi\u00f3 szerint a terrorist\u00e1k teljes m\u00e9rt\u00e9kben ellen\u0151rz\u00e9s\u00fck al\u00e1 vont\u00e1k Tadmor telep\u00fcl\u00e9st az \u00f3kori palm\u00fcrai romok k\u00f6zvetlen k\u00f6zel\u00e9ben.<br \/>\n    A sza\u00fadi tulajdonban l\u00e9v\u0151 al-Arabija p\u00e1narab t\u00e9v\u00e9\u00e1llom\u00e1s szerint az I\u00c1 bevette a v\u00e1ros feletti uralkod\u00f3 magaslaton elhelyezked\u0151 er\u0151d\u00f6t \u00e9s r\u00e9szben beker\u00edtette a palm\u00fcrai rep\u00fcl\u0151teret. A telev\u00edzi\u00f3 szerint a fegyveresek civil lakosokat vettek \u0151rizetbe \u00e9s sz\u00e1ll\u00edtottak el ismeretlen helysz\u00ednre.<br \/>\n    Az angliai sz\u00e9khely\u0171 Emberi Jogok Sz\u00edriai Megfigyel\u0151k\u00f6zpontja (ODSH) vas\u00e1rnap bejelentette, hogy az I\u00c1 er\u0151i vas\u00e1rnap &#8222;ism\u00e9t&#8221; behatoltak Palm\u00fcr\u00e1ba, ahonnan csak n\u00e9h\u00e1ny \u00f3r\u00e1val kor\u00e1bban siker\u00fclt kiszor\u00edtani \u0151ket.<br \/>\n    A nap folyam\u00e1n kor\u00e1bban az orosz v\u00e9delmi miniszt\u00e9rium arr\u00f3l sz\u00e1molt be, hogy szombatra virrad\u00f3ra siker\u00fclt visszaverni az I\u00c1 minden, a v\u00e1rosba t\u00f6rt\u00e9n\u0151 bet\u00f6r\u00e9st c\u00e9lz\u00f3 t\u00e1mad\u00e1s\u00e1t.<br \/>\n    Az I\u00c1 sz\u00e9ls\u0151s\u00e9gesei 2015 m\u00e1jus\u00e1ban foglalt\u00e1k el Palm\u00fcr\u00e1t, ahonnan csak id\u00e9n m\u00e1rcius 27-\u00e9n siker\u00fclt kif\u00fcst\u00f6lnie \u0151ket a korm\u00e1nyer\u0151knek az oroszok l\u00e9gi t\u00e1mogat\u00e1s\u00e1val. Az I\u00c1 ezalatt sz\u00e1mos olyan egyed\u00fcl\u00e1ll\u00f3, nagyj\u00e1b\u00f3l 2 ezer \u00e9ves \u00f3kori m\u0171eml\u00e9ket megsemmis\u00edtett, amelyek az ENSZ Nevel\u00e9s\u00fcgyi, Tudom\u00e1nyos \u00e9s Kultur\u00e1lis Szervezet\u00e9nek (UNESCO) vil\u00e1g\u00f6r\u00f6ks\u00e9gi list\u00e1j\u00e1n szerepeltek.<br \/>\n    A sz\u00e9ls\u0151s\u00e9gesek cs\u00fct\u00f6rt\u00f6k\u00f6n \u00fajabb offenz\u00edv\u00e1t ind\u00edtottak a g\u00e1zmez\u0151k k\u00f6zels\u00e9ge miatt strat\u00e9giai jelent\u0151s\u00e9ggel b\u00edr\u00f3 v\u00e1ros megszerz\u00e9s\u00e9\u00e9rt, amelynek nagy r\u00e9sz\u00e9t az ODSH szerint szombatra el is foglalt\u00e1k.(MTI)<\/p>\n","protected":false},"excerpt":{"rendered":"<p>Az Iszl\u00e1m \u00c1llam (I\u00c1) terrorszervezet fegyveresei \u00fajabb t\u00e1mad\u00e1st ind\u00edtottak a sz\u00edriai Palm\u00fcra v\u00e1ros ellen \u00e9s bet\u00f6rtek a lak\u00f3negyedekbe &#8211; k\u00f6z\u00f6lte vas\u00e1rnap az orosz hadsereg sz\u00edriai megb\u00e9k\u00e9l\u00e9si k\u00f6zpontja. Az orosz h\u00edr\u00fcgyn\u00f6ks\u00e9gek \u00e1ltal ismertetett k\u00f6zlem\u00e9ny szerint az I\u00c1 er\u0151inek \u00e1tcsoportos\u00edt\u00e1sa ut\u00e1n t\u00f6bb mint 4 ezer fegyveressel ostromolja a v\u00e1rost. Palm\u00fcra t\u00e9rs\u00e9g\u00e9be a terrorszervezet Rakka \u00e9s Deir ez-Z\u00f3r &#8230;<\/p>\n","protected":false},"author":1,"featured_media":0,"comment_status":"open","ping_status":"closed","sticky":false,"template":"","format":"standard","meta":[],"categories":[16,116],"tags":[],"_links":{"self":[{"href":"https:\/\/gazdasagportal.hu\/index.php\/wp-json\/wp\/v2\/posts\/87743"}],"collection":[{"href":"https:\/\/gazdasagportal.hu\/index.php\/wp-json\/wp\/v2\/posts"}],"about":[{"href":"https:\/\/gazdasagportal.hu\/index.php\/wp-json\/wp\/v2\/types\/post"}],"author":[{"embeddable":true,"href":"https:\/\/gazdasagportal.hu\/index.php\/wp-json\/wp\/v2\/users\/1"}],"replies":[{"embeddable":true,"href":"https:\/\/gazdasagportal.hu\/index.php\/wp-json\/wp\/v2\/comments?post=87743"}],"version-history":[{"count":1,"href":"https:\/\/gazdasagportal.hu\/index.php\/wp-json\/wp\/v2\/posts\/87743\/revisions"}],"predecessor-version":[{"id":87744,"href":"https:\/\/gazdasagportal.hu\/index.php\/wp-json\/wp\/v2\/posts\/87743\/revisions\/87744"}],"wp:attachment":[{"href":"https:\/\/gazdasagportal.hu\/index.php\/wp-json\/wp\/v2\/media?parent=87743"}],"wp:term":[{"taxonomy":"category","embeddable":true,"href":"https:\/\/gazdasagportal.hu\/index.php\/wp-json\/wp\/v2\/categories?post=87743"},{"taxonomy":"post_tag","embeddable":true,"href":"https:\/\/gazdasagportal.hu\/index.php\/wp-json\/wp\/v2\/tags?post=87743"}],"curies":[{"name":"wp","href":"https:\/\/api.w.org\/{rel}","templated":true}]}}