{"id":87739,"date":"2016-12-12T04:44:20","date_gmt":"2016-12-12T03:44:20","guid":{"rendered":"http:\/\/gazdasagportal.hu\/?p=87739"},"modified":"2016-12-12T06:41:08","modified_gmt":"2016-12-12T05:41:08","slug":"viharos-szell-hozapor-es-akar-minusz-10-celsius-foknal-is-hidegebb-lehet-a-heten","status":"publish","type":"post","link":"https:\/\/gazdasagportal.hu\/index.php\/viharos-szell-hozapor-es-akar-minusz-10-celsius-foknal-is-hidegebb-lehet-a-heten\/","title":{"rendered":"Viharos sz\u00e9l, h\u00f3z\u00e1por \u00e9s ak\u00e1r m\u00ednusz 10 Celsius-fokn\u00e1l is hidegebb lehet a h\u00e9ten"},"content":{"rendered":"<p><strong>A j\u00f6v\u0151 h\u00e9ten ism\u00e9t leh\u0171l\u00e9sre kell k\u00e9sz\u00fclni: hajnalban ak\u00e1r m\u00ednusz 10 Celsius-fokn\u00e1l is hidegebb lehet, helyenk\u00e9nt m\u00e9g napk\u00f6zben is m\u00ednuszok lesznek &#8211; der\u00fcl ki az Orsz\u00e1gos Meteorol\u00f3giai Szolg\u00e1lat orsz\u00e1gos, k\u00f6z\u00e9pt\u00e1v\u00fa el\u0151rejelz\u00e9s\u00e9b\u0151l, amelyet vas\u00e1rnap juttatott el az MTI-hez.<\/strong><!--more--><\/p>\n<div class=\"ads-in-post1\"><div id=\"gazdasagportal.hu_fullbanner_wideboard\"><\/div>\r\n<\/div>\n<p>    H\u00e9tf\u0151n kezdetben er\u0151sen felh\u0151s lesz az \u00e9g, napk\u00f6zben elsz\u00f3rtan v\u00e1rhat\u00f3 es\u0151, z\u00e1por, az \u00c9szaki-k\u00f6z\u00e9phegys\u00e9gben h\u00f3z\u00e1por, de d\u00e9lut\u00e1n s\u00edkvid\u00e9ken is el\u0151fordulhat havas es\u0151, h\u00f3z\u00e1por. Emellett t\u00f6bbfel\u00e9 lesz er\u0151s a l\u00e9gmozg\u00e1s, a d\u00e9li \u00f3r\u00e1kt\u00f3l viharos sz\u00e9ll\u00f6k\u00e9sekre is sz\u00e1m\u00edtani kell. \u00c9jszak\u00e1ra m\u00e9rs\u00e9kl\u0151dik a l\u00e9gmozg\u00e1s. A legalacsonyabb h\u0151m\u00e9rs\u00e9klet t\u00f6bbnyire m\u00ednusz 2 \u00e9s plus 3 fok k\u00f6z\u00f6tt alakul, a sz\u00e9lv\u00e9dett d\u00e9lnyugati ter\u00fcleteken lesz a hidegebb. Napk\u00f6zben 3-9 fokig melegszik a leveg\u0151.<br \/>\n    Kedden t\u00falnyom\u00f3an der\u00fclt lesz az \u00e9g, csapad\u00e9k nem v\u00e1rhat\u00f3. A leghidegebb \u00f3r\u00e1kban t\u00f6bbnyire m\u00ednusz 9 \u00e9s m\u00ednusz 4 fok k\u00f6z\u00f6tt alakul a h\u0151m\u00e9rs\u00e9klet, de a fagyzugokban m\u00ednusz 12 fok is lehet. A legmagasabb h\u0151m\u00e9rs\u00e9klet m\u00ednusz 1 \u00e9s plusz 4 fok k\u00f6z\u00f6tt v\u00e1rhat\u00f3.<br \/>\n    Szerd\u00e1n csak r\u00f6vid id\u0151re s\u00fcthet ki a nap, d\u00e9lut\u00e1nt\u00f3l elsz\u00f3rtan csapad\u00e9k is v\u00e1rhat\u00f3: a Dun\u00e1nt\u00falon ink\u00e1bb havas es\u0151, es\u0151, m\u00e1sutt h\u00f3sz\u00e1lling\u00f3z\u00e1s, gyenge havaz\u00e1s val\u00f3sz\u00edn\u0171. A minimumh\u0151m\u00e9rs\u00e9klet m\u00ednusz 7 \u00e9s m\u00ednusz 2, a maximumh\u0151m\u00e9rs\u00e9klet m\u00ednusz 2 \u00e9s plusz 4 fok k\u00f6z\u00f6tt val\u00f3sz\u00edn\u0171.<br \/>\n    Cs\u00fct\u00f6rt\u00f6k\u00f6n reggel, kora d\u00e9lel\u0151tt keleten m\u00e9g el\u0151fordulhat gyenge h\u00f3es\u00e9s, majd megsz\u0171nik a csapad\u00e9k \u00e9s t\u00f6bb \u00f3r\u00e1ra kis\u00fct a nap. A legalacsonyabb h\u0151m\u00e9rs\u00e9klet m\u00ednusz 5 \u00e9s plusz 1, a legmagasabb h\u0151m\u00e9rs\u00e9klet 0 \u00e9s plusz 5 fok k\u00f6z\u00f6tt val\u00f3sz\u00edn\u0171.<br \/>\n    A p\u00e9ntekre virrad\u00f3ra k\u00e9pz\u0151d\u0151 k\u00f6d egy r\u00e9sze eg\u00e9sz nap megmaradhat, m\u00e1sutt gyeng\u00e9n felh\u0151s, napos id\u0151re lehet sz\u00e1m\u00edtani. Legfeljebb n\u00e9hol fordulhat el\u0151 h\u00f3sz\u00e1lling\u00f3z\u00e1s, szit\u00e1l\u00e1s. A leghidegebb \u00f3r\u00e1kban m\u00ednusz 8 \u00e9s m\u00ednusz 3 fok k\u00f6z\u00f6tt alakul a h\u0151m\u00e9rs\u00e9klet. Napk\u00f6zben a borult helyeken m\u00ednusz 2, a napos t\u00e1jakon plusz 3 fok k\u00f6r\u00fcl alakulnak a maximumok.<br \/>\n    Szombaton helyenk\u00e9nt h\u00f3sz\u00e1lling\u00f3z\u00e1s, szit\u00e1l\u00e1s is lehet. N\u00e9hol borult, k\u00f6d\u00f6s, m\u00e1sutt der\u00fclt lesz az id\u0151j\u00e1r\u00e1s. A minimumh\u0151m\u00e9rs\u00e9klet m\u00ednusz 8 \u00e9s m\u00ednusz 3 fok k\u00f6z\u00f6tt val\u00f3sz\u00edn\u0171. Nappal a borult, k\u00f6d\u00f6s helyeken m\u00ednusz 3, a napos t\u00e1jakon plusz 2 fokig melegszik a leveg\u0151.<br \/>\n    Vas\u00e1rnap nagyobbr\u00e9szt borong\u00f3s, p\u00e1r\u00e1s, foltokban tart\u00f3san k\u00f6d\u00f6s id\u0151 v\u00e1rhat\u00f3 helyenk\u00e9nt szit\u00e1l\u00e1ssal, h\u00f3sz\u00e1lling\u00f3z\u00e1ssal, ink\u00e1bb csak kisebb k\u00f6rzetekben s\u00fcthet ki a nap. A legalacsonyabb h\u0151m\u00e9rs\u00e9klet m\u00ednusz 7 \u00e9s m\u00ednusz 2, a legmagasabb h\u0151m\u00e9rs\u00e9klet m\u00ednusz 4 \u00e9s plusz 2 fok k\u00f6z\u00f6tt val\u00f3sz\u00edn\u0171 &#8211; olvashat\u00f3 az el\u0151rejelz\u00e9sben.(MTI)<\/p>\n","protected":false},"excerpt":{"rendered":"<p>A j\u00f6v\u0151 h\u00e9ten ism\u00e9t leh\u0171l\u00e9sre kell k\u00e9sz\u00fclni: hajnalban ak\u00e1r m\u00ednusz 10 Celsius-fokn\u00e1l is hidegebb lehet, helyenk\u00e9nt m\u00e9g napk\u00f6zben is m\u00ednuszok lesznek &#8211; der\u00fcl ki az Orsz\u00e1gos Meteorol\u00f3giai Szolg\u00e1lat orsz\u00e1gos, k\u00f6z\u00e9pt\u00e1v\u00fa el\u0151rejelz\u00e9s\u00e9b\u0151l, amelyet vas\u00e1rnap juttatott el az MTI-hez.<\/p>\n","protected":false},"author":1,"featured_media":0,"comment_status":"open","ping_status":"closed","sticky":false,"template":"","format":"standard","meta":[],"categories":[4],"tags":[],"_links":{"self":[{"href":"https:\/\/gazdasagportal.hu\/index.php\/wp-json\/wp\/v2\/posts\/87739"}],"collection":[{"href":"https:\/\/gazdasagportal.hu\/index.php\/wp-json\/wp\/v2\/posts"}],"about":[{"href":"https:\/\/gazdasagportal.hu\/index.php\/wp-json\/wp\/v2\/types\/post"}],"author":[{"embeddable":true,"href":"https:\/\/gazdasagportal.hu\/index.php\/wp-json\/wp\/v2\/users\/1"}],"replies":[{"embeddable":true,"href":"https:\/\/gazdasagportal.hu\/index.php\/wp-json\/wp\/v2\/comments?post=87739"}],"version-history":[{"count":2,"href":"https:\/\/gazdasagportal.hu\/index.php\/wp-json\/wp\/v2\/posts\/87739\/revisions"}],"predecessor-version":[{"id":87747,"href":"https:\/\/gazdasagportal.hu\/index.php\/wp-json\/wp\/v2\/posts\/87739\/revisions\/87747"}],"wp:attachment":[{"href":"https:\/\/gazdasagportal.hu\/index.php\/wp-json\/wp\/v2\/media?parent=87739"}],"wp:term":[{"taxonomy":"category","embeddable":true,"href":"https:\/\/gazdasagportal.hu\/index.php\/wp-json\/wp\/v2\/categories?post=87739"},{"taxonomy":"post_tag","embeddable":true,"href":"https:\/\/gazdasagportal.hu\/index.php\/wp-json\/wp\/v2\/tags?post=87739"}],"curies":[{"name":"wp","href":"https:\/\/api.w.org\/{rel}","templated":true}]}}