{"id":87735,"date":"2016-12-11T19:18:53","date_gmt":"2016-12-11T18:18:53","guid":{"rendered":"http:\/\/gazdasagportal.hu\/?p=87735"},"modified":"2016-12-11T19:18:53","modified_gmt":"2016-12-11T18:18:53","slug":"bezartak-a-szavazohelyisegek-macedoniaban-magas-volt-a-reszvetel","status":"publish","type":"post","link":"https:\/\/gazdasagportal.hu\/index.php\/bezartak-a-szavazohelyisegek-macedoniaban-magas-volt-a-reszvetel\/","title":{"rendered":"Bez\u00e1rtak a szavaz\u00f3helyis\u00e9gek Maced\u00f3ni\u00e1ban, magas volt a r\u00e9szv\u00e9tel"},"content":{"rendered":"<p><strong>Befejez\u0151d\u00f6tt az el\u0151rehozott parlamenti v\u00e1laszt\u00e1s Maced\u00f3ni\u00e1ban, vas\u00e1rnap este h\u00e9t \u00f3rakor bez\u00e1rtak a szavaz\u00f3helyis\u00e9gek. A r\u00e9szv\u00e9teli ar\u00e1ny d\u00e9lel\u0151tt m\u00e9g igen alacsony volt, \u00e1m d\u00e9lut\u00e1n sokan j\u00e1rultak az urn\u00e1k el\u00e9, \u00edgy 17 \u00f3r\u00e1ig a v\u00e1laszt\u00e1si bizotts\u00e1g adatai szerint a szavaz\u00e1sra jogosultak 60,38 sz\u00e1zal\u00e9ka adta le voks\u00e1t.<\/strong><!--more--><\/p>\n<div class=\"ads-in-post1\"><div id=\"gazdasagportal.hu_fullbanner_wideboard\"><\/div>\r\n<\/div>\n<p>    A k\u00f6zv\u00e9lem\u00e9ny-kutat\u00e1sok szerint k\u00e9t f\u00e9l k\u00f6z\u00f6tt lehetett szoros k\u00fczdelemre sz\u00e1m\u00edtani, \u00e9s szinte soha nem volt m\u00e9g ilyen kicsi a k\u00fcl\u00f6nbs\u00e9g a jobboldal \u00e9s a baloldal k\u00f6z\u00f6tt.<br \/>\n    A Nikola Gruevszki volt minisztereln\u00f6k nev\u00e9vel f\u00e9mjelzett, a jobboldali Bels\u0151 Maced\u00f3n Forradalmi Szervezet &#8211; Maced\u00f3n Nemzeti Egys\u00e9g Demokratikus P\u00e1rtja (VMRO-DPMNE) \u00e1ltal vezetett, 25 p\u00e1rtb\u00f3l \u00e1ll\u00f3 koal\u00edci\u00f3 legf\u0151bb riv\u00e1lisa Zoran Zaev, illetve p\u00e1rtja, a baloldali Maced\u00f3niai Szoci\u00e1ldemokrata Sz\u00f6vets\u00e9g (SDSM) vezette koal\u00edci\u00f3 volt.<br \/>\n    Nikola Gruevszki a kamp\u00e1ny sor\u00e1n mintegy 70 ezer \u00faj munkahely l\u00e9trehoz\u00e1s\u00e1t \u00e9s a munkan\u00e9lk\u00fclis\u00e9gi r\u00e1ta cs\u00f6kkent\u00e9s\u00e9t \u00edg\u00e9rte, m\u00edg Zoran Zaev kijelentette: ha hatalomra ker\u00fcl, bebizony\u00edtja a VMRO-DPMNE kor\u00e1bbi csal\u00e1sait \u00e9s vissza\u00e9l\u00e9seit.<br \/>\n    A v\u00e1laszt\u00e1s napj\u00e1n Gjorje Ivanov \u00e1llamf\u0151 rem\u00e9ny\u00e9nek adott hangot, hogy b\u00e1rki is nyeri meg a v\u00e1laszt\u00e1sokat, a vesztes f\u00e9l elismeri a voksol\u00e1s legitimit\u00e1s\u00e1t. Emellett kijelentette, azt szeretn\u00e9, ha a korm\u00e1ny \u00e9s a parlament mihamarabb megalakulna, \u00e9s Maced\u00f3nia kil\u00e1balna a k\u00e9t \u00e9ve tart\u00f3 belpolitikai v\u00e1ls\u00e1gb\u00f3l.<br \/>\n    Zoran Zaev azzal h\u00edvta fel mag\u00e1ra a figyelmet vas\u00e1rnap, hogy szavaz\u00f3c\u00e9dul\u00e1ja lead\u00e1sakor az \u00fajs\u00e1g\u00edr\u00f3knak a v\u00e1rhat\u00f3 gy\u0151zelemr\u0151l besz\u00e9lt, \u00e9s lesz\u00f6gezte: este v\u00e1rhat\u00f3an kihirdeti gy\u0151zelm\u00e9t. Hozz\u00e1tette mindazon\u00e1ltal, hogy ha m\u00e9gsem gy\u0151zne, az politikai p\u00e1lyafut\u00e1sa v\u00e9g\u00e9t jelenten\u00e9, \u00e9s lemondana p\u00e1rteln\u00f6ki tiszts\u00e9g\u00e9r\u0151l.<br \/>\n    A mintegy 1,78 milli\u00f3, szavaz\u00f3joggal rendelkez\u0151 maced\u00f3n \u00e1llampolg\u00e1r \u00f6sszesen 11 lista k\u00f6z\u00fcl v\u00e1laszthatta ki a 123 f\u0151s szkopjei t\u00f6rv\u00e9nyhoz\u00e1s tagjait. Az egykamar\u00e1s parlamentet n\u00e9gy \u00e9vre v\u00e1lasztj\u00e1k, a korm\u00e1nyalak\u00edt\u00e1shoz egy p\u00e1rtnak vagy koal\u00edci\u00f3nak 62 parlamenti helyet kell megszereznie.<br \/>\n    Maced\u00f3nia f\u00fcggetlens\u00e9g\u00e9nek kiki\u00e1lt\u00e1sa \u00f3ta ez volt a kilencedik parlamenti v\u00e1laszt\u00e1s, \u00e9s sorrendben a negyedik el\u0151rehozott v\u00e1laszt\u00e1s. Az ut\u00f3bbi n\u00e9h\u00e1ny alkalmat be\u00e1rny\u00e9kolta, hogy az ellenz\u00e9k szavazatlop\u00e1ssal v\u00e1dolta meg a korm\u00e1nyz\u00f3 VMRO-DPMNE-t.<br \/>\n    Helyi \u00e9s nemzetk\u00f6zi megfigyel\u0151k szerint a voksol\u00e1s nyugodt l\u00e9gk\u00f6rben zajlott, csak apr\u00f3bb rendelleness\u00e9gek voltak tapasztalhat\u00f3k.<br \/>\n    Az els\u0151 nem hivatalos eredm\u00e9nyek vas\u00e1rnap k\u00e9s\u0151 este v\u00e1rhat\u00f3k, a v\u00e9geredm\u00e9nyt pedig felt\u00e9telezhet\u0151en m\u00e1r h\u00e9tf\u0151n k\u00f6zli a v\u00e1laszt\u00e1si bizotts\u00e1g.(MTI)<\/p>\n","protected":false},"excerpt":{"rendered":"<p>Befejez\u0151d\u00f6tt az el\u0151rehozott parlamenti v\u00e1laszt\u00e1s Maced\u00f3ni\u00e1ban, vas\u00e1rnap este h\u00e9t \u00f3rakor bez\u00e1rtak a szavaz\u00f3helyis\u00e9gek. A r\u00e9szv\u00e9teli ar\u00e1ny d\u00e9lel\u0151tt m\u00e9g igen alacsony volt, \u00e1m d\u00e9lut\u00e1n sokan j\u00e1rultak az urn\u00e1k el\u00e9, \u00edgy 17 \u00f3r\u00e1ig a v\u00e1laszt\u00e1si bizotts\u00e1g adatai szerint a szavaz\u00e1sra jogosultak 60,38 sz\u00e1zal\u00e9ka adta le voks\u00e1t.<\/p>\n","protected":false},"author":1,"featured_media":0,"comment_status":"open","ping_status":"closed","sticky":false,"template":"","format":"standard","meta":[],"categories":[12],"tags":[],"_links":{"self":[{"href":"https:\/\/gazdasagportal.hu\/index.php\/wp-json\/wp\/v2\/posts\/87735"}],"collection":[{"href":"https:\/\/gazdasagportal.hu\/index.php\/wp-json\/wp\/v2\/posts"}],"about":[{"href":"https:\/\/gazdasagportal.hu\/index.php\/wp-json\/wp\/v2\/types\/post"}],"author":[{"embeddable":true,"href":"https:\/\/gazdasagportal.hu\/index.php\/wp-json\/wp\/v2\/users\/1"}],"replies":[{"embeddable":true,"href":"https:\/\/gazdasagportal.hu\/index.php\/wp-json\/wp\/v2\/comments?post=87735"}],"version-history":[{"count":1,"href":"https:\/\/gazdasagportal.hu\/index.php\/wp-json\/wp\/v2\/posts\/87735\/revisions"}],"predecessor-version":[{"id":87736,"href":"https:\/\/gazdasagportal.hu\/index.php\/wp-json\/wp\/v2\/posts\/87735\/revisions\/87736"}],"wp:attachment":[{"href":"https:\/\/gazdasagportal.hu\/index.php\/wp-json\/wp\/v2\/media?parent=87735"}],"wp:term":[{"taxonomy":"category","embeddable":true,"href":"https:\/\/gazdasagportal.hu\/index.php\/wp-json\/wp\/v2\/categories?post=87735"},{"taxonomy":"post_tag","embeddable":true,"href":"https:\/\/gazdasagportal.hu\/index.php\/wp-json\/wp\/v2\/tags?post=87735"}],"curies":[{"name":"wp","href":"https:\/\/api.w.org\/{rel}","templated":true}]}}