{"id":87664,"date":"2016-12-08T17:11:16","date_gmt":"2016-12-08T16:11:16","guid":{"rendered":"http:\/\/gazdasagportal.hu\/?p=87664"},"modified":"2016-12-08T17:22:36","modified_gmt":"2016-12-08T16:22:36","slug":"negyedik-alkalommal-mutatjak-be-az-uzleti-es-marketing-trendeket","status":"publish","type":"post","link":"https:\/\/gazdasagportal.hu\/index.php\/negyedik-alkalommal-mutatjak-be-az-uzleti-es-marketing-trendeket\/","title":{"rendered":"Negyedik alkalommal mutatj\u00e1k be az \u00fczleti- \u00e9s marketing trendeket"},"content":{"rendered":"<p><strong>A tavaly 1200 r\u00e9sztvev\u0151vel megrendezett, telt h\u00e1zas konferencia minden eddigin\u00e9l er\u0151sebb szakmai programmal \u00e9s \u201eshow\u201d-val \u00e9rkezik imm\u00e1r 4. alkalommal, \u00a02017.01.26-\u00e1n, a szervez\u0151k szerint.<\/strong><!--more--><\/p>\n<div class=\"ads-in-post1\"><div id=\"gazdasagportal.hu_fullbanner_wideboard\"><\/div>\r\n<\/div>\n<p><span style=\"font-weight: 400;\">A tavaly 1200 r\u00e9sztvev\u0151vel megrendezett, telt h\u00e1zas konferencia minden eddigin\u00e9l er\u0151sebb szakmai programmal \u00e9s \u201eshow\u201d-val \u00e9rkezik imm\u00e1r 4. alkalommal, \u00a02017.01.26-\u00e1n, a szervez\u0151k szerint. Az esem\u00e9ny c\u00e9lja \u2013 m\u00e1r m\u00e1r hagyom\u00e1nyosan \u2013 a v\u00e1rhat\u00f3, 2017-es \u00e9v \u00fczleti- \u00e9s marketingtrendek bemutat\u00e1sa; A hazai kkv-\u00fczleti \u00e9v megnyit\u00e1sa marketing- \u00e9s kommunik\u00e1ci\u00f3s szakemberek, c\u00e9gvezet\u0151k \u00e9s marketing d\u00f6nt\u00e9shoz\u00f3k r\u00e9szv\u00e9tel\u00e9vel. A rendezv\u00e9nyen 15 el\u0151ad\u00f3 \u2013 az adott szakter\u00fclet jeles vagy \u00e9ppen piacvezet\u0151 k\u00e9pvisel\u0151je \u2013 besz\u00e9l az el\u0151tt\u00fcnk \u00e1ll\u00f3 \u00e9vre javasolt marketingeszk\u00f6z\u00f6kr\u0151l, -m\u00f3dszerekr\u0151l, -megold\u00e1sokr\u00f3l.<\/span><\/p>\n<p><span style=\"font-weight: 400;\">\u201eA feldolgozott t\u00e9m\u00e1kat a tavalyi \u00e9vekhez hasonl\u00f3an most is hosszas piackutat\u00e1s el\u0151zte meg annak \u00e9rdek\u00e9ben, hogy a c\u00e9gvezet\u0151k, d\u00f6nt\u00e9shoz\u00f3k \u00e9s szakmabeliek azt kapj\u00e1k, ami val\u00f3ban \u00e9rdekli \u0151ket, amit legink\u00e1bb fejleszteni szeretn\u00e9nek saj\u00e1t c\u00e9g\u00fckben\u201d \u2013 fogalmazott Miklovicz Norbert, a marketing esem\u00e9ny f\u0151szervez\u0151je, a Marketing112 kkv-marketingszak\u00e9rt\u0151je.<\/span><\/p><div id=\"gazda-3237183423\" class=\"gazda-tartalomban gazda-entity-placement\"><script async src=\"https:\/\/pagead2.googlesyndication.com\/pagead\/js\/adsbygoogle.js\"><\/script>\r\n<ins class=\"adsbygoogle\"\r\n     style=\"display:block\"\r\n     data-ad-format=\"fluid\"\r\n     data-ad-layout-key=\"-6t+ed+2i-1n-4w\"\r\n     data-ad-client=\"ca-pub-1959107119989764\"\r\n     data-ad-slot=\"4008251320\"><\/ins>\r\n<script>\r\n     (adsbygoogle = window.adsbygoogle || []).push({});\r\n<\/script><\/div>\n<p><span style=\"font-weight: 400;\">A tavalyi t\u00f6bb mint 40 standos szakki\u00e1ll\u00edt\u00e1s ut\u00e1n \u00fajra, jobbn\u00e1l jobb kivitelez\u0151k v\u00e1rj\u00e1k a l\u00e1togat\u00f3kat, \u00e9s ism\u00e9t lesz \u00fczleti kapcsolat\u00e9p\u00edt\u0151 (networking) rendezv\u00e9ny, ahol szak\u00e9rt\u0151i seg\u00edts\u00e9ggel gyors, moder\u00e1lt \u00fczleti kapcsolat\u00e9p\u00edt\u00e9sre, kapcsolati t\u0151ke megoszt\u00e1s\u00e1ra van lehet\u0151s\u00e9g.<\/span><\/p>\n<p><span style=\"font-weight: 400;\">Id\u00e9n is lesz \u00fajdons\u00e1g: a \u201eMilli\u00e1rdosok klubja\u201d, amely egy kerekasztal-besz\u00e9lget\u00e9s, ahol milli\u00e1rdos forgalm\u00fa, &#8222;kicsib\u0151l naggy\u00e1 v\u00e1l\u00f3&#8221;, hiteles, csal\u00e1di c\u00e9gek vezet\u0151i inspir\u00e1lj\u00e1k tapasztalataikkal a hallgat\u00f3s\u00e1got.<\/span><\/p>\n<p><span style=\"font-weight: 400;\">A konferenci\u00e1n id\u00e9n is kiosztj\u00e1k a Magyar Marketing Fesztiv\u00e1l D\u00edjat annak a szakmai szak\u00e9rt\u0151nek \u00e9s t\u00e1rsas\u00e1gnak, akik el\u0151z\u0151 \u00e9vi munk\u00e1ss\u00e1gukkal nagy hat\u00e1ssal voltak a kkv-piac fejl\u0151d\u00e9s\u00e9re.<\/span><\/p>\n<p><span style=\"font-weight: 400;\">Tov\u00e1bbi inform\u00e1ci\u00f3k:<\/span> <strong><a href=\"http:\/\/www.marketingfesztival.hu\/?p=gazdasagportal_kozlemeny\" target=\"_blank\" rel=\"noopener\">www.marketingfesztival.hu<\/a><\/strong><\/p>\n","protected":false},"excerpt":{"rendered":"<p>A tavaly 1200 r\u00e9sztvev\u0151vel megrendezett, telt h\u00e1zas konferencia minden eddigin\u00e9l er\u0151sebb szakmai programmal \u00e9s \u201eshow\u201d-val \u00e9rkezik imm\u00e1r 4. alkalommal, \u00a02017.01.26-\u00e1n, a szervez\u0151k szerint.<\/p>\n","protected":false},"author":1,"featured_media":0,"comment_status":"open","ping_status":"closed","sticky":false,"template":"","format":"standard","meta":[],"categories":[4,19],"tags":[],"_links":{"self":[{"href":"https:\/\/gazdasagportal.hu\/index.php\/wp-json\/wp\/v2\/posts\/87664"}],"collection":[{"href":"https:\/\/gazdasagportal.hu\/index.php\/wp-json\/wp\/v2\/posts"}],"about":[{"href":"https:\/\/gazdasagportal.hu\/index.php\/wp-json\/wp\/v2\/types\/post"}],"author":[{"embeddable":true,"href":"https:\/\/gazdasagportal.hu\/index.php\/wp-json\/wp\/v2\/users\/1"}],"replies":[{"embeddable":true,"href":"https:\/\/gazdasagportal.hu\/index.php\/wp-json\/wp\/v2\/comments?post=87664"}],"version-history":[{"count":5,"href":"https:\/\/gazdasagportal.hu\/index.php\/wp-json\/wp\/v2\/posts\/87664\/revisions"}],"predecessor-version":[{"id":87671,"href":"https:\/\/gazdasagportal.hu\/index.php\/wp-json\/wp\/v2\/posts\/87664\/revisions\/87671"}],"wp:attachment":[{"href":"https:\/\/gazdasagportal.hu\/index.php\/wp-json\/wp\/v2\/media?parent=87664"}],"wp:term":[{"taxonomy":"category","embeddable":true,"href":"https:\/\/gazdasagportal.hu\/index.php\/wp-json\/wp\/v2\/categories?post=87664"},{"taxonomy":"post_tag","embeddable":true,"href":"https:\/\/gazdasagportal.hu\/index.php\/wp-json\/wp\/v2\/tags?post=87664"}],"curies":[{"name":"wp","href":"https:\/\/api.w.org\/{rel}","templated":true}]}}