{"id":87660,"date":"2016-12-08T16:15:28","date_gmt":"2016-12-08T15:15:28","guid":{"rendered":"http:\/\/gazdasagportal.hu\/?p=87660"},"modified":"2016-12-08T16:15:28","modified_gmt":"2016-12-08T15:15:28","slug":"az-ekb-meghosszabbitotta-eszkozvasarlasi-programjat","status":"publish","type":"post","link":"https:\/\/gazdasagportal.hu\/index.php\/az-ekb-meghosszabbitotta-eszkozvasarlasi-programjat\/","title":{"rendered":"Az EKB meghosszabb\u00edtotta eszk\u00f6zv\u00e1s\u00e1rl\u00e1si programj\u00e1t"},"content":{"rendered":"<p><strong>Eur\u00f3pai K\u00f6zponti Bank (EKB) korm\u00e1nyz\u00f3tan\u00e1csa cs\u00fct\u00f6rt\u00f6ki \u00fcl\u00e9s\u00e9n a v\u00e1rakoz\u00e1soknak megfelel\u0151en nem v\u00e1ltoztatott az ir\u00e1nyad\u00f3 kamaton, de cs\u00f6kkentett havi keret\u00f6sszeggel meghosszabb\u00edtotta eszk\u00f6zv\u00e1s\u00e1rl\u00e1si programj\u00e1nak futamidej\u00e9t.<\/strong><!--more--><\/p>\n<div class=\"ads-in-post1\"><div id=\"gazdasagportal.hu_fullbanner_wideboard\"><\/div>\r\n<\/div>\n<p>    Az EKB legut\u00f3bb m\u00e1rciusban hozott monet\u00e1ris \u00f6szt\u00f6nz\u0151 int\u00e9zked\u00e9seket: 0,05 sz\u00e1zal\u00e9kr\u00f3l 0 sz\u00e1zal\u00e9kra cs\u00f6kkentette az ir\u00e1nyad\u00f3 kamatot, havi 60 milli\u00e1rd eur\u00f3s k\u00f6tv\u00e9nyv\u00e1s\u00e1rl\u00e1si programj\u00e1t 80 milli\u00e1rd eur\u00f3ra emelte, m\u00ednusz 0,3 sz\u00e1zal\u00e9kr\u00f3l m\u00ednusz 0,4 sz\u00e1zal\u00e9kra m\u00f3dos\u00edtotta az EKB-n\u00e1l elhelyezett egynapos kereskedelmi banki bet\u00e9tek kamat\u00e1t.<br \/>\n    Az eredetileg 2017 m\u00e1rciusi lej\u00e1rattal tervezett APP (Asset Purchase Programme) eszk\u00f6zv\u00e1s\u00e1rl\u00e1si program futamidej\u00e9t viszont legal\u00e1bb 2017 december\u00e9ig, vagy sz\u00fcks\u00e9g eset\u00e9n m\u00e9g tov\u00e1bb is meghosszabb\u00edtj\u00e1k, de cs\u00f6kkentett keret\u00f6sszeggel. A program jelenleg havi 80 milli\u00e1rd eur\u00f3s keret\u00f6sszege 2017 m\u00e1rcius\u00e1t\u00f3l 60 milli\u00e1rd eur\u00f3ra cs\u00f6kken.<br \/>\n    A bejelent\u00e9st k\u00f6vet\u0151 sajt\u00f3t\u00e1j\u00e9koztat\u00f3n Mario Draghi az EKB eln\u00f6ke hangs\u00falyozta, hogy a kamatl\u00e1bak bel\u00e1that\u00f3 id\u0151n bel\u00fcl, az eszk\u00f6zv\u00e1s\u00e1rl\u00e1si program futamideje alatt mindenk\u00e9ppen, de ak\u00e1r huzamosabb ideig is a jelenlegi, vagy a jelenlegin\u00e9l alacsonyabb szinten maradnak.<br \/>\n    Az eszk\u00f6zv\u00e1s\u00e1rl\u00e1si program m\u00e9rt\u00e9k\u00e9t \u00e9s futamidej\u00e9t pedig az EKB a k\u00e9t sz\u00e1zal\u00e9kot k\u00f6zel\u00edt\u0151 infl\u00e1ci\u00f3s c\u00e9lj\u00e1nak el\u00e9r\u00e9s\u00e9t el\u0151seg\u00edt\u0151 laza monet\u00e1ris politika kell\u0151 hat\u00e9konys\u00e1g\u00e1nak garant\u00e1l\u00e1sa \u00e9rdek\u00e9ben \u00e1llap\u00edtott\u00e1k meg a k\u00f6z\u00f6lt param\u00e9terek szerint. A program a m\u00e9rs\u00e9kelt gazdas\u00e1gi n\u00f6veked\u00e9si lend\u00fclet \u00e9s a gyenge infl\u00e1ci\u00f3s nyom\u00e1s ismeret\u00e9ben huzamos ideig kedvez\u0151 p\u00e9nz\u00fcgyi kond\u00edci\u00f3kat garant\u00e1l az eur\u00f3\u00f6vezetben &#8211; fejtette ki. Az EKB korm\u00e1nyz\u00f3tan\u00e1csa ezent\u00fal is folyamatosan szoros figyelemmel k\u00f6veti az \u00e1rstabilit\u00e1si kock\u00e1zatokat \u00e9s sz\u00fcks\u00e9g eset\u00e9n minden rendelkez\u00e9s\u00e9re \u00e1ll\u00f3 eszk\u00f6zzel k\u00e9sz beavatkozni &#8211; sz\u00f6gezte le Mario Draghi.<br \/>\n    Az EKB n\u00f6veked\u00e9si el\u0151rejelz\u00e9se nagyj\u00e1b\u00f3l megegyezik a szeptemberi progn\u00f3zissal &#8211; mutatott r\u00e1 Mario Draghi a decemberi kamatd\u00f6nt\u00e9s indokl\u00e1s\u00e1ban. Az eur\u00f3\u00f6vezeti \u00e9ves GDP-n\u00f6veked\u00e9s az id\u00e9n \u00e9s j\u00f6v\u0151re 1,7 sz\u00e1zal\u00e9k, 2018-ban \u00e9s 2019-ben pedig 1,6 sz\u00e1zal\u00e9k lesz. A bizonytalans\u00e1gi t\u00e9nyez\u0151k ink\u00e1bb az enn\u00e9l alacsonyabb, mint magasabb n\u00f6veked\u00e9si \u00fctem el\u00e9r\u00e9se ir\u00e1ny\u00e1ba hatnak. Az EKB infl\u00e1ci\u00f3s el\u0151rejelz\u00e9se az id\u00e9n 0,2 sz\u00e1zal\u00e9k, 1,3 sz\u00e1zal\u00e9k j\u00f6v\u0151re, illetve 1,5 sz\u00e1zal\u00e9k 2018-ban \u00e9s 1,7 sz\u00e1zal\u00e9k 2019-ben.<br \/>\n    Mario Draghi mostani \u00f6sszefoglal\u00f3j\u00e1ban is megism\u00e9telte az eur\u00f3\u00f6vezet tagorsz\u00e1goknak a kor\u00e1bbi monet\u00e1ris d\u00f6nt\u00e9sek indokl\u00e1s\u00e1ban tett felh\u00edv\u00e1s\u00e1t a struktur\u00e1lis reformok folytat\u00e1s\u00e1ra az EKB gazdas\u00e1g\u00f6szt\u00f6nz\u0151 c\u00e9l\u00fa monet\u00e1ris politikai int\u00e9zked\u00e9sei hat\u00e9konys\u00e1g\u00e1nak fokoz\u00e1sa \u00e9rdek\u00e9ben. Hangs\u00falyozta, hogy mind nemzeti, mind uni\u00f3s szinten tov\u00e1bbi er\u0151fesz\u00edt\u00e9seket kell tenni a struktur\u00e1lis munkan\u00e9lk\u00fclis\u00e9gi enyh\u00edt\u00e9se \u00e9s a hat\u00e9konys\u00e1g n\u00f6vel\u00e9se, az \u00fczleti k\u00f6rnyezet jav\u00edt\u00e1sa \u00e9rdek\u00e9ben.(MTI)<\/p>\n","protected":false},"excerpt":{"rendered":"<p>Eur\u00f3pai K\u00f6zponti Bank (EKB) korm\u00e1nyz\u00f3tan\u00e1csa cs\u00fct\u00f6rt\u00f6ki \u00fcl\u00e9s\u00e9n a v\u00e1rakoz\u00e1soknak megfelel\u0151en nem v\u00e1ltoztatott az ir\u00e1nyad\u00f3 kamaton, de cs\u00f6kkentett havi keret\u00f6sszeggel meghosszabb\u00edtotta eszk\u00f6zv\u00e1s\u00e1rl\u00e1si programj\u00e1nak futamidej\u00e9t.<\/p>\n","protected":false},"author":1,"featured_media":0,"comment_status":"open","ping_status":"closed","sticky":false,"template":"","format":"standard","meta":[],"categories":[246],"tags":[],"_links":{"self":[{"href":"https:\/\/gazdasagportal.hu\/index.php\/wp-json\/wp\/v2\/posts\/87660"}],"collection":[{"href":"https:\/\/gazdasagportal.hu\/index.php\/wp-json\/wp\/v2\/posts"}],"about":[{"href":"https:\/\/gazdasagportal.hu\/index.php\/wp-json\/wp\/v2\/types\/post"}],"author":[{"embeddable":true,"href":"https:\/\/gazdasagportal.hu\/index.php\/wp-json\/wp\/v2\/users\/1"}],"replies":[{"embeddable":true,"href":"https:\/\/gazdasagportal.hu\/index.php\/wp-json\/wp\/v2\/comments?post=87660"}],"version-history":[{"count":1,"href":"https:\/\/gazdasagportal.hu\/index.php\/wp-json\/wp\/v2\/posts\/87660\/revisions"}],"predecessor-version":[{"id":87661,"href":"https:\/\/gazdasagportal.hu\/index.php\/wp-json\/wp\/v2\/posts\/87660\/revisions\/87661"}],"wp:attachment":[{"href":"https:\/\/gazdasagportal.hu\/index.php\/wp-json\/wp\/v2\/media?parent=87660"}],"wp:term":[{"taxonomy":"category","embeddable":true,"href":"https:\/\/gazdasagportal.hu\/index.php\/wp-json\/wp\/v2\/categories?post=87660"},{"taxonomy":"post_tag","embeddable":true,"href":"https:\/\/gazdasagportal.hu\/index.php\/wp-json\/wp\/v2\/tags?post=87660"}],"curies":[{"name":"wp","href":"https:\/\/api.w.org\/{rel}","templated":true}]}}