{"id":87631,"date":"2016-12-07T22:13:22","date_gmt":"2016-12-07T21:13:22","guid":{"rendered":"http:\/\/gazdasagportal.hu\/?p=87631"},"modified":"2016-12-07T22:13:22","modified_gmt":"2016-12-07T21:13:22","slug":"tobb-megyeben-suru-kodre-figyelmeztet-a-meteorologiai-szolgalat","status":"publish","type":"post","link":"https:\/\/gazdasagportal.hu\/index.php\/tobb-megyeben-suru-kodre-figyelmeztet-a-meteorologiai-szolgalat\/","title":{"rendered":"T\u00f6bb megy\u00e9ben s\u0171r\u0171 k\u00f6dre figyelmeztet a meteorol\u00f3giai szolg\u00e1lat"},"content":{"rendered":"<p><strong>Kilenc megy\u00e9re figyelmeztet\u00e9st adott ki a tart\u00f3s, s\u0171r\u0171 k\u00f6d vesz\u00e9lye miatt szerd\u00e1n az Orsz\u00e1gos Meteorol\u00f3giai Szolg\u00e1lat, m\u00edg a f\u0151v\u00e1rosban a l\u00e9gszenyezetts\u00e9g roml\u00e1s\u00e1ra h\u00edvt\u00e1k fel a figyelmet.<\/strong><!--more--><\/p>\n<div class=\"ads-in-post1\"><div id=\"gazdasagportal.hu_fullbanner_wideboard\"><\/div>\r\n<\/div>\n<p>    Az MTI-hez eljuttatott vesz\u00e9lyjelz\u00e9sben azt \u00edrt\u00e1k: reggelig a gyeng\u00e9n felh\u0151s, sz\u00e9lcsendes ter\u00fcleteken t\u00f6bbfel\u00e9 k\u00e9pz\u0151dhet s\u0171r\u0171 (z\u00fazmar\u00e1s) k\u00f6d, amely fokozatosan ritkul, illetve sz\u0171nik meg. Nagyobb ter\u00fcletet \u00e9rint\u0151 k\u00f6d els\u0151sorban a Dun\u00e1nt\u00fal d\u00e9li, d\u00e9lnyugati fel\u00e9n \u00e9s az Alf\u00f6ld d\u00e9li, d\u00e9lkeleti fel\u00e9n val\u00f3sz\u00edn\u0171 &#8211; tett\u00e9k hozz\u00e1.<br \/>\n    A cs\u00fct\u00f6rt\u00f6k \u00e9jf\u00e9lig sz\u00f3l\u00f3 vesz\u00e9lyjelz\u00e9s szerint Baranya, B\u00e1cs-Kiskun, B\u00e9k\u00e9s, Csongr\u00e1d, Hajd\u00fa-Bihar, J\u00e1sz-Nagykun-Szolnok, Somogy, Szabolcs-Szatm\u00e1r-Bereg \u00e9s Zala megy\u00e9re adt\u00e1k ki a figyelmeztet\u00e9st. Ezeken a ter\u00fcleteken arra kell k\u00e9sz\u00fclni, hogy a tart\u00f3san megmarad\u00f3, s\u0171r\u0171 k\u00f6dben p\u00e1r sz\u00e1z m\u00e9ter k\u00f6r\u00fcli lehet a l\u00e1t\u00e1st\u00e1vols\u00e1g.<br \/>\n    Az el\u0151rejelz\u00e9s szerint cs\u00fct\u00f6rt\u00f6k\u00f6n n\u00e9hol jelent\u00e9ktelen h\u00f3sz\u00e1lling\u00f3z\u00e1s el\u0151fordulhat. A legalacsonyabb h\u0151m\u00e9rs\u00e9klet \u00e1ltal\u00e1ban m\u00ednusz 9 \u00e9s m\u00ednusz 2 Celsius-fok k\u00f6z\u00f6tt alakul, de a hidegre \u00e9rz\u00e9keny helyeken enn\u00e9l hidegebb is lehet. A nappali maximumok m\u00ednusz 2 \u00e9s plusz 3 fok k\u00f6z\u00f6tt alakulnak.<br \/>\n    Az Orsz\u00e1gos Meteorol\u00f3giai Szolg\u00e1lat Facebook-oldal\u00e1n arra is felh\u00edvta a figyelmet, hogy tov\u00e1bb romlik a leveg\u0151min\u0151s\u00e9g. A sz\u00e1ll\u00f3 por (PM10) koncentr\u00e1ci\u00f3ja a f\u0151v\u00e1rosban t\u00f6bbfel\u00e9 a t\u00e1j\u00e9koztat\u00e1si szint f\u00f6l\u00f6tt, s\u0151t helyenk\u00e9nt a riaszt\u00e1si k\u00fcsz\u00f6b k\u00f6r\u00fcl vagy a f\u00f6l\u00f6tt alakulhat.(MTI)<\/p>\n","protected":false},"excerpt":{"rendered":"<p>Kilenc megy\u00e9re figyelmeztet\u00e9st adott ki a tart\u00f3s, s\u0171r\u0171 k\u00f6d vesz\u00e9lye miatt szerd\u00e1n az Orsz\u00e1gos Meteorol\u00f3giai Szolg\u00e1lat, m\u00edg a f\u0151v\u00e1rosban a l\u00e9gszenyezetts\u00e9g roml\u00e1s\u00e1ra h\u00edvt\u00e1k fel a figyelmet.<\/p>\n","protected":false},"author":1,"featured_media":0,"comment_status":"open","ping_status":"closed","sticky":false,"template":"","format":"standard","meta":[],"categories":[4],"tags":[],"_links":{"self":[{"href":"https:\/\/gazdasagportal.hu\/index.php\/wp-json\/wp\/v2\/posts\/87631"}],"collection":[{"href":"https:\/\/gazdasagportal.hu\/index.php\/wp-json\/wp\/v2\/posts"}],"about":[{"href":"https:\/\/gazdasagportal.hu\/index.php\/wp-json\/wp\/v2\/types\/post"}],"author":[{"embeddable":true,"href":"https:\/\/gazdasagportal.hu\/index.php\/wp-json\/wp\/v2\/users\/1"}],"replies":[{"embeddable":true,"href":"https:\/\/gazdasagportal.hu\/index.php\/wp-json\/wp\/v2\/comments?post=87631"}],"version-history":[{"count":1,"href":"https:\/\/gazdasagportal.hu\/index.php\/wp-json\/wp\/v2\/posts\/87631\/revisions"}],"predecessor-version":[{"id":87632,"href":"https:\/\/gazdasagportal.hu\/index.php\/wp-json\/wp\/v2\/posts\/87631\/revisions\/87632"}],"wp:attachment":[{"href":"https:\/\/gazdasagportal.hu\/index.php\/wp-json\/wp\/v2\/media?parent=87631"}],"wp:term":[{"taxonomy":"category","embeddable":true,"href":"https:\/\/gazdasagportal.hu\/index.php\/wp-json\/wp\/v2\/categories?post=87631"},{"taxonomy":"post_tag","embeddable":true,"href":"https:\/\/gazdasagportal.hu\/index.php\/wp-json\/wp\/v2\/tags?post=87631"}],"curies":[{"name":"wp","href":"https:\/\/api.w.org\/{rel}","templated":true}]}}