{"id":87627,"date":"2016-12-07T18:18:59","date_gmt":"2016-12-07T17:18:59","guid":{"rendered":"http:\/\/gazdasagportal.hu\/?p=87627"},"modified":"2016-12-07T17:30:15","modified_gmt":"2016-12-07T16:30:15","slug":"brusszel-jovahagyta-hogy-a-microsoft-felvasarolja-a-linkedin-uzleti-kapcsolati-halot","status":"publish","type":"post","link":"https:\/\/gazdasagportal.hu\/index.php\/brusszel-jovahagyta-hogy-a-microsoft-felvasarolja-a-linkedin-uzleti-kapcsolati-halot\/","title":{"rendered":"Br\u00fcsszel j\u00f3v\u00e1hagyta, hogy a Microsoft felv\u00e1s\u00e1rolja a LinkedIn \u00fczleti kapcsolati h\u00e1l\u00f3t"},"content":{"rendered":"<p><strong>Bizonyos felt\u00e9telekkel j\u00f3v\u00e1hagyta az Eur\u00f3pai Bizotts\u00e1g, hogy a Microsoft felv\u00e1s\u00e1rolja a szakmai kapcsolatok \u00e1pol\u00e1s\u00e1ra szakosodott LinkedIn \u00fczleti k\u00f6z\u00f6ss\u00e9gi h\u00e1l\u00f3zatot &#8211; jelentette be szerd\u00e1n a br\u00fcsszeli test\u00fclet.<\/strong><!--more--><\/p>\n<div class=\"ads-in-post1\"><div id=\"gazdasagportal.hu_fullbanner_wideboard\"><\/div>\r\n<\/div>\n<p>    Az amerikai sz\u00e1m\u00edt\u00e1stechnikai \u00f3ri\u00e1sv\u00e1llalat j\u00faniusban jelentette be, hogy 26 milli\u00e1rd doll\u00e1r\u00e9rt megv\u00e1s\u00e1rolja a LinkedInt, amely az akkori t\u00e1j\u00e9koztat\u00e1s szerint az akviz\u00edci\u00f3t k\u00f6vet\u0151en is meg\u0151rzi m\u00e1rkanev\u00e9t, \u00f6n\u00e1ll\u00f3s\u00e1g\u00e1t \u00e9s v\u00e1llalati kult\u00far\u00e1j\u00e1t.<br \/>\n    A bejelent\u00e9sre reag\u00e1lva az Eur\u00f3pai Bizotts\u00e1g aggodalm\u00e1nak adott hangot azzal kapcsolatban, hogy a felv\u00e1s\u00e1rl\u00e1s h\u00e1tr\u00e1nyos helyzetbe hozhatja a konkurens c\u00e9geket \u00e9s \u00e1rthat a piaci versenynek. A test\u00fclet azonban szerd\u00e1n m\u00e1r arr\u00f3l sz\u00e1molt be, hogy a Microsoft \u00e1ltal tett v\u00e1llal\u00e1sok eloszlatj\u00e1k a kor\u00e1bbi versenyjogi agg\u00e1lyokat.<br \/>\n    A Microsoft egyebek mellett v\u00e1llalta, hogy a k\u00f6vetkez\u0151 \u00f6t \u00e9vben nem \u00edrj\u00e1k el\u0151 a sz\u00e1m\u00edt\u00f3g\u00e9pgy\u00e1rt\u00f3knak, hogy a Windows oper\u00e1ci\u00f3s rendszerrel egy\u00fctt a LinkedInt is fel kell telep\u00edteni\u00fck, de ha m\u00e9gis megteszik, azt a felhaszn\u00e1l\u00f3k b\u00e1rmikor let\u00f6r\u00f6lhetik.<br \/>\n    &#8222;Ezek a h\u00e1l\u00f3zatok fontosak az \u00faj karrierlehet\u0151s\u00e9gek megtal\u00e1l\u00e1sa szempontj\u00e1b\u00f3l. A mai d\u00f6nt\u00e9s biztos\u00edtja, hogy az eur\u00f3paiak tov\u00e1bbra is rendelkezzenek a v\u00e1laszt\u00e1s szabads\u00e1g\u00e1val a szakmai k\u00f6z\u00f6ss\u00e9gi h\u00e1l\u00f3zatok ter\u00e9n&#8221; &#8211; mondta Margrethe Vestager versenypolitik\u00e1\u00e9rt felel\u0151s uni\u00f3s biztos.<br \/>\n    Az akviz\u00edci\u00f3 kor\u00e1bban z\u00f6ld utat kapott az Egyes\u00fclt \u00c1llamok, Kanada, Braz\u00edlia \u00e9s a D\u00e9l-afrikai K\u00f6zt\u00e1rsas\u00e1g hat\u00f3s\u00e1gait\u00f3l, \u00e9s az Eur\u00f3pai Uni\u00f3 j\u00f3v\u00e1hagy\u00e1s\u00e1t k\u00f6vet\u0151en napokon bel\u00fcl lez\u00e1rulhat &#8211; k\u00f6z\u00f6lte Brad Smith, a Microsoft eln\u00f6ke \u00e9s jogi f\u0151tan\u00e1csad\u00f3ja.<br \/>\n    Sajt\u00f3komment\u00e1rok szerint ez lesz a Microsoft eddigi legnagyobb \u00e9rt\u00e9k\u0171 felv\u00e1s\u00e1rl\u00e1sa.(MTI)<\/p>\n","protected":false},"excerpt":{"rendered":"<p>Bizonyos felt\u00e9telekkel j\u00f3v\u00e1hagyta az Eur\u00f3pai Bizotts\u00e1g, hogy a Microsoft felv\u00e1s\u00e1rolja a szakmai kapcsolatok \u00e1pol\u00e1s\u00e1ra szakosodott LinkedIn \u00fczleti k\u00f6z\u00f6ss\u00e9gi h\u00e1l\u00f3zatot &#8211; jelentette be szerd\u00e1n a br\u00fcsszeli test\u00fclet.<\/p>\n","protected":false},"author":1,"featured_media":0,"comment_status":"open","ping_status":"closed","sticky":false,"template":"","format":"standard","meta":[],"categories":[8,246],"tags":[],"_links":{"self":[{"href":"https:\/\/gazdasagportal.hu\/index.php\/wp-json\/wp\/v2\/posts\/87627"}],"collection":[{"href":"https:\/\/gazdasagportal.hu\/index.php\/wp-json\/wp\/v2\/posts"}],"about":[{"href":"https:\/\/gazdasagportal.hu\/index.php\/wp-json\/wp\/v2\/types\/post"}],"author":[{"embeddable":true,"href":"https:\/\/gazdasagportal.hu\/index.php\/wp-json\/wp\/v2\/users\/1"}],"replies":[{"embeddable":true,"href":"https:\/\/gazdasagportal.hu\/index.php\/wp-json\/wp\/v2\/comments?post=87627"}],"version-history":[{"count":1,"href":"https:\/\/gazdasagportal.hu\/index.php\/wp-json\/wp\/v2\/posts\/87627\/revisions"}],"predecessor-version":[{"id":87628,"href":"https:\/\/gazdasagportal.hu\/index.php\/wp-json\/wp\/v2\/posts\/87627\/revisions\/87628"}],"wp:attachment":[{"href":"https:\/\/gazdasagportal.hu\/index.php\/wp-json\/wp\/v2\/media?parent=87627"}],"wp:term":[{"taxonomy":"category","embeddable":true,"href":"https:\/\/gazdasagportal.hu\/index.php\/wp-json\/wp\/v2\/categories?post=87627"},{"taxonomy":"post_tag","embeddable":true,"href":"https:\/\/gazdasagportal.hu\/index.php\/wp-json\/wp\/v2\/tags?post=87627"}],"curies":[{"name":"wp","href":"https:\/\/api.w.org\/{rel}","templated":true}]}}