{"id":87622,"date":"2016-12-07T16:50:59","date_gmt":"2016-12-07T15:50:59","guid":{"rendered":"http:\/\/gazdasagportal.hu\/?p=87622"},"modified":"2016-12-07T16:50:59","modified_gmt":"2016-12-07T15:50:59","slug":"uj-ugyvezeto-a-manpowergroup-elen","status":"publish","type":"post","link":"https:\/\/gazdasagportal.hu\/index.php\/uj-ugyvezeto-a-manpowergroup-elen\/","title":{"rendered":"\u00daj \u00fcgyvezet\u0151 a ManpowerGroup \u00e9l\u00e9n"},"content":{"rendered":"<p><strong>\u00daj \u00fcgyvezet\u0151 ker\u00fcl az amerikai k\u00f6zpont\u00fa, munkaer\u0151-k\u00f6lcs\u00f6nz\u00e9ssel, k\u00f6zvet\u00edt\u00e9ssel \u00e9s HR outsourcinggal foglalkoz\u00f3 ManpowerGroup magyarorsz\u00e1gi irod\u00e1j\u00e1nak \u00e9l\u00e9re V\u00e9g\u00a0Ott\u00f3 szem\u00e9ly\u00e9ben. Az \u00faj \u00fcgyvezet\u0151 2016. december 12-\u00e9n kezd a c\u00e9g budapesti irod\u00e1j\u00e1ban. <\/strong><!--more--><\/p>\n<div class=\"ads-in-post1\"><div id=\"gazdasagportal.hu_fullbanner_wideboard\"><\/div>\r\n<\/div>\n<p>&nbsp;<\/p>\n<p>V\u00e9g Ott\u00f3 sok \u00e9ves tapasztalat\u00e1t nemzetk\u00f6zi k\u00f6rnyezetben szerezte, 15 \u00e9vig az FMCG, majd az ut\u00f3bbi 8 \u00e9vben a HR szolg\u00e1ltat\u00e1sok ter\u00fcleten. Kiv\u00e1laszt\u00e1s\u00e1n\u00e1l fontos szerepet j\u00e1tszott a munkaer\u0151-piaci, \u00e9rt\u00e9kes\u00edt\u00e9si tov\u00e1bb\u00e1 a c\u00e9gvezet\u00e9sben szerzett t\u00f6bb \u00e9ves tapasztalata is.<\/p><div id=\"gazda-2744474381\" class=\"gazda-tartalomban gazda-entity-placement\"><script async src=\"https:\/\/pagead2.googlesyndication.com\/pagead\/js\/adsbygoogle.js\"><\/script>\r\n<ins class=\"adsbygoogle\"\r\n     style=\"display:block\"\r\n     data-ad-format=\"fluid\"\r\n     data-ad-layout-key=\"-6t+ed+2i-1n-4w\"\r\n     data-ad-client=\"ca-pub-1959107119989764\"\r\n     data-ad-slot=\"4008251320\"><\/ins>\r\n<script>\r\n     (adsbygoogle = window.adsbygoogle || []).push({});\r\n<\/script><\/div>\n<p>&nbsp;<\/p>\n<p><strong>\u201c<\/strong><em>Biztos vagyok benne, hogy V\u00e9g Ott\u00f3 komoly hozz\u00e1adott \u00e9rt\u00e9ket fog k\u00e9pviselni a v\u00e1llalat strat\u00e9gi\u00e1j\u00e1nak megval\u00f3s\u00edt\u00e1s\u00e1ban, annak \u00e9rdek\u00e9ben, hogy a ManpowerGroup piacvezet\u0151 szerepet t\u00f6lts\u00f6n be Magyarorsz\u00e1gon. B\u00e1r a munkaer\u0151piac egyre nagyobb kih\u00edv\u00e1sokat \u00e1ll\u00edt a szem\u00e9lyzeti tan\u00e1csad\u00f3 c\u00e9gek el\u00e9, jelent\u0151s potenci\u00e1lt l\u00e1tunk K\u00f6z\u00e9p-Eur\u00f3p\u00e1ban a munkaer\u0151 tekintet\u00e9ben. Magyarorsz\u00e1g kiv\u00e1l\u00f3 szakemberek haz\u00e1ja, amit \u00e9rdemes kiakn\u00e1zni \u00e9s er\u0151forr\u00e1st fektetni a munkaer\u0151-k\u00f6lcs\u00f6nz\u00e9s \u00e9s -k\u00f6zvet\u00edt\u00e9s ter\u00fcleteibe. Hiszek benne, hogy ez a v\u00e1ltoztat\u00e1s tiszt\u00e1n mutatja, mennyire elsz\u00e1ntan szeretn\u00e9nk sikeres szerepl\u0151je lenne a magyarorsz\u00e1gi munkaer\u0151 piacnak.\u201d &#8211; <\/em>komment\u00e1lta a kinevez\u00e9st Riccardo Barberis, a ManpowerGroup d\u00e9l-eur\u00f3pai region\u00e1lis igazgat\u00f3ja.<\/p>\n<p>&nbsp;<\/p>\n<p><strong>A ManpowerGroup<sup>TM<\/sup>-r\u00f3l<\/strong><\/p>\n<p>A ManpowerGroup<sup>TM<\/sup> (NYSE: MAN) vil\u00e1gels\u0151 az innovat\u00edv munkaer\u0151-piaci megold\u00e1sok \u00e9s szolg\u00e1ltat\u00e1sok ter\u00fclet\u00e9n, imm\u00e1r t\u00f6bb mint 65 \u00e9ve. Munkaer\u0151-piaci szak\u00e9rt\u0151k\u00e9nt 600 000 embert seg\u00edt\u00fcnk munk\u00e1hoz sz\u00e1mtalan ipar\u00e1gban. A ManpowerGroup m\u00e1rk\u00e1in &#8211; Manpower\u00ae, Experis\u2122, Right Management\u00ae \u00e9s ManpowerGroup\u2122 Solutions \u2013 kereszt\u00fcl t\u00f6bb mint 400 000 \u00fcgyf\u00e9lnek ny\u00fajtunk seg\u00edts\u00e9get t\u00f6bb mint 80 orsz\u00e1gban \u00e9s ter\u00fcleten, a toborz\u00e1st\u00f3l a fejleszt\u00e9sig, hogy megtal\u00e1lj\u00e1k a megfelel\u0151 munkaer\u0151t.<\/p>\n<p>2016-ban a ManpowerGroup-ot a hatodik egym\u00e1st k\u00f6vet\u0151 \u00e9vben v\u00e1lasztott\u00e1k a vil\u00e1g legetikusabb c\u00e9gei (World\u2019s Most Ethical Companies) k\u00f6z\u00e9, \u00e9s a Fortune\u2019s Most Admired Companies elismer\u00e9sre, ezzel is meger\u0151s\u00edtve, hogy az ipar\u00e1g legmegb\u00edzhat\u00f3bb c\u00e9ge.<\/p>\n<p><a href=\"http:\/\/www.manpower.hu\" target=\"_blank\" rel=\"noopener\">www.manpower.hu<\/a><\/p>\n","protected":false},"excerpt":{"rendered":"<p>\u00daj \u00fcgyvezet\u0151 ker\u00fcl az amerikai k\u00f6zpont\u00fa, munkaer\u0151-k\u00f6lcs\u00f6nz\u00e9ssel, k\u00f6zvet\u00edt\u00e9ssel \u00e9s HR outsourcinggal foglalkoz\u00f3 ManpowerGroup magyarorsz\u00e1gi irod\u00e1j\u00e1nak \u00e9l\u00e9re V\u00e9g\u00a0Ott\u00f3 szem\u00e9ly\u00e9ben. Az \u00faj \u00fcgyvezet\u0151 2016. december 12-\u00e9n kezd a c\u00e9g budapesti irod\u00e1j\u00e1ban.<\/p>\n","protected":false},"author":1,"featured_media":0,"comment_status":"open","ping_status":"closed","sticky":false,"template":"","format":"standard","meta":[],"categories":[19],"tags":[],"_links":{"self":[{"href":"https:\/\/gazdasagportal.hu\/index.php\/wp-json\/wp\/v2\/posts\/87622"}],"collection":[{"href":"https:\/\/gazdasagportal.hu\/index.php\/wp-json\/wp\/v2\/posts"}],"about":[{"href":"https:\/\/gazdasagportal.hu\/index.php\/wp-json\/wp\/v2\/types\/post"}],"author":[{"embeddable":true,"href":"https:\/\/gazdasagportal.hu\/index.php\/wp-json\/wp\/v2\/users\/1"}],"replies":[{"embeddable":true,"href":"https:\/\/gazdasagportal.hu\/index.php\/wp-json\/wp\/v2\/comments?post=87622"}],"version-history":[{"count":1,"href":"https:\/\/gazdasagportal.hu\/index.php\/wp-json\/wp\/v2\/posts\/87622\/revisions"}],"predecessor-version":[{"id":87623,"href":"https:\/\/gazdasagportal.hu\/index.php\/wp-json\/wp\/v2\/posts\/87622\/revisions\/87623"}],"wp:attachment":[{"href":"https:\/\/gazdasagportal.hu\/index.php\/wp-json\/wp\/v2\/media?parent=87622"}],"wp:term":[{"taxonomy":"category","embeddable":true,"href":"https:\/\/gazdasagportal.hu\/index.php\/wp-json\/wp\/v2\/categories?post=87622"},{"taxonomy":"post_tag","embeddable":true,"href":"https:\/\/gazdasagportal.hu\/index.php\/wp-json\/wp\/v2\/tags?post=87622"}],"curies":[{"name":"wp","href":"https:\/\/api.w.org\/{rel}","templated":true}]}}