{"id":87591,"date":"2016-12-07T09:05:35","date_gmt":"2016-12-07T08:05:35","guid":{"rendered":"http:\/\/gazdasagportal.hu\/?p=87591"},"modified":"2016-12-07T09:05:35","modified_gmt":"2016-12-07T08:05:35","slug":"nem-jar-a-metro-a-deak-ter-es-az-arpad-hid-kozott","status":"publish","type":"post","link":"https:\/\/gazdasagportal.hu\/index.php\/nem-jar-a-metro-a-deak-ter-es-az-arpad-hid-kozott\/","title":{"rendered":"Nem j\u00e1r a metr\u00f3 a De\u00e1k t\u00e9r \u00e9s az \u00c1rp\u00e1d h\u00edd k\u00f6z\u00f6tt"},"content":{"rendered":"<p><strong>Buszok sz\u00e1ll\u00edtj\u00e1k az utasokat a De\u00e1k Ferenc t\u00e9r \u00e9s \u00c1rp\u00e1d h\u00edd k\u00f6z\u00f6tt a 3-as metr\u00f3vonal egyik j\u00e1rm\u0171v\u00e9nek meghib\u00e1sod\u00e1sa miatt &#8211; k\u00f6z\u00f6lte Facebook-oldal\u00e1n szerda reggel a BKK.<\/strong><!--more--><\/p>\n<div class=\"ads-in-post1\"><div id=\"gazdasagportal.hu_fullbanner_wideboard\"><\/div>\r\n<\/div>\n<p>    Ugyanott megjelent t\u00e1j\u00e9koztat\u00e1sukban jelzik: a 2-es metr\u00f3 megn\u00f6vekedett menetid\u0151vel k\u00f6zlekedik, mert az \u00d6rs vez\u00e9r tere \u00e9s a Pusk\u00e1s Ferenc Stadion k\u00f6z\u00f6tt tov\u00e1bbra is sebess\u00e9gkorl\u00e1toz\u00e1s van \u00e9rv\u00e9nyben, \u00e9p\u00edtkez\u00e9s miatt pedig a Kossuth Lajos t\u00e9ren tov\u00e1bbra is meg\u00e1ll\u00e1s n\u00e9lk\u00fcl halad \u00e1t.(MTI)<\/p>\n","protected":false},"excerpt":{"rendered":"<p>Buszok sz\u00e1ll\u00edtj\u00e1k az utasokat a De\u00e1k Ferenc t\u00e9r \u00e9s \u00c1rp\u00e1d h\u00edd k\u00f6z\u00f6tt a 3-as metr\u00f3vonal egyik j\u00e1rm\u0171v\u00e9nek meghib\u00e1sod\u00e1sa miatt &#8211; k\u00f6z\u00f6lte Facebook-oldal\u00e1n szerda reggel a BKK.<\/p>\n","protected":false},"author":1,"featured_media":0,"comment_status":"open","ping_status":"closed","sticky":false,"template":"","format":"standard","meta":[],"categories":[4],"tags":[],"_links":{"self":[{"href":"https:\/\/gazdasagportal.hu\/index.php\/wp-json\/wp\/v2\/posts\/87591"}],"collection":[{"href":"https:\/\/gazdasagportal.hu\/index.php\/wp-json\/wp\/v2\/posts"}],"about":[{"href":"https:\/\/gazdasagportal.hu\/index.php\/wp-json\/wp\/v2\/types\/post"}],"author":[{"embeddable":true,"href":"https:\/\/gazdasagportal.hu\/index.php\/wp-json\/wp\/v2\/users\/1"}],"replies":[{"embeddable":true,"href":"https:\/\/gazdasagportal.hu\/index.php\/wp-json\/wp\/v2\/comments?post=87591"}],"version-history":[{"count":1,"href":"https:\/\/gazdasagportal.hu\/index.php\/wp-json\/wp\/v2\/posts\/87591\/revisions"}],"predecessor-version":[{"id":87592,"href":"https:\/\/gazdasagportal.hu\/index.php\/wp-json\/wp\/v2\/posts\/87591\/revisions\/87592"}],"wp:attachment":[{"href":"https:\/\/gazdasagportal.hu\/index.php\/wp-json\/wp\/v2\/media?parent=87591"}],"wp:term":[{"taxonomy":"category","embeddable":true,"href":"https:\/\/gazdasagportal.hu\/index.php\/wp-json\/wp\/v2\/categories?post=87591"},{"taxonomy":"post_tag","embeddable":true,"href":"https:\/\/gazdasagportal.hu\/index.php\/wp-json\/wp\/v2\/tags?post=87591"}],"curies":[{"name":"wp","href":"https:\/\/api.w.org\/{rel}","templated":true}]}}