{"id":87533,"date":"2016-12-06T07:42:07","date_gmt":"2016-12-06T06:42:07","guid":{"rendered":"http:\/\/gazdasagportal.hu\/?p=87533"},"modified":"2016-12-06T06:43:13","modified_gmt":"2016-12-06T05:43:13","slug":"gorog-adossag-rovid-tavu-adossagkonnyito-intezkedesekrol-allapodott-meg-az-eurocsoport","status":"publish","type":"post","link":"https:\/\/gazdasagportal.hu\/index.php\/gorog-adossag-rovid-tavu-adossagkonnyito-intezkedesekrol-allapodott-meg-az-eurocsoport\/","title":{"rendered":"G\u00f6r\u00f6g ad\u00f3ss\u00e1g &#8211; R\u00f6vid t\u00e1v\u00fa ad\u00f3ss\u00e1gk\u00f6nny\u00edt\u0151 int\u00e9zked\u00e9sekr\u0151l \u00e1llapodott meg az eur\u00f3csoport"},"content":{"rendered":"<p><strong>\u00daj,  r\u00f6vid t\u00e1v\u00fa ad\u00f3ss\u00e1gk\u00f6nny\u00edt\u0151 int\u00e9zked\u00e9sekr\u0151l \u00e1llapodtak meg G\u00f6r\u00f6gorsz\u00e1g terheinek m\u00e9rs\u00e9kl\u00e9se \u00e9rdek\u00e9ben az eur\u00f3\u00f6vezeti p\u00e9nz\u00fcgyminisztereket t\u00f6m\u00f6r\u00edt\u0151 test\u00fclet (eur\u00f3csoport) h\u00e9tf\u0151i tan\u00e1cskoz\u00e1s\u00e1n, a c\u00e9l a t\u00f6rleszt\u00e9s fenntarthat\u00f3s\u00e1g\u00e1nak biztos\u00edt\u00e1sa.<\/strong><!--more--><\/p>\n<div class=\"ads-in-post1\"><div id=\"gazdasagportal.hu_fullbanner_wideboard\"><\/div>\r\n<\/div>\n<p>    A szervezet t\u00e1j\u00e9koztat\u00e1sa szerint a g\u00f6r\u00f6g ad\u00f3ss\u00e1g\u00e1llom\u00e1ny cs\u00f6kkent\u00e9s\u00e9r\u0151l ez\u00fattal sem sz\u00fcletett d\u00f6nt\u00e9s, az elfogadott int\u00e9zked\u00e9sek egyebek mellett a t\u00f6rleszt\u00e9si id\u0151szak kiterjeszt\u00e9s\u00e9t foglalj\u00e1k magukban.<br \/>\n    &#8222;A k\u00f6vetkez\u0151 hetekben megkezdj\u00fck ezek v\u00e9grehajt\u00e1s\u00e1t&#8221; &#8211; mondta Klaus Regling, az Eur\u00f3pai Stabilit\u00e1si Mechanizmus (ESM) vez\u00e9rigazgat\u00f3ja a br\u00fcsszeli \u00fcl\u00e9st k\u00f6vet\u0151en.<br \/>\n    Sajt\u00f3komment\u00e1rok szerint a miniszterek ezekkel az int\u00e9zked\u00e9sekkel ismert\u00e9k el, hogy Ath\u00e9n v\u00e9grehajtotta a nemzetk\u00f6zi hitelez\u0151k \u00e1ltal a ment\u0151csomagok felt\u00e9tel\u00e9\u00fcl szabott fontosabb reformokat.<br \/>\n    A miniszterek ugyanakkor a v\u00e1rakoz\u00e1sokkal szemben nem fogadt\u00e1k el a g\u00f6r\u00f6g reformfolyamat eredm\u00e9nyeinek hivatalos \u00e9rt\u00e9kel\u00e9s\u00e9t, mondv\u00e1n, van m\u00e9g n\u00e9h\u00e1ny nyitott k\u00e9rd\u00e9s, amelyre v\u00e1laszt v\u00e1rnak. A felt\u00e9telek teljes\u00edt\u00e9s\u00e9nek eredm\u00e9nyes fel\u00fclvizsg\u00e1lata biztos\u00edtan\u00e1 G\u00f6r\u00f6gorsz\u00e1g sz\u00e1m\u00e1ra a k\u00f6vetkez\u0151 hitelr\u00e9szlet \u00e1tutal\u00e1s\u00e1t.<br \/>\n    Evkl\u00eddisz Cakalotosz g\u00f6r\u00f6g p\u00e9nz\u00fcgyminiszter \u00fcdv\u00f6z\u00f6lte &#8222;a v\u00e1rtn\u00e1l sokkal ambici\u00f3zusabb&#8221; ad\u00f3ss\u00e1gk\u00f6nny\u00edt\u0151 int\u00e9zked\u00e9seket, azonban arra figyelmeztette a hitelez\u0151ket, hogy ne k\u00e9nyszer\u00edts\u00e9k az orsz\u00e1g\u00e1t olyan reformokra, amelyekr\u0151l kor\u00e1bban nem \u00e1llapodtak meg. &#8222;Nem kellene olyan k\u00f6vetel\u00e9seket t\u00e1masztani G\u00f6r\u00f6gorsz\u00e1ggal szemben, amelyek nem veszik figyelembe a jelenlegi politikai \u00e9s t\u00e1rsadalmi helyzetet&#8221; &#8211; v\u00e9lekedett.<br \/>\n    &#8222;A g\u00f6r\u00f6g gazdas\u00e1g rengeteg reformot hajtott v\u00e9gre, most itt az ideje annak, hogy ezek be\u00e9rjenek&#8221; &#8211; jelentette ki Cakalotosz. Hozz\u00e1tette, rendk\u00edv\u00fcl fontos a felek mindegyik\u00e9nek, hogy ne tegy\u00e9k kock\u00e1ra az eddigi eredm\u00e9nyeket a bizonytalans\u00e1g fokoz\u00e1s\u00e1val.<br \/>\n    A g\u00f6r\u00f6g k\u00f6lts\u00e9gvet\u00e9st 2010 \u00f3ta nemzetk\u00f6zi hitelek tartj\u00e1k m\u0171k\u00f6d\u00e9sben. A legut\u00f3bbi, jelenleg aktu\u00e1lis, sorban a harmadik ment\u0151csomag felt\u00e9teleiben Ath\u00e9n 2015-ben \u00e1llapodott meg a hitelez\u0151kkel \u00e9s \u00e1tfog\u00f3 reformok v\u00e9grehajt\u00e1sa mellett k\u00f6telezte el mag\u00e1t 2018-ig.<br \/>\n    A 86 milli\u00e1rd eur\u00f3s hitelcsomag finansz\u00edroz\u00e1s\u00e1ban &#8211; az el\u0151z\u0151 kett\u0151vel ellent\u00e9tben &#8211; a Nemzetk\u00f6zi Valutaalap (IMF) nem vesz r\u00e9szt, mert nem tartja fenntarthat\u00f3nak a g\u00f6r\u00f6g ad\u00f3ss\u00e1g t\u00f6rleszt\u00e9s\u00e9t \u00e9s ez\u00e9rt annak enyh\u00edt\u00e9s\u00e9t szorgalmazza a hitelez\u0151k csoportj\u00e1n\u00e1l. A hitelez\u0151k sor\u00e1ban a n\u00e9met korm\u00e1ny viszont az ad\u00f3ss\u00e1g elenged\u00e9s\u00e9nek minden form\u00e1j\u00e1t elutas\u00edtja, a hitelfelt\u00e9telek \u00e9rv\u00e9nyes\u00edt\u00e9se \u00e9rdek\u00e9ben viszont elengedhetetlennek tartja az IMF r\u00e9szv\u00e9tel\u00e9t a programban.(MTI)<\/p>\n","protected":false},"excerpt":{"rendered":"<p>\u00daj, r\u00f6vid t\u00e1v\u00fa ad\u00f3ss\u00e1gk\u00f6nny\u00edt\u0151 int\u00e9zked\u00e9sekr\u0151l \u00e1llapodtak meg G\u00f6r\u00f6gorsz\u00e1g terheinek m\u00e9rs\u00e9kl\u00e9se \u00e9rdek\u00e9ben az eur\u00f3\u00f6vezeti p\u00e9nz\u00fcgyminisztereket t\u00f6m\u00f6r\u00edt\u0151 test\u00fclet (eur\u00f3csoport) h\u00e9tf\u0151i tan\u00e1cskoz\u00e1s\u00e1n, a c\u00e9l a t\u00f6rleszt\u00e9s fenntarthat\u00f3s\u00e1g\u00e1nak biztos\u00edt\u00e1sa.<\/p>\n","protected":false},"author":1,"featured_media":0,"comment_status":"open","ping_status":"closed","sticky":false,"template":"","format":"standard","meta":[],"categories":[246],"tags":[],"_links":{"self":[{"href":"https:\/\/gazdasagportal.hu\/index.php\/wp-json\/wp\/v2\/posts\/87533"}],"collection":[{"href":"https:\/\/gazdasagportal.hu\/index.php\/wp-json\/wp\/v2\/posts"}],"about":[{"href":"https:\/\/gazdasagportal.hu\/index.php\/wp-json\/wp\/v2\/types\/post"}],"author":[{"embeddable":true,"href":"https:\/\/gazdasagportal.hu\/index.php\/wp-json\/wp\/v2\/users\/1"}],"replies":[{"embeddable":true,"href":"https:\/\/gazdasagportal.hu\/index.php\/wp-json\/wp\/v2\/comments?post=87533"}],"version-history":[{"count":1,"href":"https:\/\/gazdasagportal.hu\/index.php\/wp-json\/wp\/v2\/posts\/87533\/revisions"}],"predecessor-version":[{"id":87534,"href":"https:\/\/gazdasagportal.hu\/index.php\/wp-json\/wp\/v2\/posts\/87533\/revisions\/87534"}],"wp:attachment":[{"href":"https:\/\/gazdasagportal.hu\/index.php\/wp-json\/wp\/v2\/media?parent=87533"}],"wp:term":[{"taxonomy":"category","embeddable":true,"href":"https:\/\/gazdasagportal.hu\/index.php\/wp-json\/wp\/v2\/categories?post=87533"},{"taxonomy":"post_tag","embeddable":true,"href":"https:\/\/gazdasagportal.hu\/index.php\/wp-json\/wp\/v2\/tags?post=87533"}],"curies":[{"name":"wp","href":"https:\/\/api.w.org\/{rel}","templated":true}]}}