{"id":87531,"date":"2016-12-06T07:10:40","date_gmt":"2016-12-06T06:10:40","guid":{"rendered":"http:\/\/gazdasagportal.hu\/?p=87531"},"modified":"2016-12-06T06:41:52","modified_gmt":"2016-12-06T05:41:52","slug":"egyre-tobb-a-hajlektalan-nemetorszagban","status":"publish","type":"post","link":"https:\/\/gazdasagportal.hu\/index.php\/egyre-tobb-a-hajlektalan-nemetorszagban\/","title":{"rendered":"Egyre t\u00f6bb a hajl\u00e9ktalan N\u00e9metorsz\u00e1gban"},"content":{"rendered":"<p><strong>Egyre t\u00f6bb a hajl\u00e9ktalan N\u00e9metorsz\u00e1gban, h\u00e9tf\u0151n ismertetett becsl\u00e9sek szerint sz\u00e1muk legkevesebb 35 sz\u00e1zal\u00e9kkal emelkedett 2010 \u00f3ta.<\/strong><!--more--><\/p>\n<div class=\"ads-in-post1\"><div id=\"gazdasagportal.hu_fullbanner_wideboard\"><\/div>\r\n<\/div>\n<p>    A hajl\u00e9ktalanok sz\u00e1ma 2005 \u00e9s 2010 k\u00f6z\u00f6tt cs\u00f6kkent, majd a trendfordul\u00f3 ut\u00e1n egyre gyorsul\u00f3 n\u00f6veked\u00e9s indult; a 2010-2014-es id\u0151szakban az \u00e9rintettek sz\u00e1ma 248 ezerr\u0151l 335 ezerre emelkedett, \u00e9s 2018-ra meghaladhatja a f\u00e9lmilli\u00f3s hat\u00e1rt &#8211; \u00e1ll a sz\u00f6vets\u00e9gi parlament (Bundestag) nagyobbik ellenz\u00e9ki p\u00e1rtja, a Baloldal \u00edr\u00e1sbeli k\u00e9rd\u00e9s\u00e9re adott korm\u00e1nyzati v\u00e1laszban, amelyet a Deutschlandfunk orsz\u00e1gos k\u00f6zszolg\u00e1lati r\u00e1di\u00f3 ismertetett.<br \/>\n    N\u00e9metorsz\u00e1gban a hajl\u00e9ktalans\u00e1g t\u00e1g fogalom, &#8222;lak\u00e1stalans\u00e1got&#8221; jelent; azt sorolj\u00e1k ebbe a k\u00f6rbe, aki nem rendelkezik lak\u00e1sb\u00e9rleti szerz\u0151d\u00e9ssel &#8211; az\u00e9rt nem a lak\u00e1stulajdon a f\u0151 krit\u00e9rium, mert a n\u00e9metek jellemz\u0151en b\u00e9relt lak\u00e1sban laknak, \u00e9s nem saj\u00e1t tulajdon\u00fa ingatlanban -, vagyis hajl\u00e9ktalannak sz\u00e1m\u00edt mindenki, aki az utc\u00e1n \u00e9l vagy ugyan van fed\u00e9l a feje felett, de az a vesz\u00e9ly fenyegeti, hogy hajl\u00e9k n\u00e9lk\u00fcl marad.<br \/>\n    Hivatalos statisztik\u00e1t nem vezetnek a hajl\u00e9ktalans\u00e1g alakul\u00e1s\u00e1r\u00f3l, a sz\u00f6vets\u00e9gi szoci\u00e1lis miniszt\u00e9rium \u00e1ltal \u00f6ssze\u00e1ll\u00edtott dokumentumban is csak a ter\u00fclet legnagyobb k\u00f6zhaszn\u00fa egyes\u00fclete, a Lak\u00e1stalanokat Seg\u00edt\u0151 Sz\u00f6vets\u00e9gi Munkacsoport (BAG) becsl\u00e9se szerepel. A szervezet legut\u00f3bbi, 2014-es r\u00e9szletes kimutat\u00e1sa alapj\u00e1n a t\u00f6bbs\u00e9g f\u00e9rfi, de csaknem 30 ezer gyerek is van a hajl\u00e9ktalanok k\u00f6z\u00f6tt<br \/>\n    A korm\u00e1ny v\u00e1lasz\u00e1ban kiemelte, hogy nagyon komolyan veszi a hajl\u00e9ktalans\u00e1g \u00fcgy\u00e9t. \u00c1ll\u00e1spontja szerint nem az a legf\u0151bb gond, hogy nincs el\u00e9g megfizethet\u0151 lak\u00e1s, rendszerint egy sor &#8222;szoci\u00e1lis, r\u00e9szben pszichoszoci\u00e1lis&#8221; t\u00e9nyez\u0151re, csal\u00e1di probl\u00e9m\u00e1kra, szenved\u00e9lybetegs\u00e9gekre vezethet\u0151 vissza a lak\u00e1stalans\u00e1g.<br \/>\n    A Baloldal szerint a korm\u00e1ny t\u00e9ved, \u00e9s nem hajland\u00f3 szemben\u00e9zni a val\u00f3s\u00e1ggal, nemt\u00f6r\u0151d\u00f6ms\u00e9g\u00e9t a hivatalos statisztika hi\u00e1nya is jelzi &#8211; fejtette ki Sabine Zimmermann, az \u00fcggyel a korm\u00e1nyhoz fordul\u00f3 Bundestag-k\u00e9pvisel\u0151. Szerinte t\u00e1rsadalomszerkezeti t\u00e9nyez\u0151knek, az alacsony j\u00f6vedelm\u0171, dolgoz\u00f3 szeg\u00e9ny r\u00e9teg sz\u00e9lesed\u00e9s\u00e9nek \u00e9s az alacsony lakb\u00e9r\u0171 lak\u00e1sok n\u00f6vekv\u0151 hi\u00e1ny\u00e1nak tulajdon\u00edthat\u00f3 a probl\u00e9ma elm\u00e9rgesed\u00e9se. A Baloldal politikusa hozz\u00e1tette, hogy j\u00f3val t\u00f6bb szoci\u00e1lis lak\u00e1st kell \u00e9p\u00edteni, \u00e9s gondoskodni kell olyan szoci\u00e1lis ell\u00e1t\u00f3rendszer kialak\u00edt\u00e1s\u00e1r\u00f3l, amely &#8222;meg\u00e9rdemli ezt a nevet&#8221;.(MTI)<\/p>\n","protected":false},"excerpt":{"rendered":"<p>Egyre t\u00f6bb a hajl\u00e9ktalan N\u00e9metorsz\u00e1gban, h\u00e9tf\u0151n ismertetett becsl\u00e9sek szerint sz\u00e1muk legkevesebb 35 sz\u00e1zal\u00e9kkal emelkedett 2010 \u00f3ta.<\/p>\n","protected":false},"author":1,"featured_media":0,"comment_status":"open","ping_status":"closed","sticky":false,"template":"","format":"standard","meta":[],"categories":[12],"tags":[],"_links":{"self":[{"href":"https:\/\/gazdasagportal.hu\/index.php\/wp-json\/wp\/v2\/posts\/87531"}],"collection":[{"href":"https:\/\/gazdasagportal.hu\/index.php\/wp-json\/wp\/v2\/posts"}],"about":[{"href":"https:\/\/gazdasagportal.hu\/index.php\/wp-json\/wp\/v2\/types\/post"}],"author":[{"embeddable":true,"href":"https:\/\/gazdasagportal.hu\/index.php\/wp-json\/wp\/v2\/users\/1"}],"replies":[{"embeddable":true,"href":"https:\/\/gazdasagportal.hu\/index.php\/wp-json\/wp\/v2\/comments?post=87531"}],"version-history":[{"count":1,"href":"https:\/\/gazdasagportal.hu\/index.php\/wp-json\/wp\/v2\/posts\/87531\/revisions"}],"predecessor-version":[{"id":87532,"href":"https:\/\/gazdasagportal.hu\/index.php\/wp-json\/wp\/v2\/posts\/87531\/revisions\/87532"}],"wp:attachment":[{"href":"https:\/\/gazdasagportal.hu\/index.php\/wp-json\/wp\/v2\/media?parent=87531"}],"wp:term":[{"taxonomy":"category","embeddable":true,"href":"https:\/\/gazdasagportal.hu\/index.php\/wp-json\/wp\/v2\/categories?post=87531"},{"taxonomy":"post_tag","embeddable":true,"href":"https:\/\/gazdasagportal.hu\/index.php\/wp-json\/wp\/v2\/tags?post=87531"}],"curies":[{"name":"wp","href":"https:\/\/api.w.org\/{rel}","templated":true}]}}