{"id":87517,"date":"2016-12-05T17:21:48","date_gmt":"2016-12-05T16:21:48","guid":{"rendered":"http:\/\/gazdasagportal.hu\/?p=87517"},"modified":"2016-12-05T17:24:43","modified_gmt":"2016-12-05T16:24:43","slug":"new-york-polgarmestere-35-millio-dollart-ker-a-torvenyhozastol-trump-hazanak-vedelmeeert","status":"publish","type":"post","link":"https:\/\/gazdasagportal.hu\/index.php\/new-york-polgarmestere-35-millio-dollart-ker-a-torvenyhozastol-trump-hazanak-vedelmeeert\/","title":{"rendered":"New York polg\u00e1rmestere 35 milli\u00f3 doll\u00e1rt k\u00e9r a t\u00f6rv\u00e9nyhoz\u00e1st\u00f3l Trump h\u00e1z\u00e1nak v\u00e9delm\u00e9\u00e9\u00e9rt"},"content":{"rendered":"<p><a href=\"https:\/\/gazdasagportal.hu\/wp-content\/uploads\/2016\/12\/donald-trump-torony.jpg\"><img decoding=\"async\" loading=\"lazy\" src=\"https:\/\/gazdasagportal.hu\/wp-content\/uploads\/2016\/12\/donald-trump-torony.jpg\" alt=\"donald-trump-torony\" width=\"960\" height=\"646\" class=\"aligncenter size-full wp-image-87520\" srcset=\"https:\/\/gazdasagportal.hu\/wp-content\/uploads\/2016\/12\/donald-trump-torony.jpg 960w, https:\/\/gazdasagportal.hu\/wp-content\/uploads\/2016\/12\/donald-trump-torony-300x202.jpg 300w, https:\/\/gazdasagportal.hu\/wp-content\/uploads\/2016\/12\/donald-trump-torony-768x517.jpg 768w\" sizes=\"(max-width: 960px) 100vw, 960px\" \/><\/a><br \/>\n<strong>New York polg\u00e1rmestere, Bill de Blasio 35 milli\u00f3 doll\u00e1rt k\u00e9r az amerikai sz\u00f6vets\u00e9gi t\u00f6rv\u00e9nyhoz\u00e1st\u00f3l Donald Trump megv\u00e1lasztott eln\u00f6k h\u00e1z\u00e1nak v\u00e9delm\u00e9\u00e9rt az eln\u00f6k beiktat\u00e1s\u00e1ig tart\u00f3 hetekre.<\/strong><!--more--><\/p>\n<div class=\"ads-in-post1\"><div id=\"gazdasagportal.hu_fullbanner_wideboard\"><\/div>\r\n<\/div>\n<p>    Bill de Blasio h\u00e9tf\u0151i sajt\u00f3\u00e9rtekezlet\u00e9n jelentette be a v\u00e1ros ig\u00e9ny\u00e9t az \u00f6sszegre.<br \/>\n    Donald Trump megv\u00e1laszt\u00e1sa \u00f3ta manhattani lak\u00e1s\u00e1b\u00f3l ir\u00e1ny\u00edtja a beiktat\u00e1s\u00e1ig tart\u00f3 hatalmi \u00e1tmenetet, ott egyeztet a leend\u0151 korm\u00e1nytagokkal \u00e9s ott fogadott k\u00fclf\u00f6ldi vend\u00e9geket, p\u00e9ld\u00e1ul Abe Sindz\u00f3 jap\u00e1n korm\u00e1nyf\u0151t. A v\u00e1ros naponta egymilli\u00f3 doll\u00e1rt k\u00f6lt az \u00d6t\u00f6dik sug\u00e1r\u00faton l\u00e9v\u0151 h\u00e1z speci\u00e1lis v\u00e9delm\u00e9re, s Bill de Blasio a janu\u00e1r v\u00e9g\u00e9n esed\u00e9kes beiktat\u00e1sig tart\u00f3 id\u0151szakra 35 milli\u00f3 doll\u00e1rt k\u00e9r a kongresszust\u00f3l a k\u00f6lts\u00e9gek fedez\u00e9s\u00e9re.<br \/>\n    A megv\u00e1lasztott eln\u00f6k \u00e9s aleln\u00f6k, Mike Pence v\u00e9delm\u00e9t ugyan az eln\u00f6k biztons\u00e1g\u00e1\u00e9rt felel\u0151s Titkosszolg\u00e1lat l\u00e1tja el, de a helyi rend\u0151rs\u00e9g \u00e9s biztons\u00e1gi er\u0151k r\u00e9szben seg\u00edtik \u0151ket, r\u00e9szben pedig ellen\u0151rzik a Trump-toronyban megfordul\u00f3 \u00e9rdekl\u0151d\u0151ket. A Trump-torony als\u00f3 szintjein \u00fczletsor \u00e9s k\u00e1v\u00e9z\u00f3 is tal\u00e1lhat\u00f3, amely Trump megv\u00e1laszt\u00e1sa \u00f3ta is szabadon l\u00e1togathat\u00f3.<br \/>\n    A Trump-torony \u0151rz\u00e9se a janu\u00e1ri eln\u00f6ki beiktat\u00e1s ut\u00e1n is k\u00fcl\u00f6n k\u00f6lts\u00e9geket ig\u00e9nyel majd, mert b\u00e1r Donald Trump bek\u00f6lt\u00f6zik a washingtoni Feh\u00e9r H\u00e1zba, de a feles\u00e9ge, Melania \u00e9s t\u00edz\u00e9ves kisfiuk, Barron csak a tan\u00e9v v\u00e9g\u00e9n, j\u00f6v\u0151 tavasszal k\u00f6lt\u00f6zik \u00e1t Washingtonba.(MTI)<\/p>\n","protected":false},"excerpt":{"rendered":"<p>New York polg\u00e1rmestere, Bill de Blasio 35 milli\u00f3 doll\u00e1rt k\u00e9r az amerikai sz\u00f6vets\u00e9gi t\u00f6rv\u00e9nyhoz\u00e1st\u00f3l Donald Trump megv\u00e1lasztott eln\u00f6k h\u00e1z\u00e1nak v\u00e9delm\u00e9\u00e9rt az eln\u00f6k beiktat\u00e1s\u00e1ig tart\u00f3 hetekre.<\/p>\n","protected":false},"author":1,"featured_media":87520,"comment_status":"open","ping_status":"closed","sticky":false,"template":"","format":"standard","meta":[],"categories":[403,146,13],"tags":[],"_links":{"self":[{"href":"https:\/\/gazdasagportal.hu\/index.php\/wp-json\/wp\/v2\/posts\/87517"}],"collection":[{"href":"https:\/\/gazdasagportal.hu\/index.php\/wp-json\/wp\/v2\/posts"}],"about":[{"href":"https:\/\/gazdasagportal.hu\/index.php\/wp-json\/wp\/v2\/types\/post"}],"author":[{"embeddable":true,"href":"https:\/\/gazdasagportal.hu\/index.php\/wp-json\/wp\/v2\/users\/1"}],"replies":[{"embeddable":true,"href":"https:\/\/gazdasagportal.hu\/index.php\/wp-json\/wp\/v2\/comments?post=87517"}],"version-history":[{"count":3,"href":"https:\/\/gazdasagportal.hu\/index.php\/wp-json\/wp\/v2\/posts\/87517\/revisions"}],"predecessor-version":[{"id":87521,"href":"https:\/\/gazdasagportal.hu\/index.php\/wp-json\/wp\/v2\/posts\/87517\/revisions\/87521"}],"wp:featuredmedia":[{"embeddable":true,"href":"https:\/\/gazdasagportal.hu\/index.php\/wp-json\/wp\/v2\/media\/87520"}],"wp:attachment":[{"href":"https:\/\/gazdasagportal.hu\/index.php\/wp-json\/wp\/v2\/media?parent=87517"}],"wp:term":[{"taxonomy":"category","embeddable":true,"href":"https:\/\/gazdasagportal.hu\/index.php\/wp-json\/wp\/v2\/categories?post=87517"},{"taxonomy":"post_tag","embeddable":true,"href":"https:\/\/gazdasagportal.hu\/index.php\/wp-json\/wp\/v2\/tags?post=87517"}],"curies":[{"name":"wp","href":"https:\/\/api.w.org\/{rel}","templated":true}]}}