{"id":87513,"date":"2016-12-05T15:30:37","date_gmt":"2016-12-05T14:30:37","guid":{"rendered":"http:\/\/gazdasagportal.hu\/?p=87513"},"modified":"2016-12-05T15:30:37","modified_gmt":"2016-12-05T14:30:37","slug":"kozlekedesi-szakszervezet-ket-ev-alatt-45-szazalekos-beremelesre-van-szukseg","status":"publish","type":"post","link":"https:\/\/gazdasagportal.hu\/index.php\/kozlekedesi-szakszervezet-ket-ev-alatt-45-szazalekos-beremelesre-van-szukseg\/","title":{"rendered":"K\u00f6zleked\u00e9si szakszervezet: k\u00e9t \u00e9v alatt 45 sz\u00e1zal\u00e9kos b\u00e9remel\u00e9sre van sz\u00fcks\u00e9g"},"content":{"rendered":"<p><strong>A munkaer\u0151 elv\u00e1ndorl\u00e1s, illetve a buszvezet\u0151 hi\u00e1ny megold\u00e1sa \u00e9rdek\u00e9ben j\u00f6v\u0151re 25, 2018-ban pedig \u00fajabb 20 sz\u00e1zal\u00e9kos, \u00f6sszesen 45 sz\u00e1zal\u00e9kos b\u00e9remel\u00e9sre van sz\u00fcks\u00e9g a teljes munkav\u00e1llal\u00f3i k\u00f6rben &#8211; k\u00f6z\u00f6lte a K\u00f6z\u00fati K\u00f6zleked\u00e9si Szakszervezet (KKSZ) h\u00e9tf\u0151n az MTI-vel.<\/strong><!--more--><\/p>\n<div class=\"ads-in-post1\"><div id=\"gazdasagportal.hu_fullbanner_wideboard\"><\/div>\r\n<\/div>\n<p>    A szakszervezet szerint a minim\u00e1lb\u00e9r- \u00e9s a szakmunk\u00e1s b\u00e9rminimum-emel\u00e9s\u00e9nek a m\u00e9rt\u00e9ke, amelyet a korm\u00e1ny \u00e9s a szoci\u00e1lis partnerek elfogadtak, kock\u00e1zatos b\u00e9rtorl\u00f3d\u00e1st eredm\u00e9nyez a szakm\u00e1ban. Ennek kezel\u00e9s\u00e9re a teljes munkav\u00e1llal\u00f3i k\u00f6r sz\u00e1m\u00e1ra kell v\u00e9grehajtani j\u00f6v\u0151re a 25 sz\u00e1zal\u00e9kos b\u00e9remel\u00e9st &#8211; tett\u00e9k hozz\u00e1.<br \/>\n    A k\u00f6zlem\u00e9ny id\u00e9zi Baranyai Zolt\u00e1nt, a KKSZ eln\u00f6k\u00e9t, aki kifejtette: erre az\u00e9rt is sz\u00fcks\u00e9g van, mert a munkaer\u0151piacon orsz\u00e1gr\u00e9szekt\u0151l f\u00fcggetlen\u00fcl alacsonyabb szaktud\u00e1st ig\u00e9nyl\u0151 munkak\u00f6r\u00f6kben is n\u0151nek a fizet\u00e9sek, amelynek elsz\u00edv\u00f3 hat\u00e1s\u00e1t minden munkak\u00f6rben \u00e9rezni.<br \/>\n    A Vol\u00e1n t\u00e1rsas\u00e1gokn\u00e1l brutt\u00f3 250 ezer forint az \u00e1tlagb\u00e9r, ebben a menedzsment is benne van. A buszvezet\u0151k \u00e1tlagos brutt\u00f3 b\u00e9re 240 ezer forint k\u00f6r\u00fcl mozog, a sof\u0151r\u00f6k egy r\u00e9sz\u00e9nek viszont jelent\u0151s t\u00fal\u00f3r\u00e1val sem \u00e9ri el a keresete a brutt\u00f3 180 ezer forintot.(MTI)<\/p>\n","protected":false},"excerpt":{"rendered":"<p>A munkaer\u0151 elv\u00e1ndorl\u00e1s, illetve a buszvezet\u0151 hi\u00e1ny megold\u00e1sa \u00e9rdek\u00e9ben j\u00f6v\u0151re 25, 2018-ban pedig \u00fajabb 20 sz\u00e1zal\u00e9kos, \u00f6sszesen 45 sz\u00e1zal\u00e9kos b\u00e9remel\u00e9sre van sz\u00fcks\u00e9g a teljes munkav\u00e1llal\u00f3i k\u00f6rben &#8211; k\u00f6z\u00f6lte a K\u00f6z\u00fati K\u00f6zleked\u00e9si Szakszervezet (KKSZ) h\u00e9tf\u0151n az MTI-vel.<\/p>\n","protected":false},"author":1,"featured_media":0,"comment_status":"open","ping_status":"closed","sticky":false,"template":"","format":"standard","meta":[],"categories":[19],"tags":[],"_links":{"self":[{"href":"https:\/\/gazdasagportal.hu\/index.php\/wp-json\/wp\/v2\/posts\/87513"}],"collection":[{"href":"https:\/\/gazdasagportal.hu\/index.php\/wp-json\/wp\/v2\/posts"}],"about":[{"href":"https:\/\/gazdasagportal.hu\/index.php\/wp-json\/wp\/v2\/types\/post"}],"author":[{"embeddable":true,"href":"https:\/\/gazdasagportal.hu\/index.php\/wp-json\/wp\/v2\/users\/1"}],"replies":[{"embeddable":true,"href":"https:\/\/gazdasagportal.hu\/index.php\/wp-json\/wp\/v2\/comments?post=87513"}],"version-history":[{"count":1,"href":"https:\/\/gazdasagportal.hu\/index.php\/wp-json\/wp\/v2\/posts\/87513\/revisions"}],"predecessor-version":[{"id":87514,"href":"https:\/\/gazdasagportal.hu\/index.php\/wp-json\/wp\/v2\/posts\/87513\/revisions\/87514"}],"wp:attachment":[{"href":"https:\/\/gazdasagportal.hu\/index.php\/wp-json\/wp\/v2\/media?parent=87513"}],"wp:term":[{"taxonomy":"category","embeddable":true,"href":"https:\/\/gazdasagportal.hu\/index.php\/wp-json\/wp\/v2\/categories?post=87513"},{"taxonomy":"post_tag","embeddable":true,"href":"https:\/\/gazdasagportal.hu\/index.php\/wp-json\/wp\/v2\/tags?post=87513"}],"curies":[{"name":"wp","href":"https:\/\/api.w.org\/{rel}","templated":true}]}}