{"id":87481,"date":"2016-12-04T20:48:34","date_gmt":"2016-12-04T19:48:34","guid":{"rendered":"http:\/\/gazdasagportal.hu\/?p=87481"},"modified":"2016-12-04T20:48:34","modified_gmt":"2016-12-04T19:48:34","slug":"nemet-alkancellar-a-jozan-esz-gyozedelmeskedett-a-jobboldali-populizmus-felett","status":"publish","type":"post","link":"https:\/\/gazdasagportal.hu\/index.php\/nemet-alkancellar-a-jozan-esz-gyozedelmeskedett-a-jobboldali-populizmus-felett\/","title":{"rendered":"N\u00e9met alkancell\u00e1r: A j\u00f3zan \u00e9sz gy\u0151zedelmeskedett a jobboldali populizmus felett"},"content":{"rendered":"<p><strong>&#8222;A j\u00f3zan \u00e9sz gy\u0151zedelmeskedett a jobboldali populizmus felett&#8221; &#8211; \u00e9rt\u00e9kelte az ausztriai \u00e1llamf\u0151v\u00e1laszt\u00e1st vas\u00e1rnap este Sigmar Gabriel n\u00e9met alkancell\u00e1r, a szoci\u00e1ldemokrata p\u00e1rt (SPD) eln\u00f6ke.<\/strong><!--more--><\/p>\n<div class=\"ads-in-post1\"><div id=\"gazdasagportal.hu_fullbanner_wideboard\"><\/div>\r\n<\/div>\n<p>    A n\u00e9met alkancell\u00e1r Twitter-\u00fczenet\u00e9ben gratul\u00e1lt Alexander Van der Bellennek, \u00e9s megjegyezte, hogy a Z\u00f6ldek t\u00e1mogat\u00e1s\u00e1val indult f\u00fcggetlen jel\u00f6lt gy\u0151zelm\u00e9vel &#8222;nagy k\u0151 esett le eg\u00e9sz Eur\u00f3pa sz\u00edv\u00e9r\u0151l&#8221;.<br \/>\n    Martin Schulz, az Eur\u00f3pai Parlament (EP) SPD-s eln\u00f6ke szint\u00e9n gratul\u00e1lt Alexander Van der Bellennek, aki szerinte &#8222;vil\u00e1gos Eur\u00f3pa-p\u00e1rti \u00fczenettel \u00e9s kamp\u00e1nnyal&#8221; utas\u00edtotta maga m\u00f6g\u00e9 az Osztr\u00e1k Szabads\u00e1gp\u00e1rt (FP\u00d6) jel\u00f6ltj\u00e9t, Norbert Hofert.<br \/>\n    Martin Schulz a Twitteren \u00edrt bejegyz\u00e9s\u00e9ben hozz\u00e1tette, hogy Norbert Hofer m\u00e1sodik helye az ausztriai sz\u00f6vets\u00e9gi eln\u00f6ki v\u00e1laszt\u00e1son &#8222;a nacionalizmus, a maradis\u00e1g \u00e9s az Eur\u00f3pa-ellenes populizmus s\u00falyos veres\u00e9ge&#8221;.<br \/>\n    Az SPD-vel korm\u00e1nyz\u00f3 jobboldali CDU\/CSU p\u00e1rtsz\u00f6vets\u00e9g r\u00e9sz\u00e9r\u0151l a bajor CSU egyik tekint\u00e9lyes politikusa, Manfred Weber \u00e9rt\u00e9kelte a szomsz\u00e9d orsz\u00e1gban rendezett \u00e1llamf\u0151v\u00e1laszt\u00e1s el\u0151zetes eredm\u00e9ny\u00e9t. Az Eur\u00f3pai N\u00e9pp\u00e1rt EP-frakci\u00f3j\u00e1nak vezet\u0151je Twitter-oldal\u00e1n azt \u00edrta, hogy az osztr\u00e1kok &#8222;vil\u00e1gos Eur\u00f3pa-p\u00e1rti \u00fczenetet&#8221; k\u00fcldtek a vil\u00e1gnak.<br \/>\n    Az FP\u00d6 &#8222;a f\u00e9lelemre \u00e9s hazugs\u00e1gokra&#8221; \u00e9p\u00edtette kamp\u00e1ny\u00e1t, \u00e9s &#8222;kudarcot vallott&#8221; &#8211; tette hozz\u00e1 Manfred Weber.<br \/>\n    A CSU-s politikus kiemelte: &#8222;szembe kell sz\u00e1llnunk a populist\u00e1kkal \u00e9s le kell leplezn\u00fcnk \u0151ket&#8221;.<br \/>\n    A n\u00e9met Z\u00f6ldek t\u00e1rseln\u00f6ke, Simone Peter szerint Alexander Van der Bellen gy\u0151zelme azt mutatja, hogy &#8222;meg lehet \u00e1ll\u00edtani a jobboldali usz\u00edt\u00f3kat&#8221;.<br \/>\n    Tov\u00e1bbra is ki kell tartani a &#8222;kozmopolita Eur\u00f3pa&#8221; mellett &#8211; emelte ki Simone Peter Twitter-\u00fczenet\u00e9ben, hozz\u00e1t\u00e9ve, hogy az osztr\u00e1k Z\u00f6ldek egykori t\u00e1rseln\u00f6ke v\u00e1laszt\u00e1si gy\u0151zelm\u00e9nek napja &#8222;j\u00f3 nap Ausztri\u00e1nak \u00e9s Eur\u00f3p\u00e1nak&#8221;.(MTI)<\/p>\n","protected":false},"excerpt":{"rendered":"<p>&#8222;A j\u00f3zan \u00e9sz gy\u0151zedelmeskedett a jobboldali populizmus felett&#8221; &#8211; \u00e9rt\u00e9kelte az ausztriai \u00e1llamf\u0151v\u00e1laszt\u00e1st vas\u00e1rnap este Sigmar Gabriel n\u00e9met alkancell\u00e1r, a szoci\u00e1ldemokrata p\u00e1rt (SPD) eln\u00f6ke.<\/p>\n","protected":false},"author":1,"featured_media":0,"comment_status":"open","ping_status":"closed","sticky":false,"template":"","format":"standard","meta":[],"categories":[12],"tags":[],"_links":{"self":[{"href":"https:\/\/gazdasagportal.hu\/index.php\/wp-json\/wp\/v2\/posts\/87481"}],"collection":[{"href":"https:\/\/gazdasagportal.hu\/index.php\/wp-json\/wp\/v2\/posts"}],"about":[{"href":"https:\/\/gazdasagportal.hu\/index.php\/wp-json\/wp\/v2\/types\/post"}],"author":[{"embeddable":true,"href":"https:\/\/gazdasagportal.hu\/index.php\/wp-json\/wp\/v2\/users\/1"}],"replies":[{"embeddable":true,"href":"https:\/\/gazdasagportal.hu\/index.php\/wp-json\/wp\/v2\/comments?post=87481"}],"version-history":[{"count":1,"href":"https:\/\/gazdasagportal.hu\/index.php\/wp-json\/wp\/v2\/posts\/87481\/revisions"}],"predecessor-version":[{"id":87482,"href":"https:\/\/gazdasagportal.hu\/index.php\/wp-json\/wp\/v2\/posts\/87481\/revisions\/87482"}],"wp:attachment":[{"href":"https:\/\/gazdasagportal.hu\/index.php\/wp-json\/wp\/v2\/media?parent=87481"}],"wp:term":[{"taxonomy":"category","embeddable":true,"href":"https:\/\/gazdasagportal.hu\/index.php\/wp-json\/wp\/v2\/categories?post=87481"},{"taxonomy":"post_tag","embeddable":true,"href":"https:\/\/gazdasagportal.hu\/index.php\/wp-json\/wp\/v2\/tags?post=87481"}],"curies":[{"name":"wp","href":"https:\/\/api.w.org\/{rel}","templated":true}]}}