{"id":87479,"date":"2016-12-04T19:35:20","date_gmt":"2016-12-04T18:35:20","guid":{"rendered":"http:\/\/gazdasagportal.hu\/?p=87479"},"modified":"2016-12-04T19:35:20","modified_gmt":"2016-12-04T18:35:20","slug":"osztrak-allamfovalasztas-van-de-bellen-egy-europa-barat-ausztria-europa-gyozelmet-meltatja","status":"publish","type":"post","link":"https:\/\/gazdasagportal.hu\/index.php\/osztrak-allamfovalasztas-van-de-bellen-egy-europa-barat-ausztria-europa-gyozelmet-meltatja\/","title":{"rendered":"Osztr\u00e1k \u00e1llamf\u0151v\u00e1laszt\u00e1s &#8211; Van de Bellen egy Eur\u00f3pa-bar\u00e1t Ausztria Eur\u00f3pa gy\u0151zelm\u00e9t m\u00e9ltatja"},"content":{"rendered":"<p><strong>Egy Eur\u00f3pa-bar\u00e1t Ausztria gy\u0151zelmek\u00e9nt m\u00e9ltatta Alexander Van der Bellen azt, hogy megnyerte az eln\u00f6kv\u00e1laszt\u00e1s megism\u00e9telt m\u00e1sodik fordul\u00f3j\u00e1t az Osztr\u00e1k Szabads\u00e1gp\u00e1rt (FP\u00d6) jel\u00f6ltj\u00e9vel, Norbert Hoferrel szemben. <\/strong><!--more--><\/p>\n<div class=\"ads-in-post1\"><div id=\"gazdasagportal.hu_fullbanner_wideboard\"><\/div>\r\n<\/div>\n<p>    &#8222;Kezdett\u0151l fogva egy Eur\u00f3pa-bar\u00e1t Ausztri\u00e1\u00e9rt k\u00fczd\u00f6ttem&#8221; &#8211; hangoztatta Van der Bellen az ORF k\u00f6zszolg\u00e1lati telev\u00edzi\u00f3ban nyilatkozva.<br \/>\n    A 72 \u00e9ves politikus hangs\u00falyozta, hogy &#8222;az egyenl\u0151s\u00e9g, a szabads\u00e1g \u00e9s a szolidarit\u00e1s \u00e9rt\u00e9keit&#8221; fogja v\u00e9delmezni.<br \/>\n    A szavazatok 80 sz\u00e1zal\u00e9kos feldolgozotts\u00e1ga mellett k\u00f6zel 7 sz\u00e1zal\u00e9kpontos a k\u00fcl\u00f6nbs\u00e9g a k\u00e9t jel\u00f6lt k\u00f6z\u00f6tt, ami meglepet\u00e9s, hiszen a legutols\u00f3 felm\u00e9r\u00e9sek is szoros k\u00fczdelmet j\u00f3soltak. Az FP\u00d6 \u00e9s Norbert Hofer m\u00e1r elismerte a veres\u00e9get, \u00e9s gratul\u00e1lt Alexander Van der Bellennek.<br \/>\n    A m\u00e9g m\u00e1jus 22-\u00e9n tartott m\u00e1sodik fordul\u00f3ban is Van der Bellen gy\u0151z\u00f6tt, de akkor a voksok 50,35 sz\u00e1zal\u00e9k szerezte meg Hofer 49,65 sz\u00e1zal\u00e9k\u00e1val szemben.(MTI)<\/p>\n","protected":false},"excerpt":{"rendered":"<p>Egy Eur\u00f3pa-bar\u00e1t Ausztria gy\u0151zelmek\u00e9nt m\u00e9ltatta Alexander Van der Bellen azt, hogy megnyerte az eln\u00f6kv\u00e1laszt\u00e1s megism\u00e9telt m\u00e1sodik fordul\u00f3j\u00e1t az Osztr\u00e1k Szabads\u00e1gp\u00e1rt (FP\u00d6) jel\u00f6ltj\u00e9vel, Norbert Hoferrel szemben.<\/p>\n","protected":false},"author":1,"featured_media":0,"comment_status":"open","ping_status":"closed","sticky":false,"template":"","format":"standard","meta":[],"categories":[12],"tags":[],"_links":{"self":[{"href":"https:\/\/gazdasagportal.hu\/index.php\/wp-json\/wp\/v2\/posts\/87479"}],"collection":[{"href":"https:\/\/gazdasagportal.hu\/index.php\/wp-json\/wp\/v2\/posts"}],"about":[{"href":"https:\/\/gazdasagportal.hu\/index.php\/wp-json\/wp\/v2\/types\/post"}],"author":[{"embeddable":true,"href":"https:\/\/gazdasagportal.hu\/index.php\/wp-json\/wp\/v2\/users\/1"}],"replies":[{"embeddable":true,"href":"https:\/\/gazdasagportal.hu\/index.php\/wp-json\/wp\/v2\/comments?post=87479"}],"version-history":[{"count":1,"href":"https:\/\/gazdasagportal.hu\/index.php\/wp-json\/wp\/v2\/posts\/87479\/revisions"}],"predecessor-version":[{"id":87480,"href":"https:\/\/gazdasagportal.hu\/index.php\/wp-json\/wp\/v2\/posts\/87479\/revisions\/87480"}],"wp:attachment":[{"href":"https:\/\/gazdasagportal.hu\/index.php\/wp-json\/wp\/v2\/media?parent=87479"}],"wp:term":[{"taxonomy":"category","embeddable":true,"href":"https:\/\/gazdasagportal.hu\/index.php\/wp-json\/wp\/v2\/categories?post=87479"},{"taxonomy":"post_tag","embeddable":true,"href":"https:\/\/gazdasagportal.hu\/index.php\/wp-json\/wp\/v2\/tags?post=87479"}],"curies":[{"name":"wp","href":"https:\/\/api.w.org\/{rel}","templated":true}]}}