{"id":87475,"date":"2016-12-04T17:51:00","date_gmt":"2016-12-04T16:51:00","guid":{"rendered":"http:\/\/gazdasagportal.hu\/?p=87475"},"modified":"2016-12-04T17:51:00","modified_gmt":"2016-12-04T16:51:00","slug":"osztrak-allamfovalasztas-a-zoldek-altal-tamogatott-jelolt-vezet-az-elso-becslesek-szerint","status":"publish","type":"post","link":"https:\/\/gazdasagportal.hu\/index.php\/osztrak-allamfovalasztas-a-zoldek-altal-tamogatott-jelolt-vezet-az-elso-becslesek-szerint\/","title":{"rendered":"Osztr\u00e1k \u00e1llamf\u0151v\u00e1laszt\u00e1s &#8211; A Z\u00f6ldek \u00e1ltal t\u00e1mogatott jel\u00f6lt vezet az els\u0151 becsl\u00e9sek szerint"},"content":{"rendered":"<p><strong>A f\u00fcggetlenk\u00e9nt indul\u00f3, de a Z\u00f6ldek p\u00e1rtj\u00e1nak t\u00e1mogat\u00e1s\u00e1t \u00e9lvez\u0151 Alexander Van der Bellen vezet az ausztriai eln\u00f6kv\u00e1laszt\u00e1s vas\u00e1rnap tartott megism\u00e9telt m\u00e1sodik fordul\u00f3j\u00e1ban a SORA k\u00f6zv\u00e9lem\u00e9ny-kutat\u00f3 int\u00e9zet becsl\u00e9se alapj\u00e1n.<\/strong><!--more--><\/p>\n<div class=\"ads-in-post1\"><div id=\"gazdasagportal.hu_fullbanner_wideboard\"><\/div>\r\n<\/div>\n<p>    Az ORF osztr\u00e1k k\u00f6zszolg\u00e1lati telev\u00edzi\u00f3 megb\u00edz\u00e1s\u00e1b\u00f3l k\u00e9sz\u00fclt el\u0151rejelz\u00e9s eredm\u00e9nye szerint Van der Bellen a szavazatok 53,6 sz\u00e1zal\u00e9k\u00e1t, m\u00edg az Osztr\u00e1k Szabads\u00e1gp\u00e1rt (FP\u00d6) \u00e1ltal ind\u00edtott Norbert Hofer a szavazatok 46,4 sz\u00e1zal\u00e9k\u00e1t szerezte meg.<br \/>\n    Egy m\u00e1sik el\u0151zetes becsl\u00e9s, az ARGE kutat\u00f3int\u00e9zet \u00e1ltal k\u00e9sz\u00edtett el\u0151rejelz\u00e9s szerint Van der Bellen 53,3, Norbert Hofer 46,7 sz\u00e1zal\u00e9kos eredm\u00e9nyt \u00e9rt el.<br \/>\n    Az el\u0151zetes becsl\u00e9seket a szavazatok t\u00f6bb mint \u00f6tven sz\u00e1zal\u00e9kos feldolgozotts\u00e1g\u00e1ra alapozva k\u00e9sz\u00edtett\u00e9k.<br \/>\n    V\u00e9gleges eredm\u00e9nyek h\u00e9tf\u0151re v\u00e1rhat\u00f3k, amikor a lev\u00e9lben leadott szavazatokat is \u00f6sszesz\u00e1molj\u00e1k.(MTI)<\/p>\n","protected":false},"excerpt":{"rendered":"<p>A f\u00fcggetlenk\u00e9nt indul\u00f3, de a Z\u00f6ldek p\u00e1rtj\u00e1nak t\u00e1mogat\u00e1s\u00e1t \u00e9lvez\u0151 Alexander Van der Bellen vezet az ausztriai eln\u00f6kv\u00e1laszt\u00e1s vas\u00e1rnap tartott megism\u00e9telt m\u00e1sodik fordul\u00f3j\u00e1ban a SORA k\u00f6zv\u00e9lem\u00e9ny-kutat\u00f3 int\u00e9zet becsl\u00e9se alapj\u00e1n.<\/p>\n","protected":false},"author":1,"featured_media":0,"comment_status":"open","ping_status":"closed","sticky":false,"template":"","format":"standard","meta":[],"categories":[12],"tags":[],"_links":{"self":[{"href":"https:\/\/gazdasagportal.hu\/index.php\/wp-json\/wp\/v2\/posts\/87475"}],"collection":[{"href":"https:\/\/gazdasagportal.hu\/index.php\/wp-json\/wp\/v2\/posts"}],"about":[{"href":"https:\/\/gazdasagportal.hu\/index.php\/wp-json\/wp\/v2\/types\/post"}],"author":[{"embeddable":true,"href":"https:\/\/gazdasagportal.hu\/index.php\/wp-json\/wp\/v2\/users\/1"}],"replies":[{"embeddable":true,"href":"https:\/\/gazdasagportal.hu\/index.php\/wp-json\/wp\/v2\/comments?post=87475"}],"version-history":[{"count":1,"href":"https:\/\/gazdasagportal.hu\/index.php\/wp-json\/wp\/v2\/posts\/87475\/revisions"}],"predecessor-version":[{"id":87476,"href":"https:\/\/gazdasagportal.hu\/index.php\/wp-json\/wp\/v2\/posts\/87475\/revisions\/87476"}],"wp:attachment":[{"href":"https:\/\/gazdasagportal.hu\/index.php\/wp-json\/wp\/v2\/media?parent=87475"}],"wp:term":[{"taxonomy":"category","embeddable":true,"href":"https:\/\/gazdasagportal.hu\/index.php\/wp-json\/wp\/v2\/categories?post=87475"},{"taxonomy":"post_tag","embeddable":true,"href":"https:\/\/gazdasagportal.hu\/index.php\/wp-json\/wp\/v2\/tags?post=87475"}],"curies":[{"name":"wp","href":"https:\/\/api.w.org\/{rel}","templated":true}]}}