{"id":87465,"date":"2016-12-04T10:40:04","date_gmt":"2016-12-04T09:40:04","guid":{"rendered":"http:\/\/gazdasagportal.hu\/?p=87465"},"modified":"2016-12-04T11:07:25","modified_gmt":"2016-12-04T10:07:25","slug":"jonak-lenni-jo-folyamatosan-erkeznek-a-felajanlasok-a-jotekonysagi-akciora","status":"publish","type":"post","link":"https:\/\/gazdasagportal.hu\/index.php\/jonak-lenni-jo-folyamatosan-erkeznek-a-felajanlasok-a-jotekonysagi-akciora\/","title":{"rendered":"J\u00f3nak lenni j\u00f3! &#8211; Folyamatosan \u00e9rkeznek a felaj\u00e1nl\u00e1sok a j\u00f3t\u00e9konys\u00e1gi akci\u00f3ra"},"content":{"rendered":"<p><a href=\"http:\/\/www.mediaklikk.hu\/jonaklennijo\" target=\"_blank\" rel=\"noopener\"><img decoding=\"async\" loading=\"lazy\" class=\"aligncenter size-large wp-image-87468\" src=\"https:\/\/gazdasagportal.hu\/wp-content\/uploads\/2016\/12\/jonaklennijo-1024x594.jpg\" alt=\"jonaklennijo\" width=\"620\" height=\"360\" srcset=\"https:\/\/gazdasagportal.hu\/wp-content\/uploads\/2016\/12\/jonaklennijo-1024x594.jpg 1024w, https:\/\/gazdasagportal.hu\/wp-content\/uploads\/2016\/12\/jonaklennijo-300x174.jpg 300w, https:\/\/gazdasagportal.hu\/wp-content\/uploads\/2016\/12\/jonaklennijo-768x446.jpg 768w, https:\/\/gazdasagportal.hu\/wp-content\/uploads\/2016\/12\/jonaklennijo.jpg 1658w\" sizes=\"(max-width: 620px) 100vw, 620px\" \/><\/a><br \/>\n<strong>Folyamatosan \u00e9rkeznek a felaj\u00e1nl\u00e1sok a k\u00f6zm\u00e9dia \u00f6t\u00f6dik J\u00f3nak lenni j\u00f3! elnevez\u00e9s\u0171 j\u00f3t\u00e9konys\u00e1gi akci\u00f3j\u00e1ra, amelynek id\u00e9n a Magyar Reform\u00e1tus Szeretetszolg\u00e1lat a kedvezm\u00e9nyezettje.<\/strong><!--more--><\/p>\n<div class=\"ads-in-post1\"><div id=\"gazdasagportal.hu_fullbanner_wideboard\"><\/div>\r\n<\/div>\n<p>A mediaklikk.hu\/jonaklennijo oldalra folyamatosan ker\u00fclnek fel a felaj\u00e1nlott t\u00e1rgyak, amelyeket fix \u00e1ron lehet megv\u00e1s\u00e1rolni, a december 18-i eg\u00e9sz napos m\u0171sorfolyamban pedig h\u00e1rom t\u00e1rgyra lehet majd licit\u00e1lni. A 1358-as adom\u00e1nyvonalon h\u00edv\u00e1sonk\u00e9nt 250 forinttal lehet hozz\u00e1j\u00e1rulni a kezdem\u00e9nyez\u00e9shez &#8211; mondta el Sikl\u00f3si Beatrix, a M\u00e9diaszolg\u00e1ltat\u00e1s-t\u00e1mogat\u00f3 \u00e9s Vagyonkezel\u0151 Alap (MTVA) nemzetis\u00e9gi, k\u00fclhoni \u00e9s kiemelt projektek f\u0151szerkeszt\u0151je az MTI-nek.<br \/>\nA Herendi Porcel\u00e1nmanufakt\u00fara Zrt. Vikt\u00f3ria-mint\u00e1val festett kors\u00f3v\u00e1z\u00e1ja, amelyre Jean-Paul Belmondo, T\u00f6r\u0151csik Mari \u00e9s Kir\u00e1ly G\u00e1bor al\u00e1\u00edr\u00e1sa ker\u00fclt, 500 ezer forintr\u00f3l indul. Jean-Paul Belmondo francia filmsz\u00edn\u00e9sz Cerruti m\u00e1rk\u00e1j\u00fa kab\u00e1tj\u00e1t aj\u00e1nlotta fel dedik\u00e1lt fot\u00f3j\u00e1val \u00e9s egy hiteles\u00edt\u0151 lev\u00e9llel, a licit indul\u00f3 \u00e1ra szint\u00e9n f\u00e9lmilli\u00f3 forint.<br \/>\nFix \u00e1ron v\u00e1s\u00e1rolhat\u00f3 meg Jos\u00e9 Cura opera\u00e9nekes dedik\u00e1lt CD- \u00e9s DVD-csomagja, T\u00f6r\u0151csik Mari sz\u00ednm\u0171v\u00e9sz botja, Kir\u00e1ly G\u00e1bor labdar\u00fag\u00f3 legend\u00e1s mack\u00f3nadr\u00e1gja, valamint a Pusk\u00e1s Ferenc, Grosics Gyula, Hidegkuti N\u00e1ndor \u00e9s Buz\u00e1nszky Jen\u0151 \u00e1ltal dedik\u00e1lt focilabda.<br \/>\nA kezdem\u00e9nyez\u00e9shez felaj\u00e1nl\u00e1s\u00e1val csatlakozott m\u00e1sok mellett Gera Zolt\u00e1n \u00e9s Dzsudzs\u00e1k Bal\u00e1zs labdar\u00fag\u00f3, Hossz\u00fa Katinka \u00fasz\u00f3, Gyurta D\u00e1niel \u00e9s Gyurta Gergely \u00fasz\u00f3, Marton \u00c9va opera\u00e9nekes, \u00c1kos \u00e9s Frenreisz K\u00e1roly zen\u00e9sz, Bagi Iv\u00e1n \u00e9s Nacsa Oliv\u00e9r humorista, Bal\u00e1zs J\u00e1nos zongoram\u0171v\u00e9sz, valamint a F\u0151v\u00e1rosi Nagycirkusz, a Nemzeti Sz\u00ednh\u00e1z, a Magyar Nemzeti T\u00e1ncegy\u00fcttes \u00e9s a Virtu\u00f3zok Produkci\u00f3 is.<br \/>\nDon Matteo, azaz Terence Hill sz\u00edn\u00e9sz december 12-\u00e9n R\u00f3m\u00e1ban v\u00e1rja felaj\u00e1nl\u00e1s\u00e1val a j\u00f3t\u00e9konys\u00e1gi program munkat\u00e1rs\u00e1t, Bog\u00e1nyi Gergely zongoram\u0171v\u00e9sz pedig V\u00e1con ad hangversenyt vas\u00e1rnap az id\u00e9n 10 \u00e9ves Magyar Reform\u00e1tus Szeretetszolg\u00e1lat jav\u00e1ra &#8211; ismertette a r\u00e9szleteket Sikl\u00f3si Beatrix.<br \/>\nId\u00e9n is &#8222;gyerekek a gyerekek\u00e9rt&#8221; c\u00edmmel csatlakozik az akci\u00f3hoz a gyerekh\u00edrad\u00f3s st\u00e1b, m\u00edg a t\u00f6r\u00f6kszentmikl\u00f3si helyi k\u00f6z\u00f6ss\u00e9g a h\u00e9tv\u00e9g\u00e9n \u00e1rus\u00edtott t\u00e1rgyakb\u00f3l sz\u00e1rmaz\u00f3 bev\u00e9tellel t\u00e1mogatja a szervezetet.<br \/>\nA f\u0151szerkeszt\u0151 elmondta: a k\u00f6zm\u00e9dia csatorn\u00e1in a december 18-i ad\u00e1sban a st\u00fadi\u00f3besz\u00e9lget\u00e9sek mellett k\u00e9t k\u00fcls\u0151 helysz\u00ednr\u0151l, a Bethesda Gyermekk\u00f3rh\u00e1zb\u00f3l \u00e9s a &#8222;magyarorsz\u00e1gi reform\u00e1ci\u00f3 fellegv\u00e1r\u00e1b\u00f3l&#8221;, Debrecenb\u0151l jelentkeznek a k\u00f6zm\u00e9dia munkat\u00e1rsai, tov\u00e1bb\u00e1 K\u00e1rp\u00e1talj\u00e1n \u00e9s Felvid\u00e9ken is forgatnak anyagokat.<br \/>\nA k\u00f6zm\u00e9dia J\u00f3nak lenni j\u00f3! akci\u00f3ja 2012-ben a B\u00f6jte Csaba szerzetes alap\u00edtotta D\u00e9vai Szent Ferenc Alap\u00edtv\u00e1nyt mintegy 100 milli\u00f3 forinttal, 2013-ben a Katolikus Karit\u00e1szt csaknem 120 milli\u00f3 forinttal, 2014-ben a Magyar \u00d6kumenikus Seg\u00e9lyszervezetet 167 milli\u00f3 forinttal, tavaly pedig a Nemzetk\u00f6zi Gyermekment\u0151 Szolg\u00e1latot mintegy 225 milli\u00f3 forinttal tudta seg\u00edteni.(MTI)<\/p>\n<p>&nbsp;<\/p><div id=\"gazda-1525747470\" class=\"gazda-tartalomban gazda-entity-placement\"><script async src=\"https:\/\/pagead2.googlesyndication.com\/pagead\/js\/adsbygoogle.js\"><\/script>\r\n<ins class=\"adsbygoogle\"\r\n     style=\"display:block\"\r\n     data-ad-format=\"fluid\"\r\n     data-ad-layout-key=\"-6t+ed+2i-1n-4w\"\r\n     data-ad-client=\"ca-pub-1959107119989764\"\r\n     data-ad-slot=\"4008251320\"><\/ins>\r\n<script>\r\n     (adsbygoogle = window.adsbygoogle || []).push({});\r\n<\/script><\/div>\n<p>Link:<\/p>\n<p><a href=\"http:\/\/www.mediaklikk.hu\/jonaklennijo\" target=\"_blank\" rel=\"noopener\"><strong>J\u00f3nak lenni j\u00f3!<\/strong><\/a><\/p>\n","protected":false},"excerpt":{"rendered":"<p>Folyamatosan \u00e9rkeznek a felaj\u00e1nl\u00e1sok a k\u00f6zm\u00e9dia \u00f6t\u00f6dik J\u00f3nak lenni j\u00f3! elnevez\u00e9s\u0171 j\u00f3t\u00e9konys\u00e1gi akci\u00f3j\u00e1ra, amelynek id\u00e9n a Magyar Reform\u00e1tus Szeretetszolg\u00e1lat a kedvezm\u00e9nyezettje.<\/p>\n","protected":false},"author":1,"featured_media":87468,"comment_status":"open","ping_status":"closed","sticky":false,"template":"","format":"standard","meta":[],"categories":[403,146,4],"tags":[],"_links":{"self":[{"href":"https:\/\/gazdasagportal.hu\/index.php\/wp-json\/wp\/v2\/posts\/87465"}],"collection":[{"href":"https:\/\/gazdasagportal.hu\/index.php\/wp-json\/wp\/v2\/posts"}],"about":[{"href":"https:\/\/gazdasagportal.hu\/index.php\/wp-json\/wp\/v2\/types\/post"}],"author":[{"embeddable":true,"href":"https:\/\/gazdasagportal.hu\/index.php\/wp-json\/wp\/v2\/users\/1"}],"replies":[{"embeddable":true,"href":"https:\/\/gazdasagportal.hu\/index.php\/wp-json\/wp\/v2\/comments?post=87465"}],"version-history":[{"count":4,"href":"https:\/\/gazdasagportal.hu\/index.php\/wp-json\/wp\/v2\/posts\/87465\/revisions"}],"predecessor-version":[{"id":87470,"href":"https:\/\/gazdasagportal.hu\/index.php\/wp-json\/wp\/v2\/posts\/87465\/revisions\/87470"}],"wp:featuredmedia":[{"embeddable":true,"href":"https:\/\/gazdasagportal.hu\/index.php\/wp-json\/wp\/v2\/media\/87468"}],"wp:attachment":[{"href":"https:\/\/gazdasagportal.hu\/index.php\/wp-json\/wp\/v2\/media?parent=87465"}],"wp:term":[{"taxonomy":"category","embeddable":true,"href":"https:\/\/gazdasagportal.hu\/index.php\/wp-json\/wp\/v2\/categories?post=87465"},{"taxonomy":"post_tag","embeddable":true,"href":"https:\/\/gazdasagportal.hu\/index.php\/wp-json\/wp\/v2\/tags?post=87465"}],"curies":[{"name":"wp","href":"https:\/\/api.w.org\/{rel}","templated":true}]}}