{"id":87463,"date":"2016-12-04T09:53:24","date_gmt":"2016-12-04T08:53:24","guid":{"rendered":"http:\/\/gazdasagportal.hu\/?p=87463"},"modified":"2016-12-04T09:53:24","modified_gmt":"2016-12-04T08:53:24","slug":"a-nyugdijasokat-erinti-leginkabb-a-rezsicsokkentes","status":"publish","type":"post","link":"https:\/\/gazdasagportal.hu\/index.php\/a-nyugdijasokat-erinti-leginkabb-a-rezsicsokkentes\/","title":{"rendered":"A nyugd\u00edjasokat \u00e9rinti legink\u00e1bb a rezsics\u00f6kkent\u00e9s"},"content":{"rendered":"<p><strong> A nyugd\u00edjasokat \u00e9rinti legink\u00e1bb a rezsics\u00f6kkent\u00e9s, hiszen az \u0151 \u00e9let\u00fcket nem befoly\u00e1solja k\u00f6zvetlen\u00fcl a fizet\u00e9semel\u00e9s, sem a csal\u00e1dosoknak j\u00e1r\u00f3 ad\u00f3cs\u00f6kkent\u00e9s &#8211; mondta N\u00e9meth Szil\u00e1rd, a Fidesz aleln\u00f6ke a Kossuth R\u00e1di\u00f3 Vas\u00e1rnapi \u00dajs\u00e1g c\u00edm\u0171 m\u0171sor\u00e1ban.<\/strong><!--more--><\/p>\n<div class=\"ads-in-post1\"><div id=\"gazdasagportal.hu_fullbanner_wideboard\"><\/div>\r\n<\/div>\n<p>    Az aleln\u00f6k elmondta: a visszajelz\u00e9sek szerint m\u00e1r az els\u0151 rezsics\u00f6kkent\u00e9s is jelent\u0151sen \u00e9rintette a nyugd\u00edjasok p\u00e9nzt\u00e1rc\u00e1j\u00e1t, hiszen azt k\u00f6vet\u0151en olyan dolgokat tudtak megv\u00e1s\u00e1rolni, amiket el\u0151tte nem.<br \/>\n    Hangs\u00falyozta, ez\u00e9rt is fontos, hogy a rezsics\u00f6kkent\u00e9st megv\u00e9dj\u00e9k, mert a szolg\u00e1ltat\u00f3k mindent megtesznek, hogy &#8222;kizsebelj\u00e9k&#8221; a lakoss\u00e1got. Hozz\u00e1tette, a korm\u00e1ny c\u00e9lja, hogy a rezsics\u00f6kkent\u00e9s &#8211; eg\u00e9sz Eur\u00f3p\u00e1ban egyed\u00fcl\u00e1ll\u00f3 m\u00f3don &#8211; folytat\u00f3djon.(MTI)<\/p>\n","protected":false},"excerpt":{"rendered":"<p>A nyugd\u00edjasokat \u00e9rinti legink\u00e1bb a rezsics\u00f6kkent\u00e9s, hiszen az \u0151 \u00e9let\u00fcket nem befoly\u00e1solja k\u00f6zvetlen\u00fcl a fizet\u00e9semel\u00e9s, sem a csal\u00e1dosoknak j\u00e1r\u00f3 ad\u00f3cs\u00f6kkent\u00e9s &#8211; mondta N\u00e9meth Szil\u00e1rd, a Fidesz aleln\u00f6ke a Kossuth R\u00e1di\u00f3 Vas\u00e1rnapi \u00dajs\u00e1g c\u00edm\u0171 m\u0171sor\u00e1ban.<\/p>\n","protected":false},"author":1,"featured_media":0,"comment_status":"open","ping_status":"closed","sticky":false,"template":"","format":"standard","meta":[],"categories":[19],"tags":[],"_links":{"self":[{"href":"https:\/\/gazdasagportal.hu\/index.php\/wp-json\/wp\/v2\/posts\/87463"}],"collection":[{"href":"https:\/\/gazdasagportal.hu\/index.php\/wp-json\/wp\/v2\/posts"}],"about":[{"href":"https:\/\/gazdasagportal.hu\/index.php\/wp-json\/wp\/v2\/types\/post"}],"author":[{"embeddable":true,"href":"https:\/\/gazdasagportal.hu\/index.php\/wp-json\/wp\/v2\/users\/1"}],"replies":[{"embeddable":true,"href":"https:\/\/gazdasagportal.hu\/index.php\/wp-json\/wp\/v2\/comments?post=87463"}],"version-history":[{"count":1,"href":"https:\/\/gazdasagportal.hu\/index.php\/wp-json\/wp\/v2\/posts\/87463\/revisions"}],"predecessor-version":[{"id":87464,"href":"https:\/\/gazdasagportal.hu\/index.php\/wp-json\/wp\/v2\/posts\/87463\/revisions\/87464"}],"wp:attachment":[{"href":"https:\/\/gazdasagportal.hu\/index.php\/wp-json\/wp\/v2\/media?parent=87463"}],"wp:term":[{"taxonomy":"category","embeddable":true,"href":"https:\/\/gazdasagportal.hu\/index.php\/wp-json\/wp\/v2\/categories?post=87463"},{"taxonomy":"post_tag","embeddable":true,"href":"https:\/\/gazdasagportal.hu\/index.php\/wp-json\/wp\/v2\/tags?post=87463"}],"curies":[{"name":"wp","href":"https:\/\/api.w.org\/{rel}","templated":true}]}}