{"id":87382,"date":"2016-12-02T12:42:18","date_gmt":"2016-12-02T11:42:18","guid":{"rendered":"http:\/\/gazdasagportal.hu\/?p=87382"},"modified":"2016-12-02T12:42:18","modified_gmt":"2016-12-02T11:42:18","slug":"olasz-nepszavazas-a-kulfoldi-olaszok-negyven-szazaleka-adta-le-voksat-levelben","status":"publish","type":"post","link":"https:\/\/gazdasagportal.hu\/index.php\/olasz-nepszavazas-a-kulfoldi-olaszok-negyven-szazaleka-adta-le-voksat-levelben\/","title":{"rendered":"Olasz n\u00e9pszavaz\u00e1s &#8211; A k\u00fclf\u00f6ldi olaszok negyven sz\u00e1zal\u00e9ka adta le voks\u00e1t lev\u00e9lben"},"content":{"rendered":"<p><strong>Minden el\u0151rejelz\u00e9st meghaladt a k\u00fclf\u00f6ldi olaszok r\u00e9szv\u00e9teli ar\u00e1nya, hiszen negyven sz\u00e1zal\u00e9kuk leadta le voks\u00e1t lev\u00e9lben a vas\u00e1rnapi alkotm\u00e1nyos n\u00e9pszavaz\u00e1s el\u0151tt &#8211; jelentette a La Repubblica c\u00edm\u0171 olasz napilap honlapja p\u00e9nteken. <\/strong><!--more--><\/p>\n<div class=\"ads-in-post1\"><div id=\"gazdasagportal.hu_fullbanner_wideboard\"><\/div>\r\n<\/div>\n<p>    A k\u00fclf\u00f6ld\u00f6n \u00e9l\u0151 \u00e9s dolgoz\u00f3 olaszok lev\u00e9lszavaz\u00e1sa cs\u00fct\u00f6rt\u00f6k d\u00e9lut\u00e1n z\u00e1rult le. A La Repubblica &#8211; nem hivatalos &#8211; adatai szerint a jogosultak negyven sz\u00e1zal\u00e9ka \u00e9lt szavaz\u00e1si jog\u00e1val, vagyis 1, 6 milli\u00f3an.<br \/>\n    A Sv\u00e1jcban \u00e9l\u0151 olaszoknak p\u00e9ld\u00e1ul a 42,2 sz\u00e1zal\u00e9ka adta le lev\u00e9lszavazat\u00e1t, a Nagy Britanni\u00e1ban \u00e9l\u0151knek 37 sz\u00e1zal\u00e9ka, a braz\u00edliai olaszok mintegy 30 sz\u00e1zal\u00e9ka.<br \/>\n    M\u00e1s napilapok szerint a r\u00e9szv\u00e9teli ar\u00e1ny rekordnak sz\u00e1m\u00edt, mivel soha ennyien nem szavaztak a k\u00fclf\u00f6ldi olaszok k\u00f6z\u00fcl.<br \/>\n    Ez az ar\u00e1ny a La Repubblica komment\u00e1rja szerint fel\u00fclm\u00falja a minisztereln\u00f6k, Matteo Renzi legoptimist\u00e1bb v\u00e1rakoz\u00e1sait, mivel \u0151 a k\u00fclf\u00f6ldi olaszok k\u00f6z\u00f6tt harmincsz\u00e1zal\u00e9kos r\u00e9szv\u00e9telben rem\u00e9nykedett. A korm\u00e1nyf\u0151 a n\u00e9pszavaz\u00e1si kamp\u00e1nyban ny\u00edltan elismerte, hogy a k\u00fclf\u00f6ldi olaszok voksaiban b\u00edzik, akiknek t\u00f6bbs\u00e9ge Matteo Renzi szerint igennel szavaz, vagyis t\u00e1mogatja a korm\u00e1ny reformjait.<br \/>\n    Renzi kor\u00e1bban \u00fagy nyilatkozott, hogy a k\u00fclf\u00f6ldi olaszok szavazatai el is d\u00f6nthetik a vas\u00e1rnapi n\u00e9pszavaz\u00e1s eredm\u00e9ny\u00e9t. Ez\u00e9rt az olasz ellenz\u00e9ki p\u00e1rtok figyelmeztettek, hogy ha a n\u00e9pszavaz\u00e1s siker\u00e9t val\u00f3ban a k\u00fclf\u00f6ldiek voksai hat\u00e1rozz\u00e1k meg, fellebbezni fognak, \u00e9s a k\u00fclf\u00f6ldr\u0151l be\u00e9rkezett szavazatok egyenk\u00e9nti ellen\u0151rz\u00e9s\u00e9t k\u00e9rik.<br \/>\n    A k\u00fclk\u00e9pviseleteken leadott lev\u00e9lszavazatok &#8211; lez\u00e1rt diplomatal\u00e1d\u00e1kban &#8211; a vil\u00e1g minden r\u00e9sz\u00e9b\u0151l p\u00e9ntekt\u0151l \u00e9rkeznek meg a Leonardo Da Vinci r\u00f3mai nemzetk\u00f6zi rep\u00fcl\u0151t\u00e9rre. Itt egy hang\u00e1rban \u0151rzik \u0151ket a l\u00e9gv\u00e9delmi rend\u0151rs\u00e9g fel\u00fcgyelet\u00e9vel. A bor\u00edt\u00e9kokba z\u00e1rt szavazatokat vas\u00e1rnap reggel a f\u0151v\u00e1roshoz k\u00f6zeli Castelnuovo di Port\u00f3ba sz\u00e1ll\u00edtj\u00e1k, a k\u00fcl\u00fcgyminiszt\u00e9rium egyik rakt\u00e1r\u00e9p\u00fclet\u00e9be. A lev\u00e9lszavazatokat a n\u00e9pszavaz\u00e1s lez\u00e1r\u00e1sakor, vagyis vas\u00e1rnap este 11 \u00f3r\u00e1t\u00f3l kezdik \u00f6sszesz\u00e1ml\u00e1lni h\u00e9t b\u00edr\u00f3 jelenl\u00e9t\u00e9ben. A lev\u00e9lszavazatok ellen\u0151rz\u00e9s\u00e9n az ellenz\u00e9ki \u00d6t Csillag Mozgalom (M5S) p\u00e1rt 200 megfigyel\u0151vel k\u00edv\u00e1n r\u00e9szt venni.<br \/>\n    Paolo Gentiloni k\u00fcl\u00fcgyminiszter egy p\u00e9nteki r\u00e1di\u00f3interj\u00faban elutas\u00edtotta, hogy a k\u00fclf\u00f6ldi olaszok voksainak szab\u00e1lyoss\u00e1g\u00e1t b\u00e1rki megk\u00e9rd\u0151jelezze. Hangs\u00falyozta, hogy a szavaz\u00e1s k\u00fclf\u00f6ldr\u0151l is j\u00f3l bev\u00e1lt gyakorlat szerint zajlik.<br \/>\n    A vas\u00e1rnap szavaz\u00e1sra bocs\u00e1tand\u00f3 reform az eddig k\u00e9tkamar\u00e1s olasz parlamenti rendszer megv\u00e1ltoztat\u00e1s\u00e1t, a fels\u0151h\u00e1z elt\u00f6rl\u00e9s\u00e9t c\u00e9lozza a t\u00f6rv\u00e9nyhoz\u00e1s munk\u00e1j\u00e1nak felgyors\u00edt\u00e1sa, a parlamenti k\u00f6lts\u00e9gek cs\u00f6kkent\u00e9se, valamint az olasz politikai rendszer stabilit\u00e1sa \u00e9rdek\u00e9ben.(MTI)<\/p>\n","protected":false},"excerpt":{"rendered":"<p>Minden el\u0151rejelz\u00e9st meghaladt a k\u00fclf\u00f6ldi olaszok r\u00e9szv\u00e9teli ar\u00e1nya, hiszen negyven sz\u00e1zal\u00e9kuk leadta le voks\u00e1t lev\u00e9lben a vas\u00e1rnapi alkotm\u00e1nyos n\u00e9pszavaz\u00e1s el\u0151tt &#8211; jelentette a La Repubblica c\u00edm\u0171 olasz napilap honlapja p\u00e9nteken.<\/p>\n","protected":false},"author":1,"featured_media":0,"comment_status":"open","ping_status":"closed","sticky":false,"template":"","format":"standard","meta":[],"categories":[12],"tags":[],"_links":{"self":[{"href":"https:\/\/gazdasagportal.hu\/index.php\/wp-json\/wp\/v2\/posts\/87382"}],"collection":[{"href":"https:\/\/gazdasagportal.hu\/index.php\/wp-json\/wp\/v2\/posts"}],"about":[{"href":"https:\/\/gazdasagportal.hu\/index.php\/wp-json\/wp\/v2\/types\/post"}],"author":[{"embeddable":true,"href":"https:\/\/gazdasagportal.hu\/index.php\/wp-json\/wp\/v2\/users\/1"}],"replies":[{"embeddable":true,"href":"https:\/\/gazdasagportal.hu\/index.php\/wp-json\/wp\/v2\/comments?post=87382"}],"version-history":[{"count":1,"href":"https:\/\/gazdasagportal.hu\/index.php\/wp-json\/wp\/v2\/posts\/87382\/revisions"}],"predecessor-version":[{"id":87383,"href":"https:\/\/gazdasagportal.hu\/index.php\/wp-json\/wp\/v2\/posts\/87382\/revisions\/87383"}],"wp:attachment":[{"href":"https:\/\/gazdasagportal.hu\/index.php\/wp-json\/wp\/v2\/media?parent=87382"}],"wp:term":[{"taxonomy":"category","embeddable":true,"href":"https:\/\/gazdasagportal.hu\/index.php\/wp-json\/wp\/v2\/categories?post=87382"},{"taxonomy":"post_tag","embeddable":true,"href":"https:\/\/gazdasagportal.hu\/index.php\/wp-json\/wp\/v2\/tags?post=87382"}],"curies":[{"name":"wp","href":"https:\/\/api.w.org\/{rel}","templated":true}]}}