{"id":87378,"date":"2016-12-02T11:53:13","date_gmt":"2016-12-02T10:53:13","guid":{"rendered":"http:\/\/gazdasagportal.hu\/?p=87378"},"modified":"2016-12-02T11:53:13","modified_gmt":"2016-12-02T10:53:13","slug":"ujabb-tamadasokat-tervez-elkovetni-europaban-az-iszlam-allam","status":"publish","type":"post","link":"https:\/\/gazdasagportal.hu\/index.php\/ujabb-tamadasokat-tervez-elkovetni-europaban-az-iszlam-allam\/","title":{"rendered":"\u00dajabb t\u00e1mad\u00e1sokat tervez elk\u00f6vetni Eur\u00f3p\u00e1ban az Iszl\u00e1m \u00c1llam"},"content":{"rendered":"<p><strong>Nagy val\u00f3sz\u00edn\u0171s\u00e9g szerint \u00fajabb t\u00e1mad\u00e1sokat tervez elk\u00f6vetni Eur\u00f3p\u00e1ban a k\u00f6zelj\u00f6v\u0151ben az Iszl\u00e1m \u00c1llam nev\u0171 terrorszervezet &#8211; k\u00f6z\u00f6lte az eur\u00f3pai uni\u00f3s tagorsz\u00e1gok h\u00e1gai sz\u00e9khely\u0171 rend\u0151ri egy\u00fcttm\u0171k\u00f6d\u00e9si szervezete, az Europol p\u00e9nteken.<\/strong><!--more--><\/p>\n<div class=\"ads-in-post1\"><div id=\"gazdasagportal.hu_fullbanner_wideboard\"><\/div>\r\n<\/div>\n<p>    A friss jelent\u00e9s szerint legink\u00e1bb azok az orsz\u00e1gok lehetnek vesz\u00e9lyben, amelyek r\u00e9szt vesznek a Sz\u00edria \u00e9s Irak ter\u00fclet\u00e9n tev\u00e9kenyked\u0151, az Iszl\u00e1m \u00c1llam (I\u00c1) legy\u0151z\u00e9s\u00e9n munk\u00e1lkod\u00f3 katonai koal\u00edci\u00f3ban.<br \/>\n    Titkosszolg\u00e1lati inform\u00e1ci\u00f3k szerint az I\u00c1 t\u00f6bb tucat embert ir\u00e1ny\u00edt Eur\u00f3p\u00e1ban, akik k\u00e9pesek terrort\u00e1mad\u00e1sok elk\u00f6vet\u00e9s\u00e9re. A besz\u00e1mol\u00f3k szerint a terrorszervezet megtal\u00e1lja \u00e9s t\u00f6bb esetben arra buzd\u00edtja a t\u00e1rsadalom perem\u00e9re sodr\u00f3dott vagy ment\u00e1lisan terhelt fiatalokat is, hogy a nev\u00e9ben t\u00e1mad\u00e1sokat k\u00f6vessenek el.<br \/>\n    Az Europol felh\u00edvta a figyelmet arra, hogy az Iszl\u00e1m \u00c1llam a K\u00f6zel-Keleten ismert taktik\u00e1j\u00e1t &#8211; p\u00e9ld\u00e1ul az aut\u00f3ba rejtett pokolg\u00e9pekkel vagy m\u00e1s m\u00f3don elk\u00f6vetett robbant\u00e1sok\u00e9t &#8211; bevetheti Eur\u00f3p\u00e1ban is, ahogyan ezt a p\u00e1rizsi vagy a br\u00fcsszeli \u00f6sszehangolt mer\u00e9nyletek is bizony\u00edtj\u00e1k.<br \/>\n    A jelent\u00e9s kiemelte, hogy m\u00edg a terrorszervezet kor\u00e1bban els\u0151sorban a katonai \u00e9s rendfenntart\u00f3 er\u0151ket c\u00e9lozta, ma m\u00e1r a civil lakoss\u00e1got is c\u00e9lba veszi, amivel a t\u00e1rsadalom megf\u00e9leml\u00edt\u00e9s\u00e9t k\u00edv\u00e1nja el\u00e9rni.<br \/>\n    Az olyan infrastrukt\u00far\u00e1k, mint az elektromos h\u00e1l\u00f3zat vagy az atomer\u0151m\u0171vek a jelent\u00e9s szerint jelenleg nem tartoznak a kiemelt c\u00e9lpontok k\u00f6z\u00e9.<br \/>\n    Az Europol azt k\u00e9rte az uni\u00f3s tag\u00e1llamokt\u00f3l, hogy fokozz\u00e1k az egy\u00fcttm\u0171k\u00f6d\u00e9st a kiberfenyeget\u00e9s megel\u0151z\u00e9se ter\u00e9n, mivel az ilyen t\u00edpus\u00fa t\u00e1mad\u00e1sok sem z\u00e1rhat\u00f3k ki.<br \/>\n    Az \u00e9v elej\u00e9n Marokk\u00f3ban meghi\u00fas\u00edtott, az Iszl\u00e1m \u00c1llamhoz k\u00f6thet\u0151 t\u00e1mad\u00e1st k\u00f6vet\u0151en tal\u00e1lt biol\u00f3giai \u00e9s k\u00e9miai fegyverek arra utalnak, hogy a terrorist\u00e1k kisz\u00e9les\u00edtett\u00e9k Eur\u00f3p\u00e1ban is bevethet\u0151 eszk\u00f6zeik sk\u00e1l\u00e1j\u00e1t, a jelent\u00e9s szerint ugyanakkor tov\u00e1bbra is nagyobb a val\u00f3sz\u00edn\u0171s\u00e9ge az egyszer\u0171bben beszerezhet\u0151, k\u00f6nnyen kezelhet\u0151 \u00e9s r\u00f6vid t\u00e1von hat\u00e9konyabb automata l\u0151fegyverek, k\u00e9sek \u00e9s a j\u00e1rm\u0171vekbe rejtett pokolg\u00e9pek haszn\u00e1lat\u00e1nak.(MTI)<\/p>\n","protected":false},"excerpt":{"rendered":"<p>Nagy val\u00f3sz\u00edn\u0171s\u00e9g szerint \u00fajabb t\u00e1mad\u00e1sokat tervez elk\u00f6vetni Eur\u00f3p\u00e1ban a k\u00f6zelj\u00f6v\u0151ben az Iszl\u00e1m \u00c1llam nev\u0171 terrorszervezet &#8211; k\u00f6z\u00f6lte az eur\u00f3pai uni\u00f3s tagorsz\u00e1gok h\u00e1gai sz\u00e9khely\u0171 rend\u0151ri egy\u00fcttm\u0171k\u00f6d\u00e9si szervezete, az Europol p\u00e9nteken.<\/p>\n","protected":false},"author":1,"featured_media":0,"comment_status":"open","ping_status":"closed","sticky":false,"template":"","format":"standard","meta":[],"categories":[4,12],"tags":[],"_links":{"self":[{"href":"https:\/\/gazdasagportal.hu\/index.php\/wp-json\/wp\/v2\/posts\/87378"}],"collection":[{"href":"https:\/\/gazdasagportal.hu\/index.php\/wp-json\/wp\/v2\/posts"}],"about":[{"href":"https:\/\/gazdasagportal.hu\/index.php\/wp-json\/wp\/v2\/types\/post"}],"author":[{"embeddable":true,"href":"https:\/\/gazdasagportal.hu\/index.php\/wp-json\/wp\/v2\/users\/1"}],"replies":[{"embeddable":true,"href":"https:\/\/gazdasagportal.hu\/index.php\/wp-json\/wp\/v2\/comments?post=87378"}],"version-history":[{"count":1,"href":"https:\/\/gazdasagportal.hu\/index.php\/wp-json\/wp\/v2\/posts\/87378\/revisions"}],"predecessor-version":[{"id":87379,"href":"https:\/\/gazdasagportal.hu\/index.php\/wp-json\/wp\/v2\/posts\/87378\/revisions\/87379"}],"wp:attachment":[{"href":"https:\/\/gazdasagportal.hu\/index.php\/wp-json\/wp\/v2\/media?parent=87378"}],"wp:term":[{"taxonomy":"category","embeddable":true,"href":"https:\/\/gazdasagportal.hu\/index.php\/wp-json\/wp\/v2\/categories?post=87378"},{"taxonomy":"post_tag","embeddable":true,"href":"https:\/\/gazdasagportal.hu\/index.php\/wp-json\/wp\/v2\/tags?post=87378"}],"curies":[{"name":"wp","href":"https:\/\/api.w.org\/{rel}","templated":true}]}}