{"id":87366,"date":"2016-12-02T09:45:21","date_gmt":"2016-12-02T08:45:21","guid":{"rendered":"http:\/\/gazdasagportal.hu\/?p=87366"},"modified":"2016-12-02T13:41:17","modified_gmt":"2016-12-02T12:41:17","slug":"riasztast-adott-ki-a-meteorologia-budapestre-illetve-pest-es-fejer-megye-tobb-jarasara","status":"publish","type":"post","link":"https:\/\/gazdasagportal.hu\/index.php\/riasztast-adott-ki-a-meteorologia-budapestre-illetve-pest-es-fejer-megye-tobb-jarasara\/","title":{"rendered":"Riaszt\u00e1st adott ki a meteorol\u00f3gia Budapestre, illetve Pest \u00e9s Fej\u00e9r megye t\u00f6bb j\u00e1r\u00e1s\u00e1ra"},"content":{"rendered":"<p><strong>Budapestre, valamint Pest \u00e9s Fej\u00e9r megye t\u00f6bb j\u00e1r\u00e1s\u00e1ra is riaszt\u00e1st adott ki az Orsz\u00e1gos Meteorol\u00f3giai Szolg\u00e1lat a viharos erej\u0171 sz\u00e9l miatt, Pest megy\u00e9ben t\u00f6bb tucat helysz\u00ednre kellett a t\u0171zolt\u00f3knak kivonulniuk.<\/strong><!--more--><\/p>\n<div class=\"ads-in-post1\"><div id=\"gazdasagportal.hu_fullbanner_wideboard\"><\/div>\r\n<\/div>\n<p>A meteorol\u00f3giai szolg\u00e1lat honlapja szerint a f\u0151v\u00e1roson k\u00edv\u00fcl Pest megy\u00e9ben a budakeszi, \u00e9rdi, gy\u00e1li, pilisv\u00f6r\u00f6sv\u00e1ri, szigetszentmikl\u00f3si \u00e9s vecs\u00e9si, Fej\u00e9r megy\u00e9ben pedig a bicskei \u00e9s martonv\u00e1s\u00e1ri j\u00e1r\u00e1s ter\u00fclet\u00e9re adtak ki m\u00e1sodfok\u00fa, narancss\u00e1rga riaszt\u00e1st. Ezeken a ter\u00fcleteken 90 kilom\u00e9teres sebess\u00e9get is meghalad\u00f3 sz\u00e9ll\u00f6k\u00e9sek v\u00e1rhat\u00f3ak.<br \/>\nCs\u00e1mpai Attila, a Pest Megyei Katasztr\u00f3fav\u00e9delmi Igazgat\u00f3s\u00e1g sz\u00f3viv\u0151je az MTI-nek azt mondta, hajnal \u00f3ta folyamatosan \u00e9rkeznek a jelz\u00e9sek a m\u0171veletir\u00e1ny\u00edt\u00e1shoz, eddig t\u00f6bb tucat esem\u00e9nyn\u00e9l kellett a t\u0171zolt\u00f3knak beavatkozniuk, f\u0151leg kid\u0151lt f\u00e1k, leszakadt \u00e1gak okoztak gondot, amelyek t\u00f6bb esetben magukkal r\u00e1ntott\u00e1k a villanyvezet\u00e9keket, illetve fennakad\u00e1sokat okoztak a k\u00f6zleked\u00e9sben.<br \/>\nSzem\u00e9lyi s\u00e9r\u00fcl\u00e9sr\u0151l eddig nem \u00e9rkezett jelz\u00e9s, a t\u0171zolt\u00f3k folyamatosan vonulnak a helysz\u00ednekre &#8211; tette hozz\u00e1 Cs\u00e1mpai Attila.(MTI)<\/p>\n<p class=\"name post-title entry-title\"><a href=\"https:\/\/gazdasagportal.hu\/index.php\/vihar-visszavonta-a-masodfoku-riasztast-az-omsz\/\" target=\"_blank\"><strong>VIHAR \u2013 VISSZAVONTA A M\u00c1SODFOK\u00da RIASZT\u00c1ST AZ OMSZ<\/strong><\/a><\/p><div id=\"gazda-948904052\" class=\"gazda-tartalomban gazda-entity-placement\"><script async src=\"https:\/\/pagead2.googlesyndication.com\/pagead\/js\/adsbygoogle.js\"><\/script>\r\n<ins class=\"adsbygoogle\"\r\n     style=\"display:block\"\r\n     data-ad-format=\"fluid\"\r\n     data-ad-layout-key=\"-6t+ed+2i-1n-4w\"\r\n     data-ad-client=\"ca-pub-1959107119989764\"\r\n     data-ad-slot=\"4008251320\"><\/ins>\r\n<script>\r\n     (adsbygoogle = window.adsbygoogle || []).push({});\r\n<\/script><\/div>\n","protected":false},"excerpt":{"rendered":"<p>Budapestre, valamint Pest \u00e9s Fej\u00e9r megye t\u00f6bb j\u00e1r\u00e1s\u00e1ra is riaszt\u00e1st adott ki az Orsz\u00e1gos Meteorol\u00f3giai Szolg\u00e1lat a viharos erej\u0171 sz\u00e9l miatt, Pest megy\u00e9ben t\u00f6bb tucat helysz\u00ednre kellett a t\u0171zolt\u00f3knak kivonulniuk.<\/p>\n","protected":false},"author":1,"featured_media":0,"comment_status":"open","ping_status":"closed","sticky":false,"template":"","format":"standard","meta":[],"categories":[4],"tags":[],"_links":{"self":[{"href":"https:\/\/gazdasagportal.hu\/index.php\/wp-json\/wp\/v2\/posts\/87366"}],"collection":[{"href":"https:\/\/gazdasagportal.hu\/index.php\/wp-json\/wp\/v2\/posts"}],"about":[{"href":"https:\/\/gazdasagportal.hu\/index.php\/wp-json\/wp\/v2\/types\/post"}],"author":[{"embeddable":true,"href":"https:\/\/gazdasagportal.hu\/index.php\/wp-json\/wp\/v2\/users\/1"}],"replies":[{"embeddable":true,"href":"https:\/\/gazdasagportal.hu\/index.php\/wp-json\/wp\/v2\/comments?post=87366"}],"version-history":[{"count":2,"href":"https:\/\/gazdasagportal.hu\/index.php\/wp-json\/wp\/v2\/posts\/87366\/revisions"}],"predecessor-version":[{"id":87386,"href":"https:\/\/gazdasagportal.hu\/index.php\/wp-json\/wp\/v2\/posts\/87366\/revisions\/87386"}],"wp:attachment":[{"href":"https:\/\/gazdasagportal.hu\/index.php\/wp-json\/wp\/v2\/media?parent=87366"}],"wp:term":[{"taxonomy":"category","embeddable":true,"href":"https:\/\/gazdasagportal.hu\/index.php\/wp-json\/wp\/v2\/categories?post=87366"},{"taxonomy":"post_tag","embeddable":true,"href":"https:\/\/gazdasagportal.hu\/index.php\/wp-json\/wp\/v2\/tags?post=87366"}],"curies":[{"name":"wp","href":"https:\/\/api.w.org\/{rel}","templated":true}]}}