{"id":87364,"date":"2016-12-02T09:31:44","date_gmt":"2016-12-02T08:31:44","guid":{"rendered":"http:\/\/gazdasagportal.hu\/?p=87364"},"modified":"2016-12-02T09:31:44","modified_gmt":"2016-12-02T08:31:44","slug":"szakerto-oroszorszag-es-ukrajna-szajkaratezik-egymassal","status":"publish","type":"post","link":"https:\/\/gazdasagportal.hu\/index.php\/szakerto-oroszorszag-es-ukrajna-szajkaratezik-egymassal\/","title":{"rendered":"Szak\u00e9rt\u0151: Oroszorsz\u00e1g \u00e9s Ukrajna sz\u00e1jkarat\u00e9zik egym\u00e1ssal"},"content":{"rendered":"<p><strong>Kaiser Ferenc biztons\u00e1gpolitikai szak\u00e9rt\u0151 szerint az orosz \u00e9s ukr\u00e1n korm\u00e1nyzat &#8222;sz\u00e1jkarat\u00e9zik&#8221; \u00e9s provok\u00e1lja egym\u00e1st a legut\u00f3bbi ukr\u00e1n hadgyakorlattal kapcsolatban, amelyet a Kr\u00edm-f\u00e9lszigett\u0151l nem messze tartottak.<\/strong><!--more--><\/p>\n<div class=\"ads-in-post1\"><div id=\"gazdasagportal.hu_fullbanner_wideboard\"><\/div>\r\n<\/div>\n<p>    A Nemzeti K\u00f6zszolg\u00e1lati Egyetem docense az M1 aktu\u00e1lis csatorna p\u00e9ntek reggeli m\u0171sor\u00e1ban elmondta, miut\u00e1n az oroszok bejelentett\u00e9k, hogy m\u00e9g a rak\u00e9ta\u00e1ll\u00e1sokat is kil\u00f6vik, Ukrajna nyugatabbra helyezte \u00e1t azokat \u00e9s figyel arra, hogy a rak\u00e9t\u00e1k ne rep\u00fcljenek be a Kr\u00edm l\u00e9gter\u00e9be. Oroszorsz\u00e1got viszont &#8222;nem szokta zavarni&#8221;, ha sz\u00e1zezres hadgyakorlatokat folytat az ukr\u00e1n hat\u00e1rt\u00f3l p\u00e1r kilom\u00e9terre &#8211; jegyezte meg.<br \/>\n    Kaiser Ferenc szerint Ukrajna csak vesztese lehet annak, ha az Egyes\u00fclt \u00c1llamok \u00e9s Oroszorsz\u00e1g kapcsolata javul, de m\u00e9g k\u00e9rd\u00e9ses, hogy Donald Trump megv\u00e1lasztott amerikai eln\u00f6k milyen politik\u00e1t folytat majd. \u00dagy v\u00e9lte, ha a klasszikus republik\u00e1nus v\u00e9delmi politik\u00e1t folytatja, amely er\u0151sebb fegyverkez\u00e9ssel j\u00e1r a demokrat\u00e1hoz k\u00e9pest, akkor &#8222;\u00fctk\u00f6z\u00e9s&#8221; v\u00e1rhat\u00f3 a felek k\u00f6z\u00f6tt.(MTI)<\/p>\n","protected":false},"excerpt":{"rendered":"<p>Kaiser Ferenc biztons\u00e1gpolitikai szak\u00e9rt\u0151 szerint az orosz \u00e9s ukr\u00e1n korm\u00e1nyzat &#8222;sz\u00e1jkarat\u00e9zik&#8221; \u00e9s provok\u00e1lja egym\u00e1st a legut\u00f3bbi ukr\u00e1n hadgyakorlattal kapcsolatban, amelyet a Kr\u00edm-f\u00e9lszigett\u0151l nem messze tartottak.<\/p>\n","protected":false},"author":1,"featured_media":0,"comment_status":"open","ping_status":"closed","sticky":false,"template":"","format":"standard","meta":[],"categories":[12],"tags":[],"_links":{"self":[{"href":"https:\/\/gazdasagportal.hu\/index.php\/wp-json\/wp\/v2\/posts\/87364"}],"collection":[{"href":"https:\/\/gazdasagportal.hu\/index.php\/wp-json\/wp\/v2\/posts"}],"about":[{"href":"https:\/\/gazdasagportal.hu\/index.php\/wp-json\/wp\/v2\/types\/post"}],"author":[{"embeddable":true,"href":"https:\/\/gazdasagportal.hu\/index.php\/wp-json\/wp\/v2\/users\/1"}],"replies":[{"embeddable":true,"href":"https:\/\/gazdasagportal.hu\/index.php\/wp-json\/wp\/v2\/comments?post=87364"}],"version-history":[{"count":1,"href":"https:\/\/gazdasagportal.hu\/index.php\/wp-json\/wp\/v2\/posts\/87364\/revisions"}],"predecessor-version":[{"id":87365,"href":"https:\/\/gazdasagportal.hu\/index.php\/wp-json\/wp\/v2\/posts\/87364\/revisions\/87365"}],"wp:attachment":[{"href":"https:\/\/gazdasagportal.hu\/index.php\/wp-json\/wp\/v2\/media?parent=87364"}],"wp:term":[{"taxonomy":"category","embeddable":true,"href":"https:\/\/gazdasagportal.hu\/index.php\/wp-json\/wp\/v2\/categories?post=87364"},{"taxonomy":"post_tag","embeddable":true,"href":"https:\/\/gazdasagportal.hu\/index.php\/wp-json\/wp\/v2\/tags?post=87364"}],"curies":[{"name":"wp","href":"https:\/\/api.w.org\/{rel}","templated":true}]}}