{"id":87358,"date":"2016-12-02T08:32:54","date_gmt":"2016-12-02T07:32:54","guid":{"rendered":"http:\/\/gazdasagportal.hu\/?p=87358"},"modified":"2016-12-02T08:32:54","modified_gmt":"2016-12-02T07:32:54","slug":"vihar-harmincnal-tobb-helyszinre-riasztottak-a-fovarosi-tuzoltokat","status":"publish","type":"post","link":"https:\/\/gazdasagportal.hu\/index.php\/vihar-harmincnal-tobb-helyszinre-riasztottak-a-fovarosi-tuzoltokat\/","title":{"rendered":"Vihar &#8211; Harmincn\u00e1l t\u00f6bb helysz\u00ednre riasztott\u00e1k a f\u0151v\u00e1rosi t\u0171zolt\u00f3kat"},"content":{"rendered":"<p><strong>A hajnali 3 \u00f3ra \u00f3ta tart\u00f3 sz\u00e9lvihar miatt t\u00f6bb mint harminc helyre riasztott\u00e1k a f\u0151v\u00e1rosi t\u0171zolt\u00f3kat, szem\u00e9lyi s\u00e9r\u00fcl\u00e9sr\u0151l egyel\u0151re nem \u00e9rkezett bejelent\u00e9s &#8211; mondta Kisdi M\u00e1t\u00e9, a F\u0151v\u00e1rosi Katasztr\u00f3fav\u00e9delmi Igazgat\u00f3s\u00e1g sz\u00f3viv\u0151je az MTI-nek p\u00e9nteken, kev\u00e9ssel 8 \u00f3ra el\u0151tt.<\/strong><!--more--><\/p>\n<div class=\"ads-in-post1\"><div id=\"gazdasagportal.hu_fullbanner_wideboard\"><\/div>\r\n<\/div>\n<p>    T\u00e1j\u00e9koztat\u00e1sa szerint jelenleg t\u00edz helyen dolgoznak a t\u0171zolt\u00f3k, t\u00f6bbnyire fakid\u0151l\u00e9sek okozta anyagi k\u00e1ros esetekn\u00e9l.<br \/>\n    A XV. ker\u00fcletben egy 10 m\u00e9tern\u00e9l magasabb fa a Sz\u00e1nt\u00f3f\u00f6ld utca mindk\u00e9t s\u00e1vj\u00e1t elz\u00e1rja, H\u0171v\u00f6sv\u00f6lgyben, a D\u00e1mvad utc\u00e1ban egy h\u00e1z oldal\u00e1nak d\u0151lt egy fa, a X. ker\u00fcletben, a Bolg\u00e1r utc\u00e1ban pedig h\u00e1rom aut\u00f3t rong\u00e1ltak meg a nagyobb leszakad\u00f3 fa\u00e1gak.<br \/>\n    A t\u0171zolt\u00f3k munk\u00e1j\u00e1t a r\u00f3zsadombi, cs\u00f6m\u00f6ri \u00e9s solym\u00e1ri \u00f6nk\u00e9ntes t\u0171zolt\u00f3k is seg\u00edtik.(MTI)<\/p>\n","protected":false},"excerpt":{"rendered":"<p>A hajnali 3 \u00f3ra \u00f3ta tart\u00f3 sz\u00e9lvihar miatt t\u00f6bb mint harminc helyre riasztott\u00e1k a f\u0151v\u00e1rosi t\u0171zolt\u00f3kat, szem\u00e9lyi s\u00e9r\u00fcl\u00e9sr\u0151l egyel\u0151re nem \u00e9rkezett bejelent\u00e9s &#8211; mondta Kisdi M\u00e1t\u00e9, a F\u0151v\u00e1rosi Katasztr\u00f3fav\u00e9delmi Igazgat\u00f3s\u00e1g sz\u00f3viv\u0151je az MTI-nek p\u00e9nteken, kev\u00e9ssel 8 \u00f3ra el\u0151tt.<\/p>\n","protected":false},"author":1,"featured_media":0,"comment_status":"open","ping_status":"closed","sticky":false,"template":"","format":"standard","meta":[],"categories":[4],"tags":[],"_links":{"self":[{"href":"https:\/\/gazdasagportal.hu\/index.php\/wp-json\/wp\/v2\/posts\/87358"}],"collection":[{"href":"https:\/\/gazdasagportal.hu\/index.php\/wp-json\/wp\/v2\/posts"}],"about":[{"href":"https:\/\/gazdasagportal.hu\/index.php\/wp-json\/wp\/v2\/types\/post"}],"author":[{"embeddable":true,"href":"https:\/\/gazdasagportal.hu\/index.php\/wp-json\/wp\/v2\/users\/1"}],"replies":[{"embeddable":true,"href":"https:\/\/gazdasagportal.hu\/index.php\/wp-json\/wp\/v2\/comments?post=87358"}],"version-history":[{"count":1,"href":"https:\/\/gazdasagportal.hu\/index.php\/wp-json\/wp\/v2\/posts\/87358\/revisions"}],"predecessor-version":[{"id":87359,"href":"https:\/\/gazdasagportal.hu\/index.php\/wp-json\/wp\/v2\/posts\/87358\/revisions\/87359"}],"wp:attachment":[{"href":"https:\/\/gazdasagportal.hu\/index.php\/wp-json\/wp\/v2\/media?parent=87358"}],"wp:term":[{"taxonomy":"category","embeddable":true,"href":"https:\/\/gazdasagportal.hu\/index.php\/wp-json\/wp\/v2\/categories?post=87358"},{"taxonomy":"post_tag","embeddable":true,"href":"https:\/\/gazdasagportal.hu\/index.php\/wp-json\/wp\/v2\/tags?post=87358"}],"curies":[{"name":"wp","href":"https:\/\/api.w.org\/{rel}","templated":true}]}}