{"id":87354,"date":"2016-12-02T05:09:38","date_gmt":"2016-12-02T04:09:38","guid":{"rendered":"http:\/\/gazdasagportal.hu\/?p=87354"},"modified":"2016-12-01T21:50:41","modified_gmt":"2016-12-01T20:50:41","slug":"megkezdik-a-petofi-csarnok-bontasat","status":"publish","type":"post","link":"https:\/\/gazdasagportal.hu\/index.php\/megkezdik-a-petofi-csarnok-bontasat\/","title":{"rendered":"Megkezdik a Pet\u0151fi Csarnok bont\u00e1s\u00e1t"},"content":{"rendered":"<p><strong>M\u00e9g decemberben megkezd\u0151dik a Pet\u0151fi Csarnok (Pecsa) bont\u00e1sa; a leromlott \u00e1llag\u00fa \u00e9p\u00fclet hely\u00e9n, de kisebb ter\u00fcleten \u00e9p\u00fcl fel a Liget Budapest projekt keret\u00e9ben az \u00daj Nemzeti Gal\u00e9ria.<\/strong><!--more--><\/p>\n<div class=\"ads-in-post1\"><div id=\"gazdasagportal.hu_fullbanner_wideboard\"><\/div>\r\n<\/div>\n<p>    Miut\u00e1n a Pecsa eddigi b\u00e9rl\u0151ivel siker\u00fclt megegyezni a kik\u00f6lt\u00f6z\u00e9sr\u0151l, a napokban lez\u00e1rult a csarnok bont\u00e1s\u00e1ra ki\u00edrt k\u00f6zbeszerz\u00e9si elj\u00e1r\u00e1s, elv\u00e9gezt\u00e9k az \u00e9p\u00fclet azbesztmentes\u00edt\u00e9s\u00e9t \u00e9s k\u00f6rnyezetv\u00e9delmi felm\u00e9r\u00e9s\u00e9t is, \u00edgy r\u00f6videsen elindulhatnak a munk\u00e1latok &#8211; sz\u00e1molt be a helysz\u00edn cs\u00fct\u00f6rt\u00f6ki sajt\u00f3bej\u00e1r\u00e1s\u00e1n a beruh\u00e1z\u00f3 V\u00e1rosliget Zrt. m\u0171szaki vez\u00e9rigazgat\u00f3-helyettese.<br \/>\n    S\u00e1ghi Attila hozz\u00e1tette, az \u00daj Nemzeti Gal\u00e9ria \u00e9p\u00edt\u00e9se 2017 m\u00e1sodik fel\u00e9ben kezd\u0151dhet, a jap\u00e1n SANAA \u00e9p\u00edt\u00e9sziroda tervei alapj\u00e1n megval\u00f3sul\u00f3 m\u00fazeumot 2019-ben adj\u00e1k \u00e1t.<br \/>\n    Az \u00e9p\u00edt\u00e9sz eml\u00e9keztetett arra, hogy a Pet\u0151fi Csarnok hely\u00e9n t\u00f6bb mint 120 \u00e9ve \u00e9p\u00fclet \u00e1ll, \u00edgy igaztalanak azok a v\u00e1dak, melyek szerint &#8222;be\u00e9p\u00edtik a Ligetet&#8221;. R\u00e1ad\u00e1sul a Pecsa \u00e9s szabadt\u00e9ri sz\u00ednpada jelenleg 10 729 n\u00e9gyzetm\u00e9teren ter\u00fcl el, az \u00faj m\u00fazeum\u00e9p\u00fclet azonban csak 9095 n\u00e9gyzetm\u00e9tert, azaz a jelenlegin\u00e9l kisebb ter\u00fcletet foglal majd el &#8211; k\u00f6z\u00f6lte.<br \/>\n    S\u00e1ghi Attila az MTI k\u00e9rd\u00e9s\u00e9re elmondta, hogy a bont\u00e1shoz a m\u00e1r megl\u00e9v\u0151, leburkolt utakat haszn\u00e1lj\u00e1k felvonul\u00e1si \u00fatvonalk\u00e9nt, az \u00e9p\u00fcletet 8-10 m\u00e9teres v\u00e9d\u0151t\u00e1vols\u00e1gban ker\u00edtik k\u00f6rbe.<br \/>\n    Az \u00e9p\u00edtkez\u00e9s 71 f\u00e1t \u00e9rint, ezek k\u00f6z\u00fcl 63-at a parkon bel\u00fcl \u00e1t\u00fcltetnek, 8 azonban olyan rossz \u00e1llapotban van, hogy ez nem lehets\u00e9ges, \u00e1m azokat t\u00f6bbsz\u00f6r\u00f6sen p\u00f3tolj\u00e1k majd.<br \/>\n    S\u00e1ghi Attila elmond\u00e1sa szerint az \u00daj Nemzeti Gal\u00e9ri\u00e1ba mind a n\u00e9gy oldalr\u00f3l szabad lesz a bej\u00e1r\u00e1s, az int\u00e9zm\u00e9ny nem csak a bel\u00e9p\u0151t v\u00e1lt\u00f3 l\u00e1togat\u00f3k, hanem a parkhaszn\u00e1l\u00f3k sz\u00e1m\u00e1ra is sz\u00e1mos szolg\u00e1ltat\u00e1st fog ny\u00fajtani: a k\u00e1v\u00e9z\u00f3, aj\u00e1nd\u00e9kbolt \u00e9s a k\u00f6z\u00f6ss\u00e9gi helyis\u00e9gek mellett az el\u0151csarnokban ingyenesen l\u00e1togathat\u00f3 ki\u00e1ll\u00edt\u00e1sok adnak majd \u00edzel\u00edt\u0151t a m\u00fazeum t\u00e1rlataib\u00f3l.<br \/>\n    A j\u00f6v\u0151ben az 1800 \u00e9s 1950 k\u00f6z\u00f6tti egyetemes \u00e9s magyar k\u00e9pz\u0151m\u0171v\u00e9szetet bemutat\u00f3 \u00daj Nemzeti Gal\u00e9ria nem a vil\u00e1gh\u00edr\u0171 jap\u00e1n tervez\u0151k &#8222;eml\u00e9km\u0171ve&#8221; lesz, komoly hangs\u00falyt helyeznek ugyanis az \u00e9p\u00fclet funkcionalit\u00e1s\u00e1ra, a fenntarthat\u00f3s\u00e1gra \u00e9s a k\u00f6rnyezettel val\u00f3 p\u00e1rbesz\u00e9dre &#8211; hangs\u00falyozta a V\u00e1rosliget Zrt. m\u0171szaki vez\u00e9rigazgat\u00f3-helyettese.(MTI)<\/p>\n","protected":false},"excerpt":{"rendered":"<p>M\u00e9g decemberben megkezd\u0151dik a Pet\u0151fi Csarnok (Pecsa) bont\u00e1sa; a leromlott \u00e1llag\u00fa \u00e9p\u00fclet hely\u00e9n, de kisebb ter\u00fcleten \u00e9p\u00fcl fel a Liget Budapest projekt keret\u00e9ben az \u00daj Nemzeti Gal\u00e9ria.<\/p>\n","protected":false},"author":1,"featured_media":0,"comment_status":"open","ping_status":"closed","sticky":false,"template":"","format":"standard","meta":[],"categories":[4],"tags":[],"_links":{"self":[{"href":"https:\/\/gazdasagportal.hu\/index.php\/wp-json\/wp\/v2\/posts\/87354"}],"collection":[{"href":"https:\/\/gazdasagportal.hu\/index.php\/wp-json\/wp\/v2\/posts"}],"about":[{"href":"https:\/\/gazdasagportal.hu\/index.php\/wp-json\/wp\/v2\/types\/post"}],"author":[{"embeddable":true,"href":"https:\/\/gazdasagportal.hu\/index.php\/wp-json\/wp\/v2\/users\/1"}],"replies":[{"embeddable":true,"href":"https:\/\/gazdasagportal.hu\/index.php\/wp-json\/wp\/v2\/comments?post=87354"}],"version-history":[{"count":1,"href":"https:\/\/gazdasagportal.hu\/index.php\/wp-json\/wp\/v2\/posts\/87354\/revisions"}],"predecessor-version":[{"id":87355,"href":"https:\/\/gazdasagportal.hu\/index.php\/wp-json\/wp\/v2\/posts\/87354\/revisions\/87355"}],"wp:attachment":[{"href":"https:\/\/gazdasagportal.hu\/index.php\/wp-json\/wp\/v2\/media?parent=87354"}],"wp:term":[{"taxonomy":"category","embeddable":true,"href":"https:\/\/gazdasagportal.hu\/index.php\/wp-json\/wp\/v2\/categories?post=87354"},{"taxonomy":"post_tag","embeddable":true,"href":"https:\/\/gazdasagportal.hu\/index.php\/wp-json\/wp\/v2\/tags?post=87354"}],"curies":[{"name":"wp","href":"https:\/\/api.w.org\/{rel}","templated":true}]}}