{"id":87352,"date":"2016-12-02T04:44:27","date_gmt":"2016-12-02T03:44:27","guid":{"rendered":"http:\/\/gazdasagportal.hu\/?p=87352"},"modified":"2016-12-01T21:49:05","modified_gmt":"2016-12-01T20:49:05","slug":"viharos-szelre-hora-es-akar-minusz-10-fokra-is-keszulni-kell-az-elso-decemberi-hetvegen","status":"publish","type":"post","link":"https:\/\/gazdasagportal.hu\/index.php\/viharos-szelre-hora-es-akar-minusz-10-fokra-is-keszulni-kell-az-elso-decemberi-hetvegen\/","title":{"rendered":"Viharos sz\u00e9lre, h\u00f3ra \u00e9s ak\u00e1r m\u00ednusz 10 fokra is k\u00e9sz\u00fclni kell az els\u0151 decemberi h\u00e9tv\u00e9g\u00e9n"},"content":{"rendered":"<p><strong>Er\u0151s, t\u00f6bb helyen viharos sz\u00e9llel kezd\u0151dik az els\u0151 decemberi h\u00e9tv\u00e9ge. Eleinte h\u00f3z\u00e1por is v\u00e1rhat\u00f3, azt\u00e1n sz\u00e1raz \u00e9s naps\u00fct\u00e9ses lesz az id\u0151j\u00e1r\u00e1s. A sz\u00e9l m\u00e9rs\u00e9kl\u0151dik, de t\u00f6bbfel\u00e9 a leghidegebb \u00f3r\u00e1kban m\u00ednusz 10 Celsius-fok k\u00f6r\u00fcli, m\u00edg napk\u00f6zben is csak plusz 1 fok k\u00f6r\u00fcli \u00e9rt\u00e9kek v\u00e1rhat\u00f3k &#8211; der\u00fcl ki az Orsz\u00e1gos Meteorol\u00f3giai Szolg\u00e1lat cs\u00fct\u00f6rt\u00f6k\u00f6n az MTI-hez eljuttatott orsz\u00e1gos, k\u00f6z\u00e9pt\u00e1v\u00fa el\u0151rejelz\u00e9s\u00e9b\u0151l.<\/strong><!--more--><\/p>\n<div class=\"ads-in-post1\"><div id=\"gazdasagportal.hu_fullbanner_wideboard\"><\/div>\r\n<\/div>\n<p>    A meteorol\u00f3giai szolg\u00e1lat cs\u00fct\u00f6rt\u00f6k d\u00e9lut\u00e1n az MTI-hez eljuttatott figyelmeztet\u00e9s\u00e9ben azt \u00edrta: kezdetben a Dun\u00e1nt\u00fal \u00e9szaki, \u00e9szakkeleti r\u00e9sz\u00e9n f\u0151k\u00e9nt a magasabban fekv\u0151 ter\u00fcleteken, majd helyenk\u00e9nt az \u00c9szaki-k\u00f6z\u00e9phegys\u00e9g nyugati r\u00e9sz\u00e9n vihaross\u00e1 fokoz\u00f3dik a sz\u00e9l. P\u00e9ntekre virrad\u00f3 \u00e9jszaka tov\u00e1bb er\u0151s\u00f6dik a l\u00e9gmozg\u00e1s, \u00edgy p\u00e9nteken napk\u00f6zben az \u00c9szak-Dun\u00e1nt\u00falon a leger\u0151sebb l\u00f6k\u00e9sek s\u00edkvid\u00e9ken is meghaladhatj\u00e1k a 90-95 kilom\u00e9ter\/\u00f3r\u00e1t.<br \/>\n    Az Orsz\u00e1gos Meteorol\u00f3giai Szolg\u00e1lat p\u00e9ntekre a f\u0151v\u00e1rosra \u00e9s Pest, valamint Fej\u00e9r, Gy\u0151r-Moson-Sopron, Kom\u00e1rom-Esztergom \u00e9s Veszpr\u00e9m megy\u00e9re m\u00e1sodfok\u00fa figyelmeztet\u00e9st, a t\u00f6bbi megy\u00e9re els\u0151fok\u00fa figyelmeztet\u00e9st adott ki a viharos sz\u00e9l vesz\u00e9lye miatt.<br \/>\n    P\u00e9ntek est\u00e9t\u0151l m\u00e9rs\u00e9kl\u0151dik a sz\u00e9l &#8211; tett\u00e9k hozz\u00e1.<br \/>\n    Az el\u0151rejelz\u00e9sben azt \u00edrt\u00e1k: p\u00e9nteken d\u00e9lel\u0151tt \u00e9s a d\u00e9li \u00f3r\u00e1kban sz\u00f3rv\u00e1nyosan el\u0151fordulhat z\u00e1por, majd egyre ink\u00e1bb havases\u0151-z\u00e1por, h\u00f3z\u00e1por val\u00f3sz\u00edn\u0171. A legalacsonyabb h\u0151m\u00e9rs\u00e9klet m\u00ednusz 3 \u00e9s plusz 5 fok k\u00f6z\u00f6tt v\u00e1rhat\u00f3, d\u00e9lnyugaton az alacsonyabb \u00e9rt\u00e9kekkel. Napk\u00f6zben 5-9 fokig melegszik a leveg\u0151, de m\u00e1r a d\u00e9li, d\u00e9lut\u00e1ni id\u0151szakban cs\u00f6kkeni kezd a h\u0151m\u00e9rs\u00e9klet.<br \/>\n    Szombaton napos id\u0151 v\u00e1rhat\u00f3, csapad\u00e9k nem val\u00f3sz\u00edn\u0171. A k\u00f6z\u00e9ps\u0151 ter\u00fcleteken lehet m\u00e9g n\u00e9hol er\u0151s a sz\u00e9l. A leghidegebb \u00f3r\u00e1kban m\u00ednusz 7 \u00e9s m\u00ednusz 1 fok k\u00f6z\u00f6tt alakul a h\u0151m\u00e9rs\u00e9klet. A nappali maximumok t\u00f6bbnyire plusz 2-5 fok k\u00f6z\u00f6tt alakulnak.<br \/>\n    Vas\u00e1rnap is t\u00f6bbnyire gyeng\u00e9n felh\u0151s, napos id\u0151re lehet sz\u00e1m\u00edtani, csapad\u00e9k nem v\u00e1rhat\u00f3. T\u00f6bbnyire m\u00e9rs\u00e9kelt lesz a l\u00e9gmozg\u00e1s. A minimumh\u0151m\u00e9rs\u00e9klet \u00e1ltal\u00e1ban m\u00ednusz 8 \u00e9s m\u00ednusz 2 fok k\u00f6z\u00f6tt val\u00f3sz\u00edn\u0171, de az \u00c9szaki-k\u00f6z\u00e9phegys\u00e9g v\u00f6lgyeiben ak\u00e1r m\u00ednusz 10 fok is lehet. Napk\u00f6zben plusz 1-5 fokig melegszik a leveg\u0151 &#8211; olvashat\u00f3 az el\u0151rejelz\u00e9sben.(MTI)<\/p>\n","protected":false},"excerpt":{"rendered":"<p>Er\u0151s, t\u00f6bb helyen viharos sz\u00e9llel kezd\u0151dik az els\u0151 decemberi h\u00e9tv\u00e9ge. Eleinte h\u00f3z\u00e1por is v\u00e1rhat\u00f3, azt\u00e1n sz\u00e1raz \u00e9s naps\u00fct\u00e9ses lesz az id\u0151j\u00e1r\u00e1s. A sz\u00e9l m\u00e9rs\u00e9kl\u0151dik, de t\u00f6bbfel\u00e9 a leghidegebb \u00f3r\u00e1kban m\u00ednusz 10 Celsius-fok k\u00f6r\u00fcli, m\u00edg napk\u00f6zben is csak plusz 1 fok k\u00f6r\u00fcli \u00e9rt\u00e9kek v\u00e1rhat\u00f3k &#8211; der\u00fcl ki az Orsz\u00e1gos Meteorol\u00f3giai Szolg\u00e1lat cs\u00fct\u00f6rt\u00f6k\u00f6n az MTI-hez eljuttatott orsz\u00e1gos, &#8230;<\/p>\n","protected":false},"author":1,"featured_media":0,"comment_status":"open","ping_status":"closed","sticky":false,"template":"","format":"standard","meta":[],"categories":[4],"tags":[],"_links":{"self":[{"href":"https:\/\/gazdasagportal.hu\/index.php\/wp-json\/wp\/v2\/posts\/87352"}],"collection":[{"href":"https:\/\/gazdasagportal.hu\/index.php\/wp-json\/wp\/v2\/posts"}],"about":[{"href":"https:\/\/gazdasagportal.hu\/index.php\/wp-json\/wp\/v2\/types\/post"}],"author":[{"embeddable":true,"href":"https:\/\/gazdasagportal.hu\/index.php\/wp-json\/wp\/v2\/users\/1"}],"replies":[{"embeddable":true,"href":"https:\/\/gazdasagportal.hu\/index.php\/wp-json\/wp\/v2\/comments?post=87352"}],"version-history":[{"count":1,"href":"https:\/\/gazdasagportal.hu\/index.php\/wp-json\/wp\/v2\/posts\/87352\/revisions"}],"predecessor-version":[{"id":87353,"href":"https:\/\/gazdasagportal.hu\/index.php\/wp-json\/wp\/v2\/posts\/87352\/revisions\/87353"}],"wp:attachment":[{"href":"https:\/\/gazdasagportal.hu\/index.php\/wp-json\/wp\/v2\/media?parent=87352"}],"wp:term":[{"taxonomy":"category","embeddable":true,"href":"https:\/\/gazdasagportal.hu\/index.php\/wp-json\/wp\/v2\/categories?post=87352"},{"taxonomy":"post_tag","embeddable":true,"href":"https:\/\/gazdasagportal.hu\/index.php\/wp-json\/wp\/v2\/tags?post=87352"}],"curies":[{"name":"wp","href":"https:\/\/api.w.org\/{rel}","templated":true}]}}