{"id":87347,"date":"2016-12-02T04:24:43","date_gmt":"2016-12-02T03:24:43","guid":{"rendered":"http:\/\/gazdasagportal.hu\/?p=87347"},"modified":"2016-12-01T21:43:58","modified_gmt":"2016-12-01T20:43:58","slug":"a-csok-os-lakas-onreszet-vissza-lehetne-igenyelni-az-szja-bol","status":"publish","type":"post","link":"https:\/\/gazdasagportal.hu\/index.php\/a-csok-os-lakas-onreszet-vissza-lehetne-igenyelni-az-szja-bol\/","title":{"rendered":"A csok-os lak\u00e1s \u00f6nr\u00e9sz\u00e9t vissza lehetne ig\u00e9nyelni az szja-b\u00f3l"},"content":{"rendered":"<p><strong>A Minisztereln\u00f6ki Kabinetiroda a j\u00f6v\u0151 \u00e9v elej\u00e9n k\u00e9t javaslatot tesz a korm\u00e1nynak, ezek arr\u00f3l sz\u00f3lnak, hogy a teljes csok-ot \u00f6nr\u00e9szk\u00e9nt is figyelembe lehessen venni, tov\u00e1bb\u00e1, hogy a lak\u00e1sv\u00e1s\u00e1rl\u00e1s \u00f6nr\u00e9sz\u00e9t vissza lehessen ig\u00e9nyelni az szja-b\u00f3l, egy \u00e1tlaglak\u00e1s \u00e9rt\u00e9k\u00e9ig &#8211; jelentette ki Rog\u00e1n Antal az Orsz\u00e1ggy\u0171l\u00e9s igazs\u00e1g\u00fcgyi bizotts\u00e1g\u00e1nak cs\u00fct\u00f6rt\u00f6ki \u00fcl\u00e9s\u00e9n.<\/strong><!--more--><\/p>\n<div class=\"ads-in-post1\"><div id=\"gazdasagportal.hu_fullbanner_wideboard\"><\/div>\r\n<\/div>\n<p>    \u00c9ves besz\u00e1mol\u00f3j\u00e1n a kabinetirod\u00e1t vezet\u0151 miniszter elmondta: a csok alapj\u00e1n 22 ezer t\u00e1mogat\u00e1si k\u00e9relmet fogadtak be, 18 ezer szerz\u0151d\u00e9st pedig m\u00e1r megk\u00f6t\u00f6ttek csaknem 49 milli\u00e1rd forint \u00e9rt\u00e9kben. Ebb\u0151l a kett\u0151n\u00e9l t\u00f6bb gyermeket nevel\u0151 csal\u00e1dok t\u00f6bb mint 25 milli\u00e1rd forint \u00e9rt\u00e9kben vett\u00e9k ig\u00e9nybe a t\u00e1mogat\u00e1st, \u00edgy siker\u00fclt el\u00e9rni, hogy a legfontosabb c\u00e9lcsoport \u00e9rdemi t\u00e1mogat\u00e1st kapjon.<br \/>\n    Ismertette, hogy az 5 milli\u00f3 forintig ig\u00e9nyelhet\u0151 ad\u00f3visszat\u00e9r\u00edt\u00e9si t\u00e1mogat\u00e1sra t\u00f6bb mint 4 ezer k\u00e9relmet ny\u00fajtottak be, t\u00f6bb mint 17 milli\u00e1rd forint \u00e9rt\u00e9kben. Sikernek nevezte, hogy 2015 els\u0151 h\u00e1romnegyed \u00e9v\u00e9hez k\u00e9pest 2016 ugyanezen id\u0151szak\u00e1ban 14 sz\u00e1zal\u00e9kkal t\u00f6bb \u00faj lak\u00e1s \u00e9p\u00fclt.<br \/>\n    Rog\u00e1n Antal azt mondta: a minisztereln\u00f6knek a kabinetirod\u00e1val kapcsolatos k\u00e9r\u00e9se az volt, hogy keress\u00e9k meg azokat az egyet\u00e9rt\u00e9si pontokat, ahol a korm\u00e1ny az emberek t\u00f6bbs\u00e9g\u00e9nek a v\u00e9lem\u00e9ny\u00e9vel egyez\u0151 ir\u00e1nyba tud d\u00f6nt\u00e9seket hozni. Ezek k\u00f6z\u00f6tt eml\u00edtette az otthonteremt\u00e9si programot, a bev\u00e1ndorl\u00e1s k\u00e9rd\u00e9s\u00e9ben az orsz\u00e1g szuverenit\u00e1s\u00e1nak a megv\u00e9d\u00e9s\u00e9t, valamint a b\u00e9rek \u00e9s a nyugd\u00edjak emel\u00e9st, a miniszter ezeket sikernek nevezte.<br \/>\n    Hangs\u00falyozta: a Minisztereln\u00f6ki Kabinetiroda legfontosabb feladata az, hogy ism\u00e9t gy\u0151zelemre vezesse a minisztereln\u00f6k\u00f6t, hogy 2018 ut\u00e1n is Orb\u00e1n Viktornak h\u00edvj\u00e1k Magyarorsz\u00e1g minisztereln\u00f6k\u00e9t. Hozz\u00e1tette: ez az oka annak, hogy az \u0151 t\u00e1rc\u00e1j\u00e1val soha nem fognak egyet\u00e9rteni az ellenz\u00e9ki k\u00e9pvisel\u0151k. A tev\u00e9kenys\u00e9g\u00e9t \u00e9rint\u0151 ellenz\u00e9ki kritik\u00e1kra v\u00e1laszul egyebek mellett azt mondta, amikor m\u00e1sf\u00e9l \u00e9ve elv\u00e1llalta a miniszters\u00e9get, sz\u00e1m\u00edtott a v\u00e1rhat\u00f3 t\u00e1mad\u00e1sokra. Azt mondta, \u0151 addig \u00f6r\u00fcl, am\u00edg \u0151t \u00fctik, mert addig sem lesz energi\u00e1juk arra, hogy ezt a minisztereln\u00f6kkel tegy\u00e9k.<br \/>\n    Az \u00fcl\u00e9s elej\u00e9n \u00fcgyrendi vita bontakozott ki arr\u00f3l, hogy a miniszter \u00e9ves meghallgat\u00e1sa mit jelent, a tavalyi k\u00e9t \u00e9s f\u00e9l h\u00f3napos id\u0151szakot vagy az idei \u00e9vet is. A test\u00fclet v\u00e9g\u00fcl &#8211; r\u00e9szben korm\u00e1nyp\u00e1rti szavazatokkal &#8211; Rubovszky Gy\u00f6rgy (KDNP) eln\u00f6k ind\u00edtv\u00e1ny\u00e1val szemben \u00fagy d\u00f6nt\u00f6tt, a minisztert az idei \u00e9vr\u0151l is k\u00e9rdezhetik a k\u00e9pvisel\u0151k. A bizotts\u00e1gi \u00fcl\u00e9st szinte v\u00e9gig belesz\u00f3l\u00e1sok \u00e9s vit\u00e1k k\u00eds\u00e9rt\u00e9k; t\u00f6bbsz\u00f6r visszat\u00e9r\u0151 k\u00e9rd\u00e9s volt, mir\u0151l k\u00e9rdezhetik a minisztert a k\u00e9pvisel\u0151k, \u00e9s mir\u0151l nem, milyen \u00fcgyek hozhat\u00f3k \u00f6sszef\u00fcgg\u00e9sbe a hivatali tev\u00e9kenys\u00e9g\u00e9vel. Rubovszky Gy\u00f6rgy t\u00f6bbsz\u00f6ri figyelmeztet\u00e9s ut\u00e1n v\u00e9g\u00fcl kiz\u00e1rta a vit\u00e1b\u00f3l Ap\u00e1ti Istv\u00e1n jobbikos k\u00e9pvisel\u0151t.<br \/>\n    T\u00f6bb ellenz\u00e9ki k\u00e9pvisel\u0151 is tett fel k\u00e9rd\u00e9st a Rog\u00e1n Antalhoz k\u00f6thet\u0151 szem\u00e9lyekr\u0151l, k\u00f6zt\u00fck Habony \u00c1rp\u00e1dr\u00f3l \u00e9s Kert\u00e9sz Bal\u00e1zs \u00fcgyv\u00e9dr\u0151l, a miniszter v\u00e1lasz\u00e1ban mindkett\u0151j\u00fcket a bar\u00e1tainak nevezte. \u00dagy fogalmazott, azzal tal\u00e1lkozik, akivel szeretne, \u00e9s ezt nincs joguk a k\u00e9pvisel\u0151knek sz\u00e1mon k\u00e9rni rajta.<br \/>\n    A leteleped\u00e9si k\u00f6tv\u00e9nyekr\u0151l azt mondta, a korm\u00e1ny azt 2017-ben kivezeti, jelenleg a nemzetgazdas\u00e1gi t\u00e1rca jelent\u00e9s\u00e9t v\u00e1rj\u00e1k. Eml\u00e9keztetett arra, hogy a program sokat seg\u00edtett az orsz\u00e1gnak, amikor sz\u00fcks\u00e9g volt a devizafinansz\u00edroz\u00e1s megteremt\u00e9s\u00e9re. Felvetette, ha kritiz\u00e1lj\u00e1k a letelep\u00edt\u00e9si k\u00f6tv\u00e9nyek kamat\u00e1t, akkor mi\u00e9rt nem kritiz\u00e1lj\u00e1k az eur\u00f3 \u00e1llamk\u00f6tv\u00e9nyt, mert a lakoss\u00e1gnak \u00e9rt\u00e9kes\u00edtett devizaalap\u00fa \u00e1llampap\u00edr hozama jelenleg is magasabb, mint a leteleped\u00e9si k\u00f6tv\u00e9ny\u00e9.<br \/>\n    A korm\u00e1nyzat bev\u00e1ndorl\u00e1ssal kapcsolatos kommunik\u00e1ci\u00f3s \u00fczeneteit \u00e9rt kritik\u00e1kra v\u00e1laszul megjegyezte: lehet ugyan vitatkozni, de azokkal az emberek egyet\u00e9rtettek. Hozz\u00e1tette: a szocialista korm\u00e1ny volt az, amelyik a kett\u0151s \u00e1llampolg\u00e1rs\u00e1gr\u00f3l sz\u00f3l\u00f3 n\u00e9pszavaz\u00e1s idej\u00e9n magyarokat ford\u00edtott szembe magyarokkal.<br \/>\n    Az \u00fcl\u00e9sen sz\u00f3 esett az uni\u00f3 k\u00f6telez\u0151 betelep\u00edt\u00e9si kv\u00f3t\u00e1j\u00e1r\u00f3l \u00e9s a migr\u00e1ci\u00f3r\u00f3l. A miniszter arr\u00f3l besz\u00e9lt, hogy ez az a pont, amelyik az \u00faj amerikai korm\u00e1nyzat \u00e9s a magyar korm\u00e1ny \u00e1ll\u00e1spontja k\u00f6z\u00f6tti egyet\u00e9rt\u00e9st megteremtheti. Hozz\u00e1tette: b\u00edzik abban, hogy ez az \u00e1ll\u00e1spont nem csak Washingtonban, hanem Br\u00fcsszelben is \u00e9rv\u00e9nyes\u00fcl majd.<br \/>\n    Az Alkotm\u00e1nyb\u00edr\u00f3s\u00e1g (Ab) szerdai d\u00f6nt\u00e9s\u00e9t a korm\u00e1ny komoly siker\u00e9nek \u00e9s az ellenz\u00e9k egy\u00e9rtelm\u0171 veres\u00e9g\u00e9nek nevezte. &#8222;Az Ab gyakorlatilag azt mondta, hogy az orsz\u00e1g szuverenit\u00e1sa nem korl\u00e1tozhat\u00f3 olyan esetekben, amikor mi azokr\u00f3l nem mondtunk le&#8221; &#8211; fogalmazott.<br \/>\n    Az ellenz\u00e9ki k\u00e9pvisel\u0151k k\u00f6z\u00fcl t\u00f6bben is azt mondt\u00e1k, Rog\u00e1n Antal szerept\u00e9veszt\u00e9sben van, mert egy k\u00f6zp\u00e9nzb\u0151l m\u0171k\u00f6d\u0151 miniszt\u00e9riumot nem lehet p\u00e1rtpropaganda c\u00e9lj\u00e1ra haszn\u00e1lni.<br \/>\n    Teleki L\u00e1szl\u00f3 (MSZP) azt vetette fel, hogy a kabinetiroda t\u00f6bbet tehetne a rom\u00e1k jobb t\u00e1rsadalmi meg\u00edt\u00e9l\u00e9s\u00e9\u00e9rt. Rog\u00e1n Antal v\u00e1lasz\u00e1ban meg\u00edg\u00e9rte, hogy kamp\u00e1nyt ind\u00edtanak, melyben a k\u00f6zmunkaprogram rom\u00e1kat is \u00e9rint\u0151 siker\u00e9t mutatj\u00e1k majd be, azt, hogy annak k\u00f6sz\u00f6nhet\u0151en ma t\u00f6bb embernek van munk\u00e1ja.<br \/>\n    A m\u00e9dia szabads\u00e1g\u00e1t \u00e9rint\u0151 k\u00e9rd\u00e9sekre azt mondta, Magyarorsz\u00e1gon sajt\u00f3szabads\u00e1g van, \u00e9s ezt jelzik is a sokfel\u00e9 megjelen\u0151 korm\u00e1nykritik\u00e1k is. N\u00e9metorsz\u00e1ggal p\u00e1rhuzamot vonva megjegyezte, hogy ott kor\u00e1bban m\u00e9g arr\u00f3l sem lehetett besz\u00e9lni, hogy a bev\u00e1ndorl\u00f3kkal baj van.<br \/>\n    Az \u00fcl\u00e9s ut\u00e1n a H\u00edrTV k\u00e9rd\u00e9s\u00e9re azt mondta, addig nem fogadja el a megh\u00edv\u00e1sukat, am\u00edg a m\u00e9dium tulajdonosa nem k\u00e9r bocs\u00e1natot Orb\u00e1n Viktort\u00f3l.<br \/>\n    A besz\u00e1mol\u00f3 ut\u00e1n az ellenz\u00e9ki k\u00e9pvisel\u0151k k\u00f6z\u00fcl t\u00f6bben is azt mondt\u00e1k, nem kaptak v\u00e1laszt a k\u00e9rd\u00e9seikre. Rog\u00e1n Antal viszont kifejtette: sajn\u00e1lja, hogy \u00e9rdemi k\u00e9rd\u00e9sek hi\u00e1ny\u00e1ban a vita elmaradt a bevezet\u0151j\u00e9ben eml\u00edtett &#8222;egyet\u00e9rt\u00e9si pontokr\u00f3l&#8221;.<br \/>\n    A test\u00fclet a miniszteri besz\u00e1mol\u00f3t a korm\u00e1nyp\u00e1rti szavazatokkal elfogadta.(MTI)<\/p>\n","protected":false},"excerpt":{"rendered":"<p>A Minisztereln\u00f6ki Kabinetiroda a j\u00f6v\u0151 \u00e9v elej\u00e9n k\u00e9t javaslatot tesz a korm\u00e1nynak, ezek arr\u00f3l sz\u00f3lnak, hogy a teljes csok-ot \u00f6nr\u00e9szk\u00e9nt is figyelembe lehessen venni, tov\u00e1bb\u00e1, hogy a lak\u00e1sv\u00e1s\u00e1rl\u00e1s \u00f6nr\u00e9sz\u00e9t vissza lehessen ig\u00e9nyelni az szja-b\u00f3l, egy \u00e1tlaglak\u00e1s \u00e9rt\u00e9k\u00e9ig &#8211; jelentette ki Rog\u00e1n Antal az Orsz\u00e1ggy\u0171l\u00e9s igazs\u00e1g\u00fcgyi bizotts\u00e1g\u00e1nak cs\u00fct\u00f6rt\u00f6ki \u00fcl\u00e9s\u00e9n.<\/p>\n","protected":false},"author":1,"featured_media":0,"comment_status":"open","ping_status":"closed","sticky":false,"template":"","format":"standard","meta":[],"categories":[4,19],"tags":[],"_links":{"self":[{"href":"https:\/\/gazdasagportal.hu\/index.php\/wp-json\/wp\/v2\/posts\/87347"}],"collection":[{"href":"https:\/\/gazdasagportal.hu\/index.php\/wp-json\/wp\/v2\/posts"}],"about":[{"href":"https:\/\/gazdasagportal.hu\/index.php\/wp-json\/wp\/v2\/types\/post"}],"author":[{"embeddable":true,"href":"https:\/\/gazdasagportal.hu\/index.php\/wp-json\/wp\/v2\/users\/1"}],"replies":[{"embeddable":true,"href":"https:\/\/gazdasagportal.hu\/index.php\/wp-json\/wp\/v2\/comments?post=87347"}],"version-history":[{"count":1,"href":"https:\/\/gazdasagportal.hu\/index.php\/wp-json\/wp\/v2\/posts\/87347\/revisions"}],"predecessor-version":[{"id":87348,"href":"https:\/\/gazdasagportal.hu\/index.php\/wp-json\/wp\/v2\/posts\/87347\/revisions\/87348"}],"wp:attachment":[{"href":"https:\/\/gazdasagportal.hu\/index.php\/wp-json\/wp\/v2\/media?parent=87347"}],"wp:term":[{"taxonomy":"category","embeddable":true,"href":"https:\/\/gazdasagportal.hu\/index.php\/wp-json\/wp\/v2\/categories?post=87347"},{"taxonomy":"post_tag","embeddable":true,"href":"https:\/\/gazdasagportal.hu\/index.php\/wp-json\/wp\/v2\/tags?post=87347"}],"curies":[{"name":"wp","href":"https:\/\/api.w.org\/{rel}","templated":true}]}}