{"id":87345,"date":"2016-12-02T04:04:02","date_gmt":"2016-12-02T03:04:02","guid":{"rendered":"http:\/\/gazdasagportal.hu\/?p=87345"},"modified":"2016-12-01T21:41:11","modified_gmt":"2016-12-01T20:41:11","slug":"lezuhant-es-meghalt-egy-teton-dolgozo-munkas-a-karmelita-kolostor-atepitesen","status":"publish","type":"post","link":"https:\/\/gazdasagportal.hu\/index.php\/lezuhant-es-meghalt-egy-teton-dolgozo-munkas-a-karmelita-kolostor-atepitesen\/","title":{"rendered":"Lezuhant \u00e9s meghalt egy tet\u0151n dolgoz\u00f3 munk\u00e1s a Karmelita kolostor \u00e1t\u00e9p\u00edt\u00e9s\u00e9n"},"content":{"rendered":"<p><strong>Lezuhant \u00e9s meghalt egy tet\u0151n dolgoz\u00f3 munk\u00e1s a Karmelita kolostor \u00e1t\u00e9p\u00edt\u00e9s\u00e9n, L\u00e1z\u00e1r J\u00e1nos Minisztereln\u00f6ks\u00e9get vezet\u0151 miniszter azonnali vizsg\u00e1latot k\u00e9rt.<\/strong><!--more--><\/p>\n<div class=\"ads-in-post1\"><div id=\"gazdasagportal.hu_fullbanner_wideboard\"><\/div>\r\n<\/div>\n<p>    A Minisztereln\u00f6ks\u00e9g cs\u00fct\u00f6rt\u00f6ki, MTI-hez eljuttatott k\u00f6zlem\u00e9nye szerint L\u00e1z\u00e1r J\u00e1nos, mint a beruh\u00e1z\u00e1s\u00e9rt felel\u0151s Minisztereln\u00f6ks\u00e9get vezet\u0151 miniszter az eset kapcs\u00e1n utas\u00edtotta a ter\u00fcleti k\u00f6zigazgat\u00e1s\u00e9rt felel\u0151s \u00e1llamtitk\u00e1rt, hogy az illet\u00e9kes korm\u00e1nyhivatal bevon\u00e1s\u00e1val soron k\u00edv\u00fcl vizsg\u00e1lja meg az eset k\u00f6r\u00fclm\u00e9nyeit, der\u00edts\u00e9k ki, hogy a kivitelez\u00e9s sor\u00e1n betartott\u00e1k-e a munkav\u00e9delmi szab\u00e1lyokat, illetve t\u00f6rt\u00e9nt-e emberi mulaszt\u00e1s.<br \/>\n    A K\u00e9szenl\u00e9ti Rend\u0151rs\u00e9g, mint az \u00e9p\u00fclet v\u00e9delm\u00e9\u00e9rt felel\u0151s szervezet lez\u00e1rta az \u00e9rintett ter\u00fcletet \u00e9s megkezdte a t\u00f6rt\u00e9ntek felder\u00edt\u00e9s\u00e9t. A Minisztereln\u00f6ks\u00e9g r\u00e9szv\u00e9t\u00e9t fejezte ki a tragikus balesetben elhunyt szakember csal\u00e1dj\u00e1nak.(MTI)<\/p>\n","protected":false},"excerpt":{"rendered":"<p>Lezuhant \u00e9s meghalt egy tet\u0151n dolgoz\u00f3 munk\u00e1s a Karmelita kolostor \u00e1t\u00e9p\u00edt\u00e9s\u00e9n, L\u00e1z\u00e1r J\u00e1nos Minisztereln\u00f6ks\u00e9get vezet\u0151 miniszter azonnali vizsg\u00e1latot k\u00e9rt.<\/p>\n","protected":false},"author":1,"featured_media":0,"comment_status":"open","ping_status":"closed","sticky":false,"template":"","format":"standard","meta":[],"categories":[4],"tags":[],"_links":{"self":[{"href":"https:\/\/gazdasagportal.hu\/index.php\/wp-json\/wp\/v2\/posts\/87345"}],"collection":[{"href":"https:\/\/gazdasagportal.hu\/index.php\/wp-json\/wp\/v2\/posts"}],"about":[{"href":"https:\/\/gazdasagportal.hu\/index.php\/wp-json\/wp\/v2\/types\/post"}],"author":[{"embeddable":true,"href":"https:\/\/gazdasagportal.hu\/index.php\/wp-json\/wp\/v2\/users\/1"}],"replies":[{"embeddable":true,"href":"https:\/\/gazdasagportal.hu\/index.php\/wp-json\/wp\/v2\/comments?post=87345"}],"version-history":[{"count":1,"href":"https:\/\/gazdasagportal.hu\/index.php\/wp-json\/wp\/v2\/posts\/87345\/revisions"}],"predecessor-version":[{"id":87346,"href":"https:\/\/gazdasagportal.hu\/index.php\/wp-json\/wp\/v2\/posts\/87345\/revisions\/87346"}],"wp:attachment":[{"href":"https:\/\/gazdasagportal.hu\/index.php\/wp-json\/wp\/v2\/media?parent=87345"}],"wp:term":[{"taxonomy":"category","embeddable":true,"href":"https:\/\/gazdasagportal.hu\/index.php\/wp-json\/wp\/v2\/categories?post=87345"},{"taxonomy":"post_tag","embeddable":true,"href":"https:\/\/gazdasagportal.hu\/index.php\/wp-json\/wp\/v2\/tags?post=87345"}],"curies":[{"name":"wp","href":"https:\/\/api.w.org\/{rel}","templated":true}]}}