{"id":87343,"date":"2016-12-01T21:37:04","date_gmt":"2016-12-01T20:37:04","guid":{"rendered":"http:\/\/gazdasagportal.hu\/?p=87343"},"modified":"2016-12-01T21:37:04","modified_gmt":"2016-12-01T20:37:04","slug":"adotanacsado-jovore-adomentes-lehet-a-kulfoldon-nyitott-tartos-befektetesi-szamla","status":"publish","type":"post","link":"https:\/\/gazdasagportal.hu\/index.php\/adotanacsado-jovore-adomentes-lehet-a-kulfoldon-nyitott-tartos-befektetesi-szamla\/","title":{"rendered":"Ad\u00f3tan\u00e1csad\u00f3: j\u00f6v\u0151re ad\u00f3mentes lehet a k\u00fclf\u00f6ld\u00f6n nyitott tart\u00f3s befektet\u00e9si sz\u00e1mla"},"content":{"rendered":"<p><strong>Jelent\u0151s \u00f6sszeget sp\u00f3rolhat, aki 2017. janu\u00e1r 1. ut\u00e1n k\u00fclf\u00f6ldi p\u00e9nzint\u00e9zetn\u00e9l nyit tart\u00f3s befektet\u00e9si sz\u00e1ml\u00e1t (tbsz) \u00e9s id\u0151ben teljes\u00edti az ad\u00f3hat\u00f3s\u00e1g fel\u00e9 adatszolg\u00e1ltat\u00e1si k\u00f6telezetts\u00e9g\u00e9t, \u00edgy a kett\u0151s ad\u00f3z\u00e1s elker\u00fcl\u00e9s\u00e9re vonatkoz\u00f3 egyezm\u00e9nyek alapj\u00e1n a magyar szab\u00e1lyok szerinti alacsonyabb ad\u00f3kulcs, vagy \u00e9ppen a teljes ad\u00f3mentess\u00e9g vonatkozhat a sz\u00e1ml\u00e1n megszerzett j\u00f6vedelemre &#8211; h\u00edvja fel a figyelmet a Baker Tilly Hung\u00e1ria. <\/strong><!--more--><\/p>\n<div class=\"ads-in-post1\"><div id=\"gazdasagportal.hu_fullbanner_wideboard\"><\/div>\r\n<\/div>\n<p>    A nemzetk\u00f6zi ad\u00f3tan\u00e1csad\u00f3 \u00e9s k\u00f6nyvvizsg\u00e1l\u00f3 k\u00f6zlem\u00e9ny\u00e9ben ismerteti: mentes\u00fclhet a 15 sz\u00e1zal\u00e9kos kamatad\u00f3 al\u00f3l az a mag\u00e1nszem\u00e9ly, aki a k\u00fclf\u00f6ld\u00f6n nyitott tart\u00f3s befektet\u00e9si sz\u00e1ml\u00e1j\u00e1r\u00f3l a lek\u00f6t\u00e9si \u00e1tutal\u00e1st k\u00f6vet\u0151en id\u0151ben \u00e9rtes\u00edti a hazai ad\u00f3hat\u00f3s\u00e1got. A 2017. janu\u00e1rj\u00e1t\u00f3l hat\u00e1lyos t\u00f6rv\u00e9ny \u00e9rtelm\u00e9ben a sz\u00e1mla tulajdonos\u00e1nak a k\u00fclf\u00f6ld\u00f6n nyitott tbsz-r\u0151l 30 napon bel\u00fcl t\u00e1j\u00e9koztatnia kell a Nemzeti Ad\u00f3- \u00e9s V\u00e1mhivatalt (NAV) annak \u00e9rdek\u00e9ben, hogy a magyar szab\u00e1lyok szerinti alacsonyabb ad\u00f3kulcs (3 \u00e9ves lek\u00f6t\u00e9s ut\u00e1n 10 sz\u00e1zal\u00e9k), vagy az ad\u00f3mentess\u00e9g (5 \u00e9ves lek\u00f6t\u00e9s ut\u00e1n) vonatkozzon a sz\u00e1ml\u00e1n megszerzett j\u00f6vedelemre.<br \/>\n    A tan\u00e1csad\u00f3 c\u00e9g a k\u00f6zlem\u00e9nyben hangs\u00falyozza: rendk\u00edv\u00fcl fontos, hogy a sz\u00e1mlatulajdonos k\u00f6zvetlen\u00fcl az els\u0151 \u00e1tutal\u00e1s ut\u00e1n kik\u00e9rje a sz\u00fcks\u00e9ges igazol\u00e1sokat a szolg\u00e1ltat\u00f3t\u00f3l vagy a hitelint\u00e9zett\u0151l annak \u00e9rdek\u00e9ben, hogy elker\u00fclje a kett\u0151s ad\u00f3z\u00e1st, \u00e9s biztos\u00edtsa a k\u00fclf\u00f6ldi tbsz magyar ad\u00f3mentess\u00e9g\u00e9t.<br \/>\n    A bejelent\u00e9snek tartalmaznia kell a befizet\u0151 nev\u00e9t, az ad\u00f3azonos\u00edt\u00f3 jel\u00e9t, a befizetett p\u00e9nz\u00f6sszeget, az \u00e1tutalt p\u00e9nz\u00fcgyi eszk\u00f6z\u00f6ket, valamint a p\u00e9nz\u00f6sszeg \u00e9rt\u00e9k\u00e9t. A sz\u00e1mlatulajdonosnak rendelkeznie kell a k\u00fclf\u00f6ldi p\u00e9nzint\u00e9zett\u0151l egy olyan igazol\u00e1ssal, amelyb\u0151l meg\u00e1llap\u00edthat\u00f3 a tbsz-en keletkezett j\u00f6vedelem.<br \/>\n    Ennek teljes\u00edt\u00e9se eset\u00e9n a tbsz tulajdonosa mentes\u00fcl a magyar ad\u00f3 al\u00f3l, mivel a kett\u0151s ad\u00f3z\u00e1s elker\u00fcl\u00e9s\u00e9re vonatkoz\u00f3 egyezm\u00e9nyek szerint a m\u00e1sik \u00e1llam jogosult lehet a befektet\u00e9sen keletkez\u0151 j\u00f6vedelem megad\u00f3ztat\u00e1s\u00e1ra. Ha ezt valaki elmulasztja, hi\u00e1ba felelne meg a k\u00fclf\u00f6ldi tbsz a magyar szab\u00e1lyoknak, az azon keletkez\u0151 j\u00f6vedelem ut\u00e1n Magyarorsz\u00e1gon is ad\u00f3t kellene fizetni.<br \/>\n    A magyar ad\u00f3bevall\u00e1sban abban az esetben nem kell bevallani a tbsz-b\u0151l sz\u00e1rmaz\u00f3 j\u00f6vedelmet, ha m\u00e1r nem kell ut\u00e1na ad\u00f3t fizetni, azaz az 5 \u00e9ves lej\u00e1rat ut\u00e1n. Kor\u00e1bbi megsz\u00fcntet\u00e9s eset\u00e9n a bevall\u00e1sban a j\u00f6vedelmet \u00e9s az azt terhel\u0151 10, vagy 15 sz\u00e1zal\u00e9kos ad\u00f3t szerepeltetni kell. 2017. janu\u00e1r 1-j\u00e9t\u0151l a kamat ut\u00e1n fizetend\u0151 6 sz\u00e1zal\u00e9kos eg\u00e9szs\u00e9g\u00fcgyi hozz\u00e1j\u00e1rul\u00e1st (eho) elt\u00f6r\u00f6lt\u00e9k. (MTI)<\/p>\n","protected":false},"excerpt":{"rendered":"<p>Jelent\u0151s \u00f6sszeget sp\u00f3rolhat, aki 2017. janu\u00e1r 1. ut\u00e1n k\u00fclf\u00f6ldi p\u00e9nzint\u00e9zetn\u00e9l nyit tart\u00f3s befektet\u00e9si sz\u00e1ml\u00e1t (tbsz) \u00e9s id\u0151ben teljes\u00edti az ad\u00f3hat\u00f3s\u00e1g fel\u00e9 adatszolg\u00e1ltat\u00e1si k\u00f6telezetts\u00e9g\u00e9t, \u00edgy a kett\u0151s ad\u00f3z\u00e1s elker\u00fcl\u00e9s\u00e9re vonatkoz\u00f3 egyezm\u00e9nyek alapj\u00e1n a magyar szab\u00e1lyok szerinti alacsonyabb ad\u00f3kulcs, vagy \u00e9ppen a teljes ad\u00f3mentess\u00e9g vonatkozhat a sz\u00e1ml\u00e1n megszerzett j\u00f6vedelemre &#8211; h\u00edvja fel a figyelmet a Baker Tilly &#8230;<\/p>\n","protected":false},"author":1,"featured_media":0,"comment_status":"open","ping_status":"closed","sticky":false,"template":"","format":"standard","meta":[],"categories":[19],"tags":[],"_links":{"self":[{"href":"https:\/\/gazdasagportal.hu\/index.php\/wp-json\/wp\/v2\/posts\/87343"}],"collection":[{"href":"https:\/\/gazdasagportal.hu\/index.php\/wp-json\/wp\/v2\/posts"}],"about":[{"href":"https:\/\/gazdasagportal.hu\/index.php\/wp-json\/wp\/v2\/types\/post"}],"author":[{"embeddable":true,"href":"https:\/\/gazdasagportal.hu\/index.php\/wp-json\/wp\/v2\/users\/1"}],"replies":[{"embeddable":true,"href":"https:\/\/gazdasagportal.hu\/index.php\/wp-json\/wp\/v2\/comments?post=87343"}],"version-history":[{"count":1,"href":"https:\/\/gazdasagportal.hu\/index.php\/wp-json\/wp\/v2\/posts\/87343\/revisions"}],"predecessor-version":[{"id":87344,"href":"https:\/\/gazdasagportal.hu\/index.php\/wp-json\/wp\/v2\/posts\/87343\/revisions\/87344"}],"wp:attachment":[{"href":"https:\/\/gazdasagportal.hu\/index.php\/wp-json\/wp\/v2\/media?parent=87343"}],"wp:term":[{"taxonomy":"category","embeddable":true,"href":"https:\/\/gazdasagportal.hu\/index.php\/wp-json\/wp\/v2\/categories?post=87343"},{"taxonomy":"post_tag","embeddable":true,"href":"https:\/\/gazdasagportal.hu\/index.php\/wp-json\/wp\/v2\/tags?post=87343"}],"curies":[{"name":"wp","href":"https:\/\/api.w.org\/{rel}","templated":true}]}}